{"id":4479,"date":"2024-09-25T12:07:22","date_gmt":"2024-09-25T10:07:22","guid":{"rendered":"https:\/\/adwokatura.krakow.pl\/adwokaci-i-aplikanci\/?p=4479"},"modified":"2024-09-25T12:17:28","modified_gmt":"2024-09-25T10:17:28","slug":"szkolenia-z-zasad-reprezentacji-dziecka","status":"publish","type":"post","link":"https:\/\/adwokatura.krakow.pl\/adwokaci-i-aplikanci\/szkolenia-z-zasad-reprezentacji-dziecka\/","title":{"rendered":"Szkolenia z zasad reprezentacji dziecka"},"content":{"rendered":"\n<p><em>Szanowna Pani Mecenas, Szanowny Panie Mecenasie,<\/em><\/p>\n\n\n\n<p>Niniejszym informuj\u0119, \u017ce 2 sierpnia 2024 r. wesz\u0142o w \u017cycie <strong>\u201e<em>Rozporz\u0105dzenie Ministra Sprawiedliwo\u015bci z dnia 29 lipca 2029 r. w sprawie sposobu zapewnienia reprezentacji dziecka przez reprezentanta dziecka\u201d<\/em><\/strong>zobowi\u0105zuj\u0105ce m.in. okr\u0119gowe rady adwokackie do sporz\u0105dzenia listy adwokat\u00f3w deklaruj\u0105cych gotowo\u015b\u0107 do reprezentowania dziecka w post\u0119powaniach s\u0105dowych.<\/p>\n\n\n\n<p>W przypadku wyra\u017cenia zgody na reprezentacje dziecka adwokat winien spe\u0142nia\u0107 wymogi art. 99<sup>1<\/sup> \u00a7 1 Kodeksu rodzinnego i opieku\u0144czego zgodnie z kt\u00f3rym <strong><em>\u201eReprezentantem dziecka mo\u017ce by\u0107 ustanowiony adwokat lub radca prawny, kt\u00f3ry wykazuje szczeg\u00f3ln\u0105 znajomo\u015b\u0107 spraw dotycz\u0105cych dziecka, tego samego rodzaju lub rodzajowo odpowiadaj\u0105cych sprawie, w kt\u00f3rej wymagana jest reprezentacja dziecka, <u>lub uko\u0144czy\u0142 szkolenie dotycz\u0105ce zasad reprezentacji dziecka, praw lub potrzeb dziecka<\/u><\/em><u>\u201d.<\/u><\/strong><\/p>\n\n\n\n<p>Zgodnie z \u00a7 13 rozporz\u0105dzenia ww. program szkolenia umo\u017cliwiaj\u0105cego nabycie lub podniesienie kompetencji niezb\u0119dnych do w\u0142a\u015bciwego reprezentowania dziecka obejmuje zagadnienia dotycz\u0105ce zasad reprezentacji dziecka, praw lub potrzeb dziecka, w tym:<\/p>\n\n\n\n<p>1) prawne aspekty reprezentacji dziecka;<\/p>\n\n\n\n<p>2) psychologiczne aspekty reprezentacji dziecka, w tym potrzeby dziecka wynikaj\u0105ce z wieku i mo\u017cliwo\u015bci rozwojowych;<\/p>\n\n\n\n<p>3) komunikacj\u0119 z dzieckiem, w tym z dzieckiem z niepe\u0142nosprawno\u015bciami, dzieckiem o z\u0142o\u017conych potrzebach w komunikowaniu si\u0119.<\/p>\n\n\n\n<p>Uprzejmie wskazujemy, \u017ce na portalu e-palestra znajduj\u0105 si\u0119 wyk\u0142ady wideo, kt\u00f3re w istotnej cz\u0119\u015bci obejmuj\u0105 tematyk\u0105 opisan\u0105 powy\u017cej:<\/p>\n\n\n\n<p><\/p>\n\n\n\n<ol class=\"wp-block-list\" start=\"1\">\n<li><strong>Psychologiczne aspekty reprezentacji dziecka w&nbsp;post\u0119powaniu karnym <\/strong>(wyk\u0142ad z&nbsp;28.02.2024r.) \u2013<\/li>\n<\/ol>\n\n\n\n<p>Prowadz\u0105cy:<strong> Alicja Budzy\u0144ska<\/strong><\/p>\n\n\n\n<p><strong>Wyk\u0142ad trwa 2h51 minut<\/strong><\/p>\n\n\n<a class=\"button button--zielony-ze-strzalka\" href=\"https:\/\/palestra.pl\/pl\/e-palestra\/24\/2024\/psychologiczne-aspekty-reprezentacji-dziecka-w-postepowaniu-karnym-wyklad-z-28.02.2024r\">\n        LINK DO WYK\u0141ADU<\/a>\n\n\n\n<p><\/p>\n\n\n\n<ol class=\"wp-block-list\" start=\"2\">\n<li><strong>Praktyczne aspekty reprezentacji dziecka w post\u0119powaniu karnym <\/strong>(wyk\u0142ad z 21.02.2024r.) \u2013<\/li>\n<\/ol>\n\n\n\n<p>Prowadz\u0105cy:&nbsp;<strong>adw. Emilia Naumann<\/strong><\/p>\n\n\n\n<p><strong>Wyk\u0142ad trwa 2h40 minut<\/strong><\/p>\n\n\n<a class=\"button button--zielony-ze-strzalka\" href=\"https:\/\/palestra.pl\/pl\/e-palestra\/19\/2024\/praktyczne-aspekty-reprezentacji-dziecka-w-postepowaniu-karnym-wyklad-z-21.02.2024r\">\n        LINK DO WYK\u0141ADU<\/a>\n\n\n\n<p><\/p>\n\n\n\n<ol class=\"wp-block-list\" start=\"3\">\n<li><strong>Najnowsze zmiany legislacyjne dotycz\u0105ce reprezentacji dziecka w post\u0119powaniu karnym <\/strong>(wyk\u0142ad z 07.02.2024r.) \u2013<\/li>\n<\/ol>\n\n\n\n<p>Prowadz\u0105cy: <strong>adw. dr Katarzyna Wi\u015bniewska, adw. <\/strong><strong>Marcin Wolny<\/strong><\/p>\n\n\n\n<p><strong>Wyk\u0142ad trwa 1h 56 min<\/strong><\/p>\n\n\n<a class=\"button button--zielony-ze-strzalka\" href=\"https:\/\/palestra.pl\/pl\/e-palestra\/10\/2024\/najnowsze-zmiany-legislacyjne-dotyczace-reprezentacji-dziecka-w-postepowaniu-karnym-wyklad-z-07.02.2024r\">\n        LINK DO WYK\u0141ADU<\/a>\n\n\n\n<p>Osoby zainteresowane zach\u0119camy do odbycia szkole\u0144.<\/p>\n\n\n\n<p>Wychodz\u0105c naprzeciw oczekiwaniom \u015brodowiska informuj\u0119, \u017ce dodatkowe szkolenie: <strong>\u201ePraktyczne&nbsp; aspekty reprezentacji dziecka <\/strong>&nbsp;<strong>przez <\/strong>&nbsp;<strong>reprezentanta dziecka\u201d<\/strong> zosta\u0142o zaplanowane &nbsp;na dzie\u0144 :<\/p>\n\n\n\n<p>Linki do szkole\u0144 podamy w osobnych informacjach.<\/p>\n\n\n\n<p>21 pa\u017adziernik 2024 r. &#8211; <strong>Praktyczne aspekty reprezentacji dziecka <\/strong>(180 min) Prowadz\u0105cy:&nbsp;<strong>adw. Emilia Naumann<\/strong><\/p>\n\n\n\n<p>25 pa\u017adziernik 2024 r.- <strong>Komunikacja z dzieckiem, w tym z dzieckiem z niepe\u0142nosprawno\u015bciami, dzieckiem o z\u0142o\u017conych potrzebach w komunikowaniu si\u0119 <\/strong>(180 min) Prowadz\u0105cy:&nbsp;<strong>dr Teresa Panas<\/strong><\/p>\n\n\n\n<p><em>Komisja Doskonalenia Zawodowego przy NRA, ul. \u015awi\u0119tojerska 16, 00-202 Warszawa, tel. +48 22&nbsp;505 25 02, e-mail: <a href=\"mailto:magda.kostrzewa@nra.pl\">magda.kostrzewa@nra.pl<\/a><\/em><\/p>\n","protected":false},"excerpt":{"rendered":"<p>Szanowna Pani Mecenas, Szanowny Panie Mecenasie, Niniejszym informuj\u0119, \u017ce 2 sierpnia 2024 r. wesz\u0142o w \u017cycie \u201eRozporz\u0105dzenie Ministra Sprawiedliwo\u015bci z dnia 29 lipca 2029 r. w sprawie sposobu zapewnienia reprezentacji dziecka przez reprezentanta dziecka\u201dzobowi\u0105zuj\u0105ce m.in. okr\u0119gowe rady adwokackie do sporz\u0105dzenia listy adwokat\u00f3w deklaruj\u0105cych gotowo\u015b\u0107 do reprezentowania dziecka w post\u0119powaniach s\u0105dowych. W przypadku wyra\u017cenia zgody na [&hellip;]<\/p>\n","protected":false},"author":9,"featured_media":0,"comment_status":"closed","ping_status":"closed","sticky":false,"template":"","format":"standard","meta":{"_acf_changed":false,"inline_featured_image":false,"footnotes":""},"categories":[6],"tags":[66,65,30,67],"class_list":["post-4479","post","type-post","status-publish","format-standard","hentry","category-artykuly","tag-dziecko","tag-reprezentant-dziecka","tag-szkolenie","tag-szkolenie-nra"],"acf":[],"_links":{"self":[{"href":"https:\/\/adwokatura.krakow.pl\/adwokaci-i-aplikanci\/wp-json\/wp\/v2\/posts\/4479","targetHints":{"allow":["GET"]}}],"collection":[{"href":"https:\/\/adwokatura.krakow.pl\/adwokaci-i-aplikanci\/wp-json\/wp\/v2\/posts"}],"about":[{"href":"https:\/\/adwokatura.krakow.pl\/adwokaci-i-aplikanci\/wp-json\/wp\/v2\/types\/post"}],"author":[{"embeddable":true,"href":"https:\/\/adwokatura.krakow.pl\/adwokaci-i-aplikanci\/wp-json\/wp\/v2\/users\/9"}],"replies":[{"embeddable":true,"href":"https:\/\/adwokatura.krakow.pl\/adwokaci-i-aplikanci\/wp-json\/wp\/v2\/comments?post=4479"}],"version-history":[{"count":9,"href":"https:\/\/adwokatura.krakow.pl\/adwokaci-i-aplikanci\/wp-json\/wp\/v2\/posts\/4479\/revisions"}],"predecessor-version":[{"id":4490,"href":"https:\/\/adwokatura.krakow.pl\/adwokaci-i-aplikanci\/wp-json\/wp\/v2\/posts\/4479\/revisions\/4490"}],"wp:attachment":[{"href":"https:\/\/adwokatura.krakow.pl\/adwokaci-i-aplikanci\/wp-json\/wp\/v2\/media?parent=4479"}],"wp:term":[{"taxonomy":"category","embeddable":true,"href":"https:\/\/adwokatura.krakow.pl\/adwokaci-i-aplikanci\/wp-json\/wp\/v2\/categories?post=4479"},{"taxonomy":"post_tag","embeddable":true,"href":"https:\/\/adwokatura.krakow.pl\/adwokaci-i-aplikanci\/wp-json\/wp\/v2\/tags?post=4479"}],"curies":[{"name":"wp","href":"https:\/\/api.w.org\/{rel}","templated":true}]}}