{"id":4528,"date":"2024-10-07T10:04:09","date_gmt":"2024-10-07T08:04:09","guid":{"rendered":"https:\/\/adwokatura.krakow.pl\/adwokaci-i-aplikanci\/?p=4528"},"modified":"2024-10-07T11:46:14","modified_gmt":"2024-10-07T09:46:14","slug":"panel-dyskusyjny-prokuratura-regionalna-w-krakowie","status":"publish","type":"post","link":"https:\/\/adwokatura.krakow.pl\/adwokaci-i-aplikanci\/panel-dyskusyjny-prokuratura-regionalna-w-krakowie\/","title":{"rendered":"PANEL DYSKUSYJNY- Prokuratura Regionalna w Krakowie"},"content":{"rendered":"\n<p><strong>pt. \u201eGwarancje procesowe w kontek\u015bcie dyrektywy Parlamentu Europejskiego i Rady 2013\/48\/UE z dnia 22 pa\u017adziernika 2013 r.<br>w sprawie prawa dost\u0119pu do adwokata w post\u0119powaniu karnym<br>i w post\u0119powaniu dotycz\u0105cym europejskiego nakazu aresztowania<br>oraz w sprawie prawa do poinformowania osoby trzeciej o pozbawieniu wolno\u015bci i prawa do porozumiewania si\u0119 z osobami trzecimi<br>i organami konsularnymi w czasie pozbawienia wolno\u015bci\u201d<\/strong><\/p>\n\n\n\n<p>termin: <strong>11 pa\u017adziernika 2024 roku godz.10:00-14:00<\/strong><\/p>\n\n\n\n<p>miejsce: <strong>aula Krajowej Szko\u0142y S\u0105downictwa i Prokuratury w Krakowie<\/strong><\/p>\n\n\n\n<p><em>Prokuratura Regionalna w Krakowie, pod patronatem Prokuratora Generalnego &#8211; Ministra Sprawiedliwo\u015bci oraz Krajowej Rady Prokurator\u00f3w przy Prokuratorze Generalnym organizuje panel dyskusyjny z udzia\u0142em przedstawicieli prawniczych korporacji. <strong>Wydarzeniem tym pragniemy uczci\u0107 pami\u0119\u0107 zm. w dniu 1 stycznia 2024 roku Pana Prokuratora Aleksandra Herzoga &#8211; wybitnego Prokuratora oraz dzia\u0142acza spo\u0142ecznego, postrzeganego przez \u015brodowisko zwi\u0105zane z wymiarem sprawiedliwo\u015bci jako autorytet etyczny i zawodowy<\/strong><\/em><\/p>\n\n\n\n<p><strong>10:00-10:15 &#8211; <\/strong>powitanie uczestnik\u00f3w panelu, laudacja ku czci Pana prokuratora Aleksandra Herzoga<\/p>\n\n\n\n<p><strong>10:15-11:00&nbsp;&#8211; <\/strong>wyst\u0105pienie Pani prof. Ma\u0142gorzaty W\u0105sek &#8211; Wiaderek SSN oraz Pana prof. S\u0142awomira Steinborna SSA \u2013 cz\u0142onk\u00f3w Komisji Kodyfikacyjnej Prawa Karnego<\/p>\n\n\n\n<p><strong>11:00-11:30<\/strong> &#8211; przerwa kawowa<\/p>\n\n\n\n<p><strong>11:30-14:00 &#8211; <\/strong>dyskusja z udzia\u0142em Wiceprezesa S\u0105du Apelacyjnego w Krakowie SSA Tomasza Szyma\u0144skiego, Dziekana Okr\u0119gowej Rady Adwokackiej adw. Aleksandra Guta oraz przedstawiciela ORA w Krakowie dra Wojciecha G\u00f3rowskiego, a tak\u017ce przedstawiciela Okr\u0119gowej Izby Radc\u00f3w Prawnych w Krakowie prof. dra hab. Micha\u0142a Rusinka oraz Wizytatora Prokuratury Regionalnej w Krakowie PPR Seweryna Borka<\/p>\n\n\n<div class=\"zalaczniki\">\n    \n    <div class=\"zalaczniki__wrap\">\n                        <div class=\"zalaczniki__single\">\n                <div class=\"zalaczniki__first\">\n                    <p class=\"zalaczniki__title\">\n                                                    KKPK uzasadnienie projektu                                            <\/p>\n                    <p class=\"zalaczniki__file-name\">\n                                                    KKPK-uzasadnienie-projektu.docx                                            <\/p>\n                <\/div>\n                <div class=\"zalaczniki__middle\">\n                                        <a href=\"https:\/\/adwokatura.krakow.pl\/adwokaci-i-aplikanci\/wp-content\/uploads\/sites\/2\/2024\/10\/KKPK-uzasadnienie-projektu.docx\">Zobacz plik<\/a>\n                                    <\/div>\n                <div class=\"zalaczniki__last\">\n                                        <a download href=\"https:\/\/adwokatura.krakow.pl\/adwokaci-i-aplikanci\/wp-content\/uploads\/sites\/2\/2024\/10\/KKPK-uzasadnienie-projektu.docx\">\n                            <img decoding=\"async\" src=\"https:\/\/adwokatura.krakow.pl\/adwokaci-i-aplikanci\/wp-content\/themes\/kia\/dist\/images\/download.svg\" alt=\"download\">\n                        <\/a>\n                                    <\/div>\n               \n            <\/div>\n                    <div class=\"zalaczniki__single\">\n                <div class=\"zalaczniki__first\">\n                    <p class=\"zalaczniki__title\">\n                                                    KKPK &#8211; projekt ustawy o zmianie ustawy &#8211; Kodeks karny oraz niekt\u00f3rych innych ustaw                                            <\/p>\n                    <p class=\"zalaczniki__file-name\">\n                                                    KKPK-projekt-ustawy-o-zmianie-ustawy-Kodeks-karny-oraz-niektorych-innych-ustaw.docx                                            <\/p>\n                <\/div>\n                <div class=\"zalaczniki__middle\">\n                                        <a href=\"https:\/\/adwokatura.krakow.pl\/adwokaci-i-aplikanci\/wp-content\/uploads\/sites\/2\/2024\/10\/KKPK-projekt-ustawy-o-zmianie-ustawy-Kodeks-karny-oraz-niektorych-innych-ustaw.docx\">Zobacz plik<\/a>\n                                    <\/div>\n                <div class=\"zalaczniki__last\">\n                                        <a download href=\"https:\/\/adwokatura.krakow.pl\/adwokaci-i-aplikanci\/wp-content\/uploads\/sites\/2\/2024\/10\/KKPK-projekt-ustawy-o-zmianie-ustawy-Kodeks-karny-oraz-niektorych-innych-ustaw.docx\">\n                            <img decoding=\"async\" src=\"https:\/\/adwokatura.krakow.pl\/adwokaci-i-aplikanci\/wp-content\/themes\/kia\/dist\/images\/download.svg\" alt=\"download\">\n                        <\/a>\n                                    <\/div>\n               \n            <\/div>\n                <\/div>\n<\/div>","protected":false},"excerpt":{"rendered":"<p>pt. \u201eGwarancje procesowe w kontek\u015bcie dyrektywy Parlamentu Europejskiego i Rady 2013\/48\/UE z dnia 22 pa\u017adziernika 2013 r.w sprawie prawa dost\u0119pu do adwokata w post\u0119powaniu karnymi w post\u0119powaniu dotycz\u0105cym europejskiego nakazu aresztowaniaoraz w sprawie prawa do poinformowania osoby trzeciej o pozbawieniu wolno\u015bci i prawa do porozumiewania si\u0119 z osobami trzecimii organami konsularnymi w czasie pozbawienia wolno\u015bci\u201d [&hellip;]<\/p>\n","protected":false},"author":9,"featured_media":0,"comment_status":"closed","ping_status":"closed","sticky":false,"template":"","format":"standard","meta":{"_acf_changed":false,"inline_featured_image":false,"footnotes":""},"categories":[6],"tags":[],"class_list":["post-4528","post","type-post","status-publish","format-standard","hentry","category-artykuly"],"acf":[],"_links":{"self":[{"href":"https:\/\/adwokatura.krakow.pl\/adwokaci-i-aplikanci\/wp-json\/wp\/v2\/posts\/4528","targetHints":{"allow":["GET"]}}],"collection":[{"href":"https:\/\/adwokatura.krakow.pl\/adwokaci-i-aplikanci\/wp-json\/wp\/v2\/posts"}],"about":[{"href":"https:\/\/adwokatura.krakow.pl\/adwokaci-i-aplikanci\/wp-json\/wp\/v2\/types\/post"}],"author":[{"embeddable":true,"href":"https:\/\/adwokatura.krakow.pl\/adwokaci-i-aplikanci\/wp-json\/wp\/v2\/users\/9"}],"replies":[{"embeddable":true,"href":"https:\/\/adwokatura.krakow.pl\/adwokaci-i-aplikanci\/wp-json\/wp\/v2\/comments?post=4528"}],"version-history":[{"count":8,"href":"https:\/\/adwokatura.krakow.pl\/adwokaci-i-aplikanci\/wp-json\/wp\/v2\/posts\/4528\/revisions"}],"predecessor-version":[{"id":4539,"href":"https:\/\/adwokatura.krakow.pl\/adwokaci-i-aplikanci\/wp-json\/wp\/v2\/posts\/4528\/revisions\/4539"}],"wp:attachment":[{"href":"https:\/\/adwokatura.krakow.pl\/adwokaci-i-aplikanci\/wp-json\/wp\/v2\/media?parent=4528"}],"wp:term":[{"taxonomy":"category","embeddable":true,"href":"https:\/\/adwokatura.krakow.pl\/adwokaci-i-aplikanci\/wp-json\/wp\/v2\/categories?post=4528"},{"taxonomy":"post_tag","embeddable":true,"href":"https:\/\/adwokatura.krakow.pl\/adwokaci-i-aplikanci\/wp-json\/wp\/v2\/tags?post=4528"}],"curies":[{"name":"wp","href":"https:\/\/api.w.org\/{rel}","templated":true}]}}