{"id":4591,"date":"2024-10-18T10:28:53","date_gmt":"2024-10-18T08:28:53","guid":{"rendered":"https:\/\/adwokatura.krakow.pl\/adwokaci-i-aplikanci\/?p=4591"},"modified":"2024-10-18T10:30:39","modified_gmt":"2024-10-18T08:30:39","slug":"xiii-dka-zmiany-wazne-informacje","status":"publish","type":"post","link":"https:\/\/adwokatura.krakow.pl\/adwokaci-i-aplikanci\/xiii-dka-zmiany-wazne-informacje\/","title":{"rendered":"XIII DKA &#8211; ZMIANY &#8211; WA\u017bNE INFORMACJE!"},"content":{"rendered":"\n<p>Naj\u015bwie\u017csze informacje z \u201eplacu boju\u201d, tj. DKA &#8211; 18-20 PA\u0179DZIERNIKA 2024<\/p>\n\n\n\n<p>Szanowni Pa\u0144stwo<\/p>\n\n\n\n<p>Zapisani na cho\u0107 jedno wydarzenie w ramach DKA<\/p>\n\n\n\n<p>Z upowa\u017cnienia Pana Mecenasa Stanis\u0142awa K\u0142ysa przekazuj\u0119 naj\u015bwie\u017csze informacje z \u201eplacu boju\u201d, tj. DKA:<\/p>\n\n\n\n<p><strong>1). <\/strong>W pierwszym dniu 18 pa\u017adziernika w pi\u0105tek ZMIANA o godzinie 9:45 w Mi\u0119dzynarodowym Centrum Kultury w Krakowie (Rynek G\u0142\u00f3wny 25) odb\u0119dzie si\u0119 wyk\u0142ad inauguracyjny znawcy kultury i Krakowa prof. dr. hab. Jacka Purchli pt. \u201eKt\u00f3\u017c wypowie Twoje pi\u0119kno Krakowie prastary&#8230;\u201d o \u015bwiadomym prze\u017cywaniu urody tego miasta.<\/p>\n\n\n\n<p>18 pa\u017adziernika w pi\u0105tek o godzinie 11:45 uroczyste ods\u0142oni\u0119cie o\u0142tarza Wita Stwosza w Ko\u015bciele Mariackim w Krakowie (Plac Mariacki 5).<\/p>\n\n\n\n<p>18 pa\u017adziernika spektakl w teatrze Variete, godz.19.00 przy ul. Grzeg\u00f3rzecka 71.<\/p>\n\n\n\n<p>bilety s\u0105 dost\u0119pne do odbioru w biurze Rady, b\u0105d\u017a u Pracownik\u00f3w KIA tu\u017c przed przedstawieniem.<\/p>\n\n\n\n<p><strong>2).<\/strong> Sobota: odjazd do Ojcowa o 9:30.<\/p>\n\n\n\n<p>Tu przesy\u0142am dok\u0142adn\u0105 lokalizacj\u0119, gdzie b\u0119d\u0105 czeka\u0142y autokary, ze wzgl\u0119du na remonty trwaj\u0105ce w okolicy placu na Groblach\u2013 koniec ulicy Dietla przed mostem Grunwaldzkim- po stronie Wawelu <img loading=\"lazy\" decoding=\"async\" height=\"16\" width=\"16\" alt=\"\ud83d\ude0a\" src=\"https:\/\/static.xx.fbcdn.net\/images\/emoji.php\/v9\/t7f\/1\/16\/1f60a.png\"> &#8211; DOD. MAPKA TERENOWA!<\/p>\n\n\n\n<figure class=\"wp-block-embed\"><div class=\"wp-block-embed__wrapper\">\nhttps:\/\/maps.app.goo.gl\/kY7uRs8bBs9wX5SK8\n<\/div><\/figure>\n\n\n\n<p>Od godziny 10:00 w Czajowicach b\u0119dzie oczekiwa\u0142 na Pa\u0144stwa na parkingu, ok 120 metr\u00f3w od Grota Kr\u00f3la W\u0142adys\u0142awa \u0141okietka przewodnik Pan Andrzej Feliksik. Wst\u0119p do Groty jest p\u0142atny oko\u0142o 20 z\u0142otych od osoby po zni\u017ckach. Nast\u0119pnie po oko\u0142o 40 min zej\u015bcie do Bramy Krakowskiej, a potem Dolin\u0105 Pr\u0105dnika wraz z przewodnikiem do autobusu. Przej\u015bcie nie jest trudne, a autobusy jako \u017ce jest to Park Narodowy nie s\u0105 tam w og\u00f3le wpuszczane. P\u00f3\u017aniej Zamek w Piaskowej Skale. Wst\u0119p do Zamku p\u0142atny, a oprowadzaj\u0105cym b\u0119dzie Kustosz Olgierd Miko\u0142ajski. Na zamku b\u0119dzie czynna restauracja, gdzie b\u0119dzie mo\u017cna si\u0119 posili\u0107. Wyjazd zaplanowany jest na godzin\u0119 oko\u0142o 16:30 \u2013 16:45, tak aby po 17 by\u0107 w Krakowie.<\/p>\n\n\n\n<p>Piwnica o godzinie 20:00. Co tam si\u0119 b\u0119dzie dzia\u0142o, to trudno powiedzie\u0107 <img loading=\"lazy\" decoding=\"async\" height=\"16\" width=\"16\" alt=\"\ud83d\ude0a\" src=\"https:\/\/static.xx.fbcdn.net\/images\/emoji.php\/v9\/t7f\/1\/16\/1f60a.png\"><\/p>\n\n\n\n<p><strong>3).<\/strong> Niedziela 20 pa\u017adziernika o godzinie 10:00 Msza \u0141aci\u0144ska w Ko\u015bciele Mariackim w intencji Adwokatury Polskiej, kt\u00f3r\u0105 odprawi Ksi\u0105dz Infu\u0142at dr Dariusz Ra\u015b<\/p>\n\n\n\n<div class=\"wp-block-columns is-layout-flex wp-container-core-columns-is-layout-9d6595d7 wp-block-columns-is-layout-flex\">\n<div class=\"wp-block-column is-layout-flow wp-block-column-is-layout-flow\">\n<figure class=\"wp-block-image size-large is-resized\"><img loading=\"lazy\" decoding=\"async\" width=\"724\" height=\"1024\" src=\"https:\/\/adwokatura.krakow.pl\/adwokaci-i-aplikanci\/wp-content\/uploads\/sites\/2\/2024\/10\/463266433_1123730646422390_4063035213467392639_n-724x1024.jpg\" alt=\"\" class=\"wp-image-4592\" style=\"width:416px;height:auto\" srcset=\"https:\/\/adwokatura.krakow.pl\/adwokaci-i-aplikanci\/wp-content\/uploads\/sites\/2\/2024\/10\/463266433_1123730646422390_4063035213467392639_n-724x1024.jpg 724w, https:\/\/adwokatura.krakow.pl\/adwokaci-i-aplikanci\/wp-content\/uploads\/sites\/2\/2024\/10\/463266433_1123730646422390_4063035213467392639_n-212x300.jpg 212w, https:\/\/adwokatura.krakow.pl\/adwokaci-i-aplikanci\/wp-content\/uploads\/sites\/2\/2024\/10\/463266433_1123730646422390_4063035213467392639_n-768x1086.jpg 768w, https:\/\/adwokatura.krakow.pl\/adwokaci-i-aplikanci\/wp-content\/uploads\/sites\/2\/2024\/10\/463266433_1123730646422390_4063035213467392639_n-1086x1536.jpg 1086w, https:\/\/adwokatura.krakow.pl\/adwokaci-i-aplikanci\/wp-content\/uploads\/sites\/2\/2024\/10\/463266433_1123730646422390_4063035213467392639_n.jpg 1448w\" sizes=\"auto, (max-width: 724px) 100vw, 724px\" \/><\/figure>\n<\/div>\n\n\n\n<div class=\"wp-block-column is-layout-flow wp-block-column-is-layout-flow\">\n<figure class=\"wp-block-image size-large is-resized\"><img loading=\"lazy\" decoding=\"async\" width=\"1024\" height=\"452\" src=\"https:\/\/adwokatura.krakow.pl\/adwokaci-i-aplikanci\/wp-content\/uploads\/sites\/2\/2024\/10\/463365879_1123730626422392_2755335813284657843_n-1024x452.jpg\" alt=\"\" class=\"wp-image-4593\" style=\"width:620px;height:auto\" srcset=\"https:\/\/adwokatura.krakow.pl\/adwokaci-i-aplikanci\/wp-content\/uploads\/sites\/2\/2024\/10\/463365879_1123730626422392_2755335813284657843_n-1024x452.jpg 1024w, https:\/\/adwokatura.krakow.pl\/adwokaci-i-aplikanci\/wp-content\/uploads\/sites\/2\/2024\/10\/463365879_1123730626422392_2755335813284657843_n-300x132.jpg 300w, https:\/\/adwokatura.krakow.pl\/adwokaci-i-aplikanci\/wp-content\/uploads\/sites\/2\/2024\/10\/463365879_1123730626422392_2755335813284657843_n-768x339.jpg 768w, https:\/\/adwokatura.krakow.pl\/adwokaci-i-aplikanci\/wp-content\/uploads\/sites\/2\/2024\/10\/463365879_1123730626422392_2755335813284657843_n-1536x678.jpg 1536w, https:\/\/adwokatura.krakow.pl\/adwokaci-i-aplikanci\/wp-content\/uploads\/sites\/2\/2024\/10\/463365879_1123730626422392_2755335813284657843_n.jpg 1903w\" sizes=\"auto, (max-width: 1024px) 100vw, 1024px\" \/><\/figure>\n<\/div>\n<\/div>\n\n\n\n<p><\/p>\n","protected":false},"excerpt":{"rendered":"<p>Naj\u015bwie\u017csze informacje z \u201eplacu boju\u201d, tj. DKA &#8211; 18-20 PA\u0179DZIERNIKA 2024 Szanowni Pa\u0144stwo Zapisani na cho\u0107 jedno wydarzenie w ramach DKA Z upowa\u017cnienia Pana Mecenasa Stanis\u0142awa K\u0142ysa przekazuj\u0119 naj\u015bwie\u017csze informacje z \u201eplacu boju\u201d, tj. DKA: 1). W pierwszym dniu 18 pa\u017adziernika w pi\u0105tek ZMIANA o godzinie 9:45 w Mi\u0119dzynarodowym Centrum Kultury w Krakowie (Rynek G\u0142\u00f3wny [&hellip;]<\/p>\n","protected":false},"author":9,"featured_media":0,"comment_status":"closed","ping_status":"closed","sticky":false,"template":"","format":"standard","meta":{"_acf_changed":false,"inline_featured_image":false,"footnotes":""},"categories":[6],"tags":[],"class_list":["post-4591","post","type-post","status-publish","format-standard","hentry","category-artykuly"],"acf":[],"_links":{"self":[{"href":"https:\/\/adwokatura.krakow.pl\/adwokaci-i-aplikanci\/wp-json\/wp\/v2\/posts\/4591","targetHints":{"allow":["GET"]}}],"collection":[{"href":"https:\/\/adwokatura.krakow.pl\/adwokaci-i-aplikanci\/wp-json\/wp\/v2\/posts"}],"about":[{"href":"https:\/\/adwokatura.krakow.pl\/adwokaci-i-aplikanci\/wp-json\/wp\/v2\/types\/post"}],"author":[{"embeddable":true,"href":"https:\/\/adwokatura.krakow.pl\/adwokaci-i-aplikanci\/wp-json\/wp\/v2\/users\/9"}],"replies":[{"embeddable":true,"href":"https:\/\/adwokatura.krakow.pl\/adwokaci-i-aplikanci\/wp-json\/wp\/v2\/comments?post=4591"}],"version-history":[{"count":2,"href":"https:\/\/adwokatura.krakow.pl\/adwokaci-i-aplikanci\/wp-json\/wp\/v2\/posts\/4591\/revisions"}],"predecessor-version":[{"id":4596,"href":"https:\/\/adwokatura.krakow.pl\/adwokaci-i-aplikanci\/wp-json\/wp\/v2\/posts\/4591\/revisions\/4596"}],"wp:attachment":[{"href":"https:\/\/adwokatura.krakow.pl\/adwokaci-i-aplikanci\/wp-json\/wp\/v2\/media?parent=4591"}],"wp:term":[{"taxonomy":"category","embeddable":true,"href":"https:\/\/adwokatura.krakow.pl\/adwokaci-i-aplikanci\/wp-json\/wp\/v2\/categories?post=4591"},{"taxonomy":"post_tag","embeddable":true,"href":"https:\/\/adwokatura.krakow.pl\/adwokaci-i-aplikanci\/wp-json\/wp\/v2\/tags?post=4591"}],"curies":[{"name":"wp","href":"https:\/\/api.w.org\/{rel}","templated":true}]}}