{"id":5071,"date":"2024-10-31T13:50:10","date_gmt":"2024-10-31T12:50:10","guid":{"rendered":"https:\/\/adwokatura.krakow.pl\/adwokaci-i-aplikanci\/?p=5071"},"modified":"2024-10-31T13:50:11","modified_gmt":"2024-10-31T12:50:11","slug":"adwokat-na-uczelni","status":"publish","type":"post","link":"https:\/\/adwokatura.krakow.pl\/adwokaci-i-aplikanci\/adwokat-na-uczelni\/","title":{"rendered":"Adwokat na uczelni"},"content":{"rendered":"\n<figure class=\"wp-block-image size-large is-resized\"><img loading=\"lazy\" decoding=\"async\" width=\"1024\" height=\"1024\" src=\"https:\/\/adwokatura.krakow.pl\/adwokaci-i-aplikanci\/wp-content\/uploads\/sites\/2\/2024\/10\/adwokat-na-uczelni-14.11-1024x1024.jpg\" alt=\"\" class=\"wp-image-5073\" style=\"width:611px;height:auto\" srcset=\"https:\/\/adwokatura.krakow.pl\/adwokaci-i-aplikanci\/wp-content\/uploads\/sites\/2\/2024\/10\/adwokat-na-uczelni-14.11-1024x1024.jpg 1024w, https:\/\/adwokatura.krakow.pl\/adwokaci-i-aplikanci\/wp-content\/uploads\/sites\/2\/2024\/10\/adwokat-na-uczelni-14.11-300x300.jpg 300w, https:\/\/adwokatura.krakow.pl\/adwokaci-i-aplikanci\/wp-content\/uploads\/sites\/2\/2024\/10\/adwokat-na-uczelni-14.11-150x150.jpg 150w, https:\/\/adwokatura.krakow.pl\/adwokaci-i-aplikanci\/wp-content\/uploads\/sites\/2\/2024\/10\/adwokat-na-uczelni-14.11-768x768.jpg 768w, https:\/\/adwokatura.krakow.pl\/adwokaci-i-aplikanci\/wp-content\/uploads\/sites\/2\/2024\/10\/adwokat-na-uczelni-14.11.jpg 1080w\" sizes=\"auto, (max-width: 1024px) 100vw, 1024px\" \/><\/figure>\n\n\n\n<p>Szanowni Pa\u0144stwo,<\/p>\n\n\n\n<p>Z dum\u0105 informujemy, \u017ce Krakowska Izba Adwokacka po raz kolejny uczestniczy w akcji \u201eAdwokat na uczelni\u201d, kt\u00f3re odb\u0119dzie si\u0119 ju\u017c 14 listopada!<\/p>\n\n\n\n<p>Poprzednie edycje doprowadzi\u0142y do nawi\u0105zania i pog\u0142\u0119bienia relacji pomi\u0119dzy Krakowsk\u0105 Izb\u0105 Adwokack\u0105 a krakowskimi o\u015brodkami akademickimi, kszta\u0142c\u0105cymi prawnik\u00f3w. Najlepszym dowodem powy\u017cszego jest sta\u0142a wsp\u00f3\u0142praca z Uniwersytetem Andrzeja Frycza Modrzewskiego, w ramach kt\u00f3rej nasi adwokaci stali si\u0119 wyk\u0142adowcami na Wydziale Prawa, Administracji i Stosunk\u00f3w Mi\u0119dzynarodowych.<\/p>\n\n\n\n<p>Zapraszamy wszystkich ch\u0119tnych adwokat\u00f3w i aplikant\u00f3w, maj\u0105cych w sobie pedagogiczn\u0105 \u017cy\u0142k\u0119 do wzi\u0119cia udzia\u0142u w tegorocznej akcji.<\/p>\n\n\n\n<p>Podania wraz z kr\u00f3tkim opisem Pa\u0144stwa do\u015bwiadczenia w zakresie kszta\u0142cenia, prosimy przes\u0142a\u0107 do mec. Marcina Barczyka na adres: m.barczyk@kancelariabarczyk.com<\/p>\n\n\n\n<p>do 6 listopada.<\/p>\n","protected":false},"excerpt":{"rendered":"<p>Szanowni Pa\u0144stwo, Z dum\u0105 informujemy, \u017ce Krakowska Izba Adwokacka po raz kolejny uczestniczy w akcji \u201eAdwokat na uczelni\u201d, kt\u00f3re odb\u0119dzie si\u0119 ju\u017c 14 listopada! Poprzednie edycje doprowadzi\u0142y do nawi\u0105zania i pog\u0142\u0119bienia relacji pomi\u0119dzy Krakowsk\u0105 Izb\u0105 Adwokack\u0105 a krakowskimi o\u015brodkami akademickimi, kszta\u0142c\u0105cymi prawnik\u00f3w. Najlepszym dowodem powy\u017cszego jest sta\u0142a wsp\u00f3\u0142praca z Uniwersytetem Andrzeja Frycza Modrzewskiego, w ramach [&hellip;]<\/p>\n","protected":false},"author":9,"featured_media":0,"comment_status":"closed","ping_status":"closed","sticky":false,"template":"","format":"standard","meta":{"_acf_changed":false,"inline_featured_image":false,"footnotes":""},"categories":[6],"tags":[79,80],"class_list":["post-5071","post","type-post","status-publish","format-standard","hentry","category-artykuly","tag-adwokat-na-uczelni","tag-uczelnia"],"acf":[],"_links":{"self":[{"href":"https:\/\/adwokatura.krakow.pl\/adwokaci-i-aplikanci\/wp-json\/wp\/v2\/posts\/5071","targetHints":{"allow":["GET"]}}],"collection":[{"href":"https:\/\/adwokatura.krakow.pl\/adwokaci-i-aplikanci\/wp-json\/wp\/v2\/posts"}],"about":[{"href":"https:\/\/adwokatura.krakow.pl\/adwokaci-i-aplikanci\/wp-json\/wp\/v2\/types\/post"}],"author":[{"embeddable":true,"href":"https:\/\/adwokatura.krakow.pl\/adwokaci-i-aplikanci\/wp-json\/wp\/v2\/users\/9"}],"replies":[{"embeddable":true,"href":"https:\/\/adwokatura.krakow.pl\/adwokaci-i-aplikanci\/wp-json\/wp\/v2\/comments?post=5071"}],"version-history":[{"count":1,"href":"https:\/\/adwokatura.krakow.pl\/adwokaci-i-aplikanci\/wp-json\/wp\/v2\/posts\/5071\/revisions"}],"predecessor-version":[{"id":5074,"href":"https:\/\/adwokatura.krakow.pl\/adwokaci-i-aplikanci\/wp-json\/wp\/v2\/posts\/5071\/revisions\/5074"}],"wp:attachment":[{"href":"https:\/\/adwokatura.krakow.pl\/adwokaci-i-aplikanci\/wp-json\/wp\/v2\/media?parent=5071"}],"wp:term":[{"taxonomy":"category","embeddable":true,"href":"https:\/\/adwokatura.krakow.pl\/adwokaci-i-aplikanci\/wp-json\/wp\/v2\/categories?post=5071"},{"taxonomy":"post_tag","embeddable":true,"href":"https:\/\/adwokatura.krakow.pl\/adwokaci-i-aplikanci\/wp-json\/wp\/v2\/tags?post=5071"}],"curies":[{"name":"wp","href":"https:\/\/api.w.org\/{rel}","templated":true}]}}