{"id":5115,"date":"2024-11-05T09:45:16","date_gmt":"2024-11-05T08:45:16","guid":{"rendered":"https:\/\/adwokatura.krakow.pl\/adwokaci-i-aplikanci\/?p=5115"},"modified":"2024-11-05T09:45:16","modified_gmt":"2024-11-05T08:45:16","slug":"zmiana-godzin-pracy-biura","status":"publish","type":"post","link":"https:\/\/adwokatura.krakow.pl\/adwokaci-i-aplikanci\/zmiana-godzin-pracy-biura\/","title":{"rendered":"ZMIANA GODZIN PRACY BIURA"},"content":{"rendered":"\n<p>Szanowni Pa\u0144stwo<\/p>\n\n\n\n<p>Informujemy, \u017ce z powodu ZGROMADZENIA Sprawozdawczo-wyborczego w dniu dzisiejszym (05.11.2024r.) ksi\u0119gowo\u015b\u0107 oraz kasa b\u0119d\u0105 czynne do godziny 12:00, natomiast dziennik podawczy &#8211; sekretariat do godziny 16:00 <\/p>\n\n\n\n<p>w pilnych sprawach prosimy o kontakt mailowy, a odpowiemy najszybciej, jak tylko mo\u017cliwe.<\/p>\n\n\n\n<p><\/p>\n\n\n\n<p><\/p>\n","protected":false},"excerpt":{"rendered":"<p>Szanowni Pa\u0144stwo Informujemy, \u017ce z powodu ZGROMADZENIA Sprawozdawczo-wyborczego w dniu dzisiejszym (05.11.2024r.) ksi\u0119gowo\u015b\u0107 oraz kasa b\u0119d\u0105 czynne do godziny 12:00, natomiast dziennik podawczy &#8211; sekretariat do godziny 16:00 w pilnych sprawach prosimy o kontakt mailowy, a odpowiemy najszybciej, jak tylko mo\u017cliwe.<\/p>\n","protected":false},"author":9,"featured_media":0,"comment_status":"closed","ping_status":"closed","sticky":false,"template":"","format":"standard","meta":{"_acf_changed":false,"inline_featured_image":false,"footnotes":""},"categories":[6],"tags":[],"class_list":["post-5115","post","type-post","status-publish","format-standard","hentry","category-artykuly"],"acf":[],"_links":{"self":[{"href":"https:\/\/adwokatura.krakow.pl\/adwokaci-i-aplikanci\/wp-json\/wp\/v2\/posts\/5115","targetHints":{"allow":["GET"]}}],"collection":[{"href":"https:\/\/adwokatura.krakow.pl\/adwokaci-i-aplikanci\/wp-json\/wp\/v2\/posts"}],"about":[{"href":"https:\/\/adwokatura.krakow.pl\/adwokaci-i-aplikanci\/wp-json\/wp\/v2\/types\/post"}],"author":[{"embeddable":true,"href":"https:\/\/adwokatura.krakow.pl\/adwokaci-i-aplikanci\/wp-json\/wp\/v2\/users\/9"}],"replies":[{"embeddable":true,"href":"https:\/\/adwokatura.krakow.pl\/adwokaci-i-aplikanci\/wp-json\/wp\/v2\/comments?post=5115"}],"version-history":[{"count":1,"href":"https:\/\/adwokatura.krakow.pl\/adwokaci-i-aplikanci\/wp-json\/wp\/v2\/posts\/5115\/revisions"}],"predecessor-version":[{"id":5116,"href":"https:\/\/adwokatura.krakow.pl\/adwokaci-i-aplikanci\/wp-json\/wp\/v2\/posts\/5115\/revisions\/5116"}],"wp:attachment":[{"href":"https:\/\/adwokatura.krakow.pl\/adwokaci-i-aplikanci\/wp-json\/wp\/v2\/media?parent=5115"}],"wp:term":[{"taxonomy":"category","embeddable":true,"href":"https:\/\/adwokatura.krakow.pl\/adwokaci-i-aplikanci\/wp-json\/wp\/v2\/categories?post=5115"},{"taxonomy":"post_tag","embeddable":true,"href":"https:\/\/adwokatura.krakow.pl\/adwokaci-i-aplikanci\/wp-json\/wp\/v2\/tags?post=5115"}],"curies":[{"name":"wp","href":"https:\/\/api.w.org\/{rel}","templated":true}]}}