{"id":5128,"date":"2024-11-06T15:32:25","date_gmt":"2024-11-06T14:32:25","guid":{"rendered":"https:\/\/adwokatura.krakow.pl\/adwokaci-i-aplikanci\/?p=5128"},"modified":"2024-11-06T15:32:25","modified_gmt":"2024-11-06T14:32:25","slug":"wyniki-wyborow-kia-2024","status":"publish","type":"post","link":"https:\/\/adwokatura.krakow.pl\/adwokaci-i-aplikanci\/wyniki-wyborow-kia-2024\/","title":{"rendered":"Wyniki wybor\u00f3w KIA 2024"},"content":{"rendered":"\n<p>W dniu wczorajszym odby\u0142o si\u0119 Sprawozdawczo-Wyborcze Zgromadzenie Krakowskiej Izby Adwokackiej.<\/p>\n\n\n\n<p>Na poszczeg\u00f3lne funkcje i stanowiska zostali wybrani:<\/p>\n\n\n\n<p>\ud83d\udfe2DZIEKAN OKR\u0118GOWEJ RADY ADWOKACKIEJ W KRAKOWIE<br>ALEKSANDER GUT<\/p>\n\n\n\n<p>\ud83d\udfe2CZ\u0141ONKOWIE OKR\u0118GOWEJ RADY ADWOKACKIEJ W KRAKOWIE<\/p>\n\n\n\n<p>WOJCIECH BERGIER<br>ALEKSANDRA CEMPURA<br>PAWE\u0141 EILMES<br>KATARZYNA FRANKIEWICZ-BURDA<br>KAROLINA GORCZYCA-BARSZCZEWSKA<br>DARIUSZ GRADZI<br>MACIEJ HA\u0141USZCZY\u0143SKI<br>ANDRZEJ KARCZEWSKI<br>MARCIN KOSIORKIEWICZ<br>KRZYSZTOF KOSTA\u0143SKI<br>W\u0141ADYS\u0141AW POCIEJ<br>JANUSZ RAGLEWSKI<br>FILIP TOHL<br>MATEUSZ WEREDY\u0143SKI<br>JOANNA ZBIERZCHOWSKA-OCHA\u0141EK<\/p>\n\n\n\n<p>\ud83d\udfe2ZAST\u0118PCY:<br>MA\u0141GORZATA BAC &#8211; MATUSZEWSKA<br>FILIP FEDOROWICZ<br>PIOTR RACHWA\u0141<br>KACPER RO\u017bEK<\/p>\n\n\n\n<p>\ud83d\udfe2RZECZNIK DYSCYPLINARNY KIA<br>MICHA\u0141 SOWA<\/p>\n\n\n\n<p>\ud83d\udfe2PRZEWODNICZ\u0104CY KOMISJI REWIZYJNEJ KIA<br>STANIS\u0141AW CABA\u0141A<\/p>\n\n\n\n<p>\ud83d\udfe2PREZES S\u0104DU DYSCYPLINARNEGO KIA<br>PIOTR OCHA\u0141EK<\/p>\n\n\n\n<p>\ud83d\udfe2DELEGACI NA KRAJOWY ZJAZD ADWOKATURY<\/p>\n\n\n\n<p>ANGELIKA ARTER<br>MA\u0141GORZATA BAC-MATUSZEWSKA<br>WOJCIECH BERGIER<br>ALEKSANDRA CEMPURA<br>TOMASZ CYROL<br>ZBIGNIEW \u0106WI\u0104KALSKI<br>PAWE\u0141 EILMES<br>FILIP FEDOROWICZ<br>KATARZYNA FRANKIEWICZ-BURDA<br>PAWE\u0141 GIERAS<br>DARIUSZ GRADZI<br>ALEKSANDER GUT<br>MACIEJ HA\u0141USZCZY\u0143SKI<br>ANDRZEJ KARCZEWSKI<br>MARCIN KOSIORKIEWICZ<br>KRZYSZTOF KOSTA\u0143SKI<br>MAGDALENA MACIUKIEWICZ<br>PIOTR OCHA\u0141EK<br>W\u0141ADYS\u0141AW POCIEJ<br>PIOTR RACHWA\u0141<br>JANUSZ RAGLEWSKI<br>MICHA\u0141 SOWA<br>DOBROS\u0141AWA SZUMI\u0141O-KULCZYCKA<br>PAWE\u0141 \u015aLIZ<br>FILIP TOHL<\/p>\n\n\n\n<p>\ud83d\udfe2S\u0118DZIOWIE S\u0104DU DYSCYPLINARNEGO KIA<\/p>\n\n\n\n<p>ANGELIKA ARTER<br>ANDRZEJ BRAUM<br>MALWINA CICHO\u0143SKA<br>BEATA CZOSNOWSKA<br>BOGUMI\u0141A G\u00d3RNIKOWSKA<br>WOJCIECH GRYBO\u015a<br>ANNA KASOLIK<br>KATARZYNA KASPRZYKIEWICZ<br>EWA KODYMOWSKA-SIO\u0141A<br>MICHA\u0141 KO\u0141ODZIEJSKI<br>KATARZYNA KOT<br>KAMILA KSI\u0118\u017bYK<br>AGNIESZKA KUREK-MAZGAJ<br>PIOTR KAROL OCHWAT<br>MACIEJ PIETRZYKOWSKI<br>MA\u0141GORZATA TOKARZ<br>MAGDALENA WALIG\u00d3RA<br>BARTOSZ W\u00d3JCIK<br>\u0141UKASZ W\u00d3JTOWICZ<br>\u0141UKASZ ZNAMIROWSKI<\/p>\n\n\n\n<p>\ud83d\udfe2ZAST\u0118PCY<br>MARCIN BUCZKOWSKI<br>OLGA MACIEJEWSKA-\u017bUREK<br>MARCIN ZDRZA\u0141KA<\/p>\n\n\n\n<p>\ud83d\udfe2CZ\u0141ONKOWIE KOMISJI REWIZYJNEJ KIA<\/p>\n\n\n\n<p>WOJCIECH G\u0104SIOROWSKI<br>\u0141UKASZ LEWANDOWSKI<br>\u0141UKASZ PA\u0141KA<br>KLAUDIA SO\u0141TYSI\u0143SKA<\/p>\n\n\n\n<p>\ud83d\udfe2ZAST\u0118PCY<br>SZYMON GOSTY\u0143SKI<br>MONIKA JADACH<\/p>\n\n\n\n<p><\/p>\n","protected":false},"excerpt":{"rendered":"<p>W dniu wczorajszym odby\u0142o si\u0119 Sprawozdawczo-Wyborcze Zgromadzenie Krakowskiej Izby Adwokackiej. Na poszczeg\u00f3lne funkcje i stanowiska zostali wybrani: \ud83d\udfe2DZIEKAN OKR\u0118GOWEJ RADY ADWOKACKIEJ W KRAKOWIEALEKSANDER GUT \ud83d\udfe2CZ\u0141ONKOWIE OKR\u0118GOWEJ RADY ADWOKACKIEJ W KRAKOWIE WOJCIECH BERGIERALEKSANDRA CEMPURAPAWE\u0141 EILMESKATARZYNA FRANKIEWICZ-BURDAKAROLINA GORCZYCA-BARSZCZEWSKADARIUSZ GRADZIMACIEJ HA\u0141USZCZY\u0143SKIANDRZEJ KARCZEWSKIMARCIN KOSIORKIEWICZKRZYSZTOF KOSTA\u0143SKIW\u0141ADYS\u0141AW POCIEJJANUSZ RAGLEWSKIFILIP TOHLMATEUSZ WEREDY\u0143SKIJOANNA ZBIERZCHOWSKA-OCHA\u0141EK \ud83d\udfe2ZAST\u0118PCY:MA\u0141GORZATA BAC &#8211; MATUSZEWSKAFILIP FEDOROWICZPIOTR RACHWA\u0141KACPER RO\u017bEK \ud83d\udfe2RZECZNIK DYSCYPLINARNY [&hellip;]<\/p>\n","protected":false},"author":8,"featured_media":0,"comment_status":"closed","ping_status":"closed","sticky":false,"template":"","format":"standard","meta":{"_acf_changed":false,"inline_featured_image":false,"footnotes":""},"categories":[6],"tags":[],"class_list":["post-5128","post","type-post","status-publish","format-standard","hentry","category-artykuly"],"acf":[],"_links":{"self":[{"href":"https:\/\/adwokatura.krakow.pl\/adwokaci-i-aplikanci\/wp-json\/wp\/v2\/posts\/5128","targetHints":{"allow":["GET"]}}],"collection":[{"href":"https:\/\/adwokatura.krakow.pl\/adwokaci-i-aplikanci\/wp-json\/wp\/v2\/posts"}],"about":[{"href":"https:\/\/adwokatura.krakow.pl\/adwokaci-i-aplikanci\/wp-json\/wp\/v2\/types\/post"}],"author":[{"embeddable":true,"href":"https:\/\/adwokatura.krakow.pl\/adwokaci-i-aplikanci\/wp-json\/wp\/v2\/users\/8"}],"replies":[{"embeddable":true,"href":"https:\/\/adwokatura.krakow.pl\/adwokaci-i-aplikanci\/wp-json\/wp\/v2\/comments?post=5128"}],"version-history":[{"count":1,"href":"https:\/\/adwokatura.krakow.pl\/adwokaci-i-aplikanci\/wp-json\/wp\/v2\/posts\/5128\/revisions"}],"predecessor-version":[{"id":5129,"href":"https:\/\/adwokatura.krakow.pl\/adwokaci-i-aplikanci\/wp-json\/wp\/v2\/posts\/5128\/revisions\/5129"}],"wp:attachment":[{"href":"https:\/\/adwokatura.krakow.pl\/adwokaci-i-aplikanci\/wp-json\/wp\/v2\/media?parent=5128"}],"wp:term":[{"taxonomy":"category","embeddable":true,"href":"https:\/\/adwokatura.krakow.pl\/adwokaci-i-aplikanci\/wp-json\/wp\/v2\/categories?post=5128"},{"taxonomy":"post_tag","embeddable":true,"href":"https:\/\/adwokatura.krakow.pl\/adwokaci-i-aplikanci\/wp-json\/wp\/v2\/tags?post=5128"}],"curies":[{"name":"wp","href":"https:\/\/api.w.org\/{rel}","templated":true}]}}