{"id":5187,"date":"2024-11-07T10:30:51","date_gmt":"2024-11-07T09:30:51","guid":{"rendered":"https:\/\/adwokatura.krakow.pl\/adwokaci-i-aplikanci\/?p=5187"},"modified":"2024-11-12T15:16:12","modified_gmt":"2024-11-12T14:16:12","slug":"informacja-przewodniczacego-obrad-sprawozdawczo-wyborczego-zgromadzenia","status":"publish","type":"post","link":"https:\/\/adwokatura.krakow.pl\/adwokaci-i-aplikanci\/informacja-przewodniczacego-obrad-sprawozdawczo-wyborczego-zgromadzenia\/","title":{"rendered":"INFORMACJA PRZEWODNICZ\u0104CEGO OBRAD SPRAWOZDAWCZO-WYBORCZEGO ZGROMADZENIA"},"content":{"rendered":"\n<p>INFORMACJA<br>PRZEWODNICACEGO OBRAD<br>SPRAWOZDAWCZO-WYBORCZEGO ZGROMADZENIA<br>KRAKOWSKIEJ IZBY ADWOKACKIEJ<br>ADW. W\u0141ADYS\u0141AWA POCIEJA<\/p>\n\n\n\n<p><img loading=\"lazy\" decoding=\"async\" height=\"16\" width=\"16\" src=\"https:\/\/static.xx.fbcdn.net\/images\/emoji.php\/v9\/t83\/1\/16\/1f7e9.png\" alt=\"\ud83d\udfe9\"> W zwi\u0105zku z sugerowanymi w mediach spo\u0142eczno\u015bciowych w\u0105tpliwo\u015bciami odno\u015bnie do rozstrzygni\u0119cia wybor\u00f3w na stanowisko Dziekana Okr\u0119gowej Rady Adwokackiej w Krakowie, nale\u017cy dostrzec, i\u017c \u017ar\u00f3d\u0142em zg\u0142aszanych w\u0105tpliwo\u015bci jest tre\u015b\u0107 komunikatu systemowego wy\u015bwietlonego podczas Zgromadzenia Izby, zgodnie z kt\u00f3rym: \u201cW g\u0142osowaniu wzi\u0119\u0142o udzia\u0142 748 uczestnik\u00f3w, reprezentuj\u0105cych 748 g\u0142os\u00f3w.\u201d<\/p>\n\n\n\n<p><img loading=\"lazy\" decoding=\"async\" height=\"16\" width=\"16\" src=\"https:\/\/static.xx.fbcdn.net\/images\/emoji.php\/v9\/t83\/1\/16\/1f7e9.png\" alt=\"\ud83d\udfe9\"> Powy\u017cszy komunikat, co wynika z jego tre\u015bci, dotyczy\u0142 liczby uczestnik\u00f3w, kt\u00f3rzy \u201cwzi\u0119li udzia\u0142 w g\u0142osowaniu\u201d. Nie dotyczy\u0142 natomiast liczby \u201cg\u0142os\u00f3w oddanych\u201d tj. poj\u0119cia, kt\u00f3rym pos\u0142uguje si\u0119 par. 40 ust. 1 Regulaminu odbywania zgromadze\u0144 i zjazdu.<\/p>\n\n\n\n<p><img loading=\"lazy\" decoding=\"async\" height=\"16\" width=\"16\" src=\"https:\/\/static.xx.fbcdn.net\/images\/emoji.php\/v9\/t83\/1\/16\/1f7e9.png\" alt=\"\ud83d\udfe9\"> W zwi\u0105zku ze specyfik\u0105 urz\u0105dzenia do g\u0142osowania elektronicznego, uczestnicy, kt\u00f3rzy \u201cwzi\u0119li udzia\u0142 w g\u0142osowaniu\u201d to wszyscy ci spo\u015br\u00f3d uczestnik\u00f3w Zgromadzenia, kt\u00f3rzy w okresie zarz\u0105dzonego g\u0142osowania pos\u0142u\u017cyli si\u0119 urz\u0105dzeniem do g\u0142osowania, naciskaj\u0105c kt\u00f3rykolwiek z oferowanych przez urz\u0105dzenie przycisk\u00f3w fizycznych z oznaczeniami \u201cza\u201d, \u201cprzeciw\u201d lub \u201dwstrzymuj\u0119 si\u0119\u201d.<\/p>\n\n\n\n<p><img loading=\"lazy\" decoding=\"async\" height=\"16\" width=\"16\" src=\"https:\/\/static.xx.fbcdn.net\/images\/emoji.php\/v9\/t83\/1\/16\/1f7e9.png\" alt=\"\ud83d\udfe9\"> Zgodnie natomiast z jednoznacznym komunikatem przekazanym uczestnikom Zgromadzenia bezpo\u015brednio przed wyborami, jakkolwiek u\u017cycie w procesie wyborczym w odniesieniu do niepopieranego kandydata przycisku \u201cprzeciw\u201d lub \u201cwstrzymuj\u0119 si\u0119\u201d nie skutkowa\u0142o niewa\u017cno\u015bci\u0105 g\u0142osu, to akt wyborczy dokonywany by\u0142 wy\u0142\u0105cznie poprzez u\u017cycie przycisku \u201cza\u201d w odniesieniu do popieranego kandydata. Tym samym, jako \u201cg\u0142os oddany\u201d w wyborach traktowana by\u0142a wy\u0142\u0105cznie taka aktywno\u015b\u0107 uczestnika Zgromadzenia, kt\u00f3ra polega\u0142a na u\u017cyciu w okresie g\u0142osowania przycisku \u201cza\u201d. Je\u017celi zatem w okresie g\u0142osowania uczestnik Zgromadzenia u\u017cy\u0142 wy\u0142\u0105cznie kombinacji przycisk\u00f3w \u201cprzeciw\u201d lub \u201cwstrzymuje si\u0119\u201d, a nie u\u017cy\u0142 przycisku \u201cza\u201d w odniesieniu do kt\u00f3regokolwiek z kandydat\u00f3w, to taka aktywno\u015b\u0107 uczestnika Zgromadzenia, cho\u0107 zosta\u0142a uwzgl\u0119dniana w systemowej liczbie \u201cuczestnik\u00f3w bior\u0105cych udzia\u0142 w g\u0142osowaniu\u201d, to nie stanowi\u0142a \u201cg\u0142osu oddanego\u201d w przeprowadzanych wyborach za kt\u00f3rymkolwiek z kandydat\u00f3w.<\/p>\n\n\n\n<p><img loading=\"lazy\" decoding=\"async\" height=\"16\" width=\"16\" src=\"https:\/\/static.xx.fbcdn.net\/images\/emoji.php\/v9\/t83\/1\/16\/1f7e9.png\" alt=\"\ud83d\udfe9\"> Regulamin przeprowadzania zgromadze\u0144 i zjazdu stanowi w par. 40 ust. 1, i\u017c wyb\u00f3r na stanowisko jest dokonany, gdy jeden z kandydat\u00f3w uzyska wi\u0119cej ni\u017c po\u0142ow\u0119 \u201cwa\u017cnych g\u0142os\u00f3w oddanych\u201d. Wynik g\u0142osowania nale\u017ca\u0142o zatem odnie\u015b\u0107 do liczby \u201cwa\u017cnych g\u0142os\u00f3w oddanych\u201d tj. wszystkich g\u0142os\u00f3w oddanych z u\u017cyciem przycisku \u201cza\u201d w odniesieniu do jednego kandydata. Podawana automatycznie przez system \u201cliczba uczestnik\u00f3w g\u0142osowania\u201d, zawieraj\u0105ca w sobie tak\u017ce przypadki aktywno\u015bci nie polegaj\u0105cej na oddaniu g\u0142osu \u201cza\u201d kt\u00f3rymkolwiek z kandydat\u00f3w, nie stanowi\u0142a liczby \u201cwa\u017cnych g\u0142os\u00f3w oddanych\u201d w rozumieniu par 40 ust. 1 Regulaminu.<\/p>\n\n\n\n<p><em>Adwokat W\u0142adys\u0142aw Pociej<\/em><\/p>\n","protected":false},"excerpt":{"rendered":"<p>INFORMACJAPRZEWODNICACEGO OBRADSPRAWOZDAWCZO-WYBORCZEGO ZGROMADZENIAKRAKOWSKIEJ IZBY ADWOKACKIEJADW. W\u0141ADYS\u0141AWA POCIEJA W zwi\u0105zku z sugerowanymi w mediach spo\u0142eczno\u015bciowych w\u0105tpliwo\u015bciami odno\u015bnie do rozstrzygni\u0119cia wybor\u00f3w na stanowisko Dziekana Okr\u0119gowej Rady Adwokackiej w Krakowie, nale\u017cy dostrzec, i\u017c \u017ar\u00f3d\u0142em zg\u0142aszanych w\u0105tpliwo\u015bci jest tre\u015b\u0107 komunikatu systemowego wy\u015bwietlonego podczas Zgromadzenia Izby, zgodnie z kt\u00f3rym: \u201cW g\u0142osowaniu wzi\u0119\u0142o udzia\u0142 748 uczestnik\u00f3w, reprezentuj\u0105cych 748 g\u0142os\u00f3w.\u201d Powy\u017cszy komunikat, [&hellip;]<\/p>\n","protected":false},"author":9,"featured_media":0,"comment_status":"closed","ping_status":"closed","sticky":false,"template":"","format":"standard","meta":{"_acf_changed":false,"inline_featured_image":false,"footnotes":""},"categories":[6],"tags":[],"class_list":["post-5187","post","type-post","status-publish","format-standard","hentry","category-artykuly"],"acf":[],"_links":{"self":[{"href":"https:\/\/adwokatura.krakow.pl\/adwokaci-i-aplikanci\/wp-json\/wp\/v2\/posts\/5187","targetHints":{"allow":["GET"]}}],"collection":[{"href":"https:\/\/adwokatura.krakow.pl\/adwokaci-i-aplikanci\/wp-json\/wp\/v2\/posts"}],"about":[{"href":"https:\/\/adwokatura.krakow.pl\/adwokaci-i-aplikanci\/wp-json\/wp\/v2\/types\/post"}],"author":[{"embeddable":true,"href":"https:\/\/adwokatura.krakow.pl\/adwokaci-i-aplikanci\/wp-json\/wp\/v2\/users\/9"}],"replies":[{"embeddable":true,"href":"https:\/\/adwokatura.krakow.pl\/adwokaci-i-aplikanci\/wp-json\/wp\/v2\/comments?post=5187"}],"version-history":[{"count":2,"href":"https:\/\/adwokatura.krakow.pl\/adwokaci-i-aplikanci\/wp-json\/wp\/v2\/posts\/5187\/revisions"}],"predecessor-version":[{"id":5194,"href":"https:\/\/adwokatura.krakow.pl\/adwokaci-i-aplikanci\/wp-json\/wp\/v2\/posts\/5187\/revisions\/5194"}],"wp:attachment":[{"href":"https:\/\/adwokatura.krakow.pl\/adwokaci-i-aplikanci\/wp-json\/wp\/v2\/media?parent=5187"}],"wp:term":[{"taxonomy":"category","embeddable":true,"href":"https:\/\/adwokatura.krakow.pl\/adwokaci-i-aplikanci\/wp-json\/wp\/v2\/categories?post=5187"},{"taxonomy":"post_tag","embeddable":true,"href":"https:\/\/adwokatura.krakow.pl\/adwokaci-i-aplikanci\/wp-json\/wp\/v2\/tags?post=5187"}],"curies":[{"name":"wp","href":"https:\/\/api.w.org\/{rel}","templated":true}]}}