{"id":5189,"date":"2024-11-08T14:55:51","date_gmt":"2024-11-08T13:55:51","guid":{"rendered":"https:\/\/adwokatura.krakow.pl\/adwokaci-i-aplikanci\/?p=5189"},"modified":"2024-11-08T14:55:51","modified_gmt":"2024-11-08T13:55:51","slug":"komunikat-dziekana-ora-w-krakowie","status":"publish","type":"post","link":"https:\/\/adwokatura.krakow.pl\/adwokaci-i-aplikanci\/komunikat-dziekana-ora-w-krakowie\/","title":{"rendered":"Komunikat Dziekana ORA w Krakowie"},"content":{"rendered":"\n<p>Szanowni Pa\u0144stwo, Kole\u017canki i Koledzy,<\/p>\n\n\n\n<p>w zwi\u0105zku ze zg\u0142aszanymi w\u0105tpliwo\u015bciami dotycz\u0105cymi przebiegu wybor\u00f3w na ostatnim Zgromadzeniu Izby wskazuj\u0119, \u017ce ewentualne pytania i wnioski w tym zakresie powinny by\u0142y zosta\u0107 skierowane do Prezydium Zgromadzenia i Komisji Skrutacyjnej w czasie trwania Zgromadzenia. &nbsp;Niemniej maj\u0105c na uwadze tocz\u0105c\u0105 si\u0119 dyskusj\u0119 pragn\u0119 przekaza\u0107 Pa\u0144stwu przes\u0142ane do biura Izby stanowisko podmiotu, kt\u00f3ry odpowiada\u0142 za przeprowadzenie elektronicznego g\u0142osowania w tym liczenia oddanych g\u0142os\u00f3w.<\/p>\n\n\n\n<p>W mojej ocenie w zwi\u0105zku z jego tre\u015bci\u0105 brak jest jakichkolwiek podstaw do kwestionowania dokonanych wybor\u00f3w na stanowiska i funkcje w organach Izby w tym stanowisko Dziekana.<\/p>\n\n\n\n<p>Wynik g\u0142osowania, maj\u0105c na uwadze ilo\u015b\u0107 wa\u017cnych g\u0142os\u00f3w oddanych na ka\u017cdego z kandydat\u00f3w na Dziekana prowadzi do wniosku, \u017ce spe\u0142nione zosta\u0142y warunki wyboru okre\u015blone w \u00a7 40 ust. 1 Regulaminu Krajowego Zjazdu Adwokatury oraz zgromadze\u0144 izb adwokackich.<\/p>\n\n\n\n<p>W tej sytuacji jestem zobligowany do zwo\u0142ania posiedzenia nowo wy\u0142onionej w trakcie wybor\u00f3w Rady Adwokackiej, celem jej ukonstytuowania, co uczyni\u0119 w przewidzianym przepisami prawa terminie.<\/p>\n\n\n\n<p>Jednocze\u015bnie w zwi\u0105zku z wypowiedziami kwestionuj\u0105cymi uczciwo\u015b\u0107 Pracownik\u00f3w Biura ORA \u2013 zaznaczam, i\u017c wi\u0119kszo\u015b\u0107 z nich to osoby z wieloletnim sta\u017cem &#8211; pracuj\u0105ce przy B17 przez wiele kadencji samorz\u0105dowych, zgodnie z najwy\u017cszymi standardami etycznymi i przyk\u0142adaj\u0105ce wielk\u0105 wag\u0119 do uczciwo\u015bci i przejrzysto\u015bci dzia\u0142a\u0144. Winni im jeste\u015bmy szacunek, na kt\u00f3ry pracowali latami. Prosz\u0119 o powstrzymanie si\u0119 od tego typu wypowiedzi, kt\u00f3re nie tylko s\u0105 nieprawdziwe, ale w spos\u00f3b bezpo\u015bredni naruszaj\u0105 ich dobre imi\u0119.<\/p>\n\n\n\n<p><br>adw. Aleksander Gut<\/p>\n\n\n\n<p>Dziekan ORA w Krakowie<\/p>\n\n\n\n<figure class=\"wp-block-image size-large\"><img loading=\"lazy\" decoding=\"async\" width=\"727\" height=\"1024\" src=\"https:\/\/adwokatura.krakow.pl\/adwokaci-i-aplikanci\/wp-content\/uploads\/sites\/2\/2024\/11\/MWC-pismo_page-0001-727x1024.jpg\" alt=\"\" class=\"wp-image-5190\" srcset=\"https:\/\/adwokatura.krakow.pl\/adwokaci-i-aplikanci\/wp-content\/uploads\/sites\/2\/2024\/11\/MWC-pismo_page-0001-727x1024.jpg 727w, https:\/\/adwokatura.krakow.pl\/adwokaci-i-aplikanci\/wp-content\/uploads\/sites\/2\/2024\/11\/MWC-pismo_page-0001-213x300.jpg 213w, https:\/\/adwokatura.krakow.pl\/adwokaci-i-aplikanci\/wp-content\/uploads\/sites\/2\/2024\/11\/MWC-pismo_page-0001-768x1082.jpg 768w, https:\/\/adwokatura.krakow.pl\/adwokaci-i-aplikanci\/wp-content\/uploads\/sites\/2\/2024\/11\/MWC-pismo_page-0001-1090x1536.jpg 1090w, https:\/\/adwokatura.krakow.pl\/adwokaci-i-aplikanci\/wp-content\/uploads\/sites\/2\/2024\/11\/MWC-pismo_page-0001.jpg 1239w\" sizes=\"auto, (max-width: 727px) 100vw, 727px\" \/><\/figure>\n\n\n\n<figure class=\"wp-block-image size-large\"><img loading=\"lazy\" decoding=\"async\" width=\"727\" height=\"1024\" src=\"https:\/\/adwokatura.krakow.pl\/adwokaci-i-aplikanci\/wp-content\/uploads\/sites\/2\/2024\/11\/MWC-pismo_page-0002-727x1024.jpg\" alt=\"\" class=\"wp-image-5191\" srcset=\"https:\/\/adwokatura.krakow.pl\/adwokaci-i-aplikanci\/wp-content\/uploads\/sites\/2\/2024\/11\/MWC-pismo_page-0002-727x1024.jpg 727w, https:\/\/adwokatura.krakow.pl\/adwokaci-i-aplikanci\/wp-content\/uploads\/sites\/2\/2024\/11\/MWC-pismo_page-0002-213x300.jpg 213w, https:\/\/adwokatura.krakow.pl\/adwokaci-i-aplikanci\/wp-content\/uploads\/sites\/2\/2024\/11\/MWC-pismo_page-0002-768x1082.jpg 768w, https:\/\/adwokatura.krakow.pl\/adwokaci-i-aplikanci\/wp-content\/uploads\/sites\/2\/2024\/11\/MWC-pismo_page-0002-1090x1536.jpg 1090w, https:\/\/adwokatura.krakow.pl\/adwokaci-i-aplikanci\/wp-content\/uploads\/sites\/2\/2024\/11\/MWC-pismo_page-0002.jpg 1239w\" sizes=\"auto, (max-width: 727px) 100vw, 727px\" \/><\/figure>\n","protected":false},"excerpt":{"rendered":"<p>Szanowni Pa\u0144stwo, Kole\u017canki i Koledzy, w zwi\u0105zku ze zg\u0142aszanymi w\u0105tpliwo\u015bciami dotycz\u0105cymi przebiegu wybor\u00f3w na ostatnim Zgromadzeniu Izby wskazuj\u0119, \u017ce ewentualne pytania i wnioski w tym zakresie powinny by\u0142y zosta\u0107 skierowane do Prezydium Zgromadzenia i Komisji Skrutacyjnej w czasie trwania Zgromadzenia. &nbsp;Niemniej maj\u0105c na uwadze tocz\u0105c\u0105 si\u0119 dyskusj\u0119 pragn\u0119 przekaza\u0107 Pa\u0144stwu przes\u0142ane do biura Izby stanowisko [&hellip;]<\/p>\n","protected":false},"author":8,"featured_media":0,"comment_status":"closed","ping_status":"closed","sticky":false,"template":"","format":"standard","meta":{"_acf_changed":false,"inline_featured_image":false,"footnotes":""},"categories":[6],"tags":[],"class_list":["post-5189","post","type-post","status-publish","format-standard","hentry","category-artykuly"],"acf":[],"_links":{"self":[{"href":"https:\/\/adwokatura.krakow.pl\/adwokaci-i-aplikanci\/wp-json\/wp\/v2\/posts\/5189","targetHints":{"allow":["GET"]}}],"collection":[{"href":"https:\/\/adwokatura.krakow.pl\/adwokaci-i-aplikanci\/wp-json\/wp\/v2\/posts"}],"about":[{"href":"https:\/\/adwokatura.krakow.pl\/adwokaci-i-aplikanci\/wp-json\/wp\/v2\/types\/post"}],"author":[{"embeddable":true,"href":"https:\/\/adwokatura.krakow.pl\/adwokaci-i-aplikanci\/wp-json\/wp\/v2\/users\/8"}],"replies":[{"embeddable":true,"href":"https:\/\/adwokatura.krakow.pl\/adwokaci-i-aplikanci\/wp-json\/wp\/v2\/comments?post=5189"}],"version-history":[{"count":1,"href":"https:\/\/adwokatura.krakow.pl\/adwokaci-i-aplikanci\/wp-json\/wp\/v2\/posts\/5189\/revisions"}],"predecessor-version":[{"id":5192,"href":"https:\/\/adwokatura.krakow.pl\/adwokaci-i-aplikanci\/wp-json\/wp\/v2\/posts\/5189\/revisions\/5192"}],"wp:attachment":[{"href":"https:\/\/adwokatura.krakow.pl\/adwokaci-i-aplikanci\/wp-json\/wp\/v2\/media?parent=5189"}],"wp:term":[{"taxonomy":"category","embeddable":true,"href":"https:\/\/adwokatura.krakow.pl\/adwokaci-i-aplikanci\/wp-json\/wp\/v2\/categories?post=5189"},{"taxonomy":"post_tag","embeddable":true,"href":"https:\/\/adwokatura.krakow.pl\/adwokaci-i-aplikanci\/wp-json\/wp\/v2\/tags?post=5189"}],"curies":[{"name":"wp","href":"https:\/\/api.w.org\/{rel}","templated":true}]}}