{"id":5195,"date":"2024-11-14T10:04:05","date_gmt":"2024-11-14T09:04:05","guid":{"rendered":"https:\/\/adwokatura.krakow.pl\/adwokaci-i-aplikanci\/?p=5195"},"modified":"2024-11-14T10:04:05","modified_gmt":"2024-11-14T09:04:05","slug":"adwokatura-przeciwko-przemocy-edycja-2024","status":"publish","type":"post","link":"https:\/\/adwokatura.krakow.pl\/adwokaci-i-aplikanci\/adwokatura-przeciwko-przemocy-edycja-2024\/","title":{"rendered":"Adwokatura przeciwko przemocy &#8211; edycja 2024"},"content":{"rendered":"\n<figure class=\"wp-block-image size-large\"><img loading=\"lazy\" decoding=\"async\" width=\"1024\" height=\"1024\" src=\"https:\/\/adwokatura.krakow.pl\/adwokaci-i-aplikanci\/wp-content\/uploads\/sites\/2\/2024\/11\/Adwokatura-Przeciwko-Przemocy-1024x1024.jpg\" alt=\"\" class=\"wp-image-5196\" srcset=\"https:\/\/adwokatura.krakow.pl\/adwokaci-i-aplikanci\/wp-content\/uploads\/sites\/2\/2024\/11\/Adwokatura-Przeciwko-Przemocy-1024x1024.jpg 1024w, https:\/\/adwokatura.krakow.pl\/adwokaci-i-aplikanci\/wp-content\/uploads\/sites\/2\/2024\/11\/Adwokatura-Przeciwko-Przemocy-300x300.jpg 300w, https:\/\/adwokatura.krakow.pl\/adwokaci-i-aplikanci\/wp-content\/uploads\/sites\/2\/2024\/11\/Adwokatura-Przeciwko-Przemocy-150x150.jpg 150w, https:\/\/adwokatura.krakow.pl\/adwokaci-i-aplikanci\/wp-content\/uploads\/sites\/2\/2024\/11\/Adwokatura-Przeciwko-Przemocy-768x768.jpg 768w, https:\/\/adwokatura.krakow.pl\/adwokaci-i-aplikanci\/wp-content\/uploads\/sites\/2\/2024\/11\/Adwokatura-Przeciwko-Przemocy.jpg 1080w\" sizes=\"auto, (max-width: 1024px) 100vw, 1024px\" \/><\/figure>\n\n\n\n<p>Drogie Kole\u017canki i Koledzy,<\/p>\n\n\n\n<ul class=\"wp-block-list\">\n<li>Adwokatura w\u0142\u0105cza si\u0119 w kampani\u0119 16 dni Akcji przeciwko przemocy ze wzgl\u0119du na p\u0142e\u0107.<\/li>\n\n\n\n<li>Od 25 listopada (Mi\u0119dzynarodowy Dzie\u0144 Przeciw Przemocy Wobec Kobiet) do 10 grudnia (Dzie\u0144 Praw Cz\u0142owieka) przeprowadzona zostanie akcja edukacyjna #Adwokaturaprzeciwkoprzemocy, kt\u00f3rej celem jest przeciwdzia\u0142anie zjawisku przemocy<\/li>\n\n\n\n<li>Akcja skierowana jest do uczni\u00f3w i uczennic klas VII-VIII szk\u00f3\u0142 podstawowych oraz szk\u00f3\u0142 \u015brednich\u00a0i zostanie przeprowadzona w ca\u0142ym kraju, przez adwokatki, adwokat\u00f3w, aplikantki i aplikant\u00f3w adwokackich z 24 izb adwokackich, kt\u00f3rzy edukowa\u0107 b\u0119d\u0105 m\u0142odzie\u017c na temat:<\/li>\n<\/ul>\n\n\n\n<p><\/p>\n\n\n\n<ul class=\"wp-block-list\">\n<li>przemocy w rodzinie<\/li>\n\n\n\n<li>przemocy r\u00f3wie\u015bniczej<\/li>\n\n\n\n<li>przemocy seksualnej<\/li>\n\n\n\n<li>przemocy wobec zwierz\u0105t<\/li>\n\n\n\n<li>dyskryminacji\u00a0<\/li>\n<\/ul>\n\n\n\n<p><\/p>\n\n\n\n<ul class=\"wp-block-list\">\n<li>Organizatorem akcji jest <a href=\"https:\/\/www.facebook.com\/NaczelnaRadaAdwokacka?__cft__%255b0%255d=AZVMF5MiNcYSDFcmU3JRO1ej4tXUkJVqX89K9T8w45V-uouFi2i-DeDoXc4LfyKAs14xCv7csI_7J8bK7IQBbNnCgBxi9QXHQ_qyW2u8W5nmiVpcGzDDc8Y_wKLRa2bXqWckebrQ9WZvK6iH9inFU8jCHpAOeAm9Ap5VSv4Ay-8yvyG6PMIp9TW2RRucg3PsyCs&amp;__tn__=-%255dK-R\">Naczelna Rada Adwokacka<\/a> i dzia\u0142aj\u0105ce przy niej Komisje: Komisja Praw Cz\u0142owieka, Komisja ds. R\u00f3wnego Traktowania, Zesp\u00f3\u0142 ds. Kobiet, Komisja Edukacji Prawnej oraz Komisja Wizerunku, a koordynatorkami akcji na szczeblu og\u00f3lnopolskim s\u0105 adwokatki: Katarzyna Golusi\u0144ska \u2013 przewodnicz\u0105ca Komisji ds. R\u00f3wnego Traktowania oraz Natalia Klima-Piotrowska \u2013 przewodnicz\u0105ca Komisji Praw Cz\u0142owieka<\/li>\n\n\n\n<li>Zaj\u0119cia zaplanowane s\u0105 na dwie godziny lekcyjne i prowadzone b\u0119d\u0105 przez Pa\u0144stwa w oparciu o przygotowane scenariusze oraz prezentacje, kt\u00f3re zostan\u0105 Pa\u0144stwu udost\u0119pnione.<\/li>\n\n\n\n<li>W dniu 21 listopada b.r. o godz. 18:00 odb\u0119dzie si\u0119 szkolenie pn. \u201eWidz\u0119 Ci\u0119 i Reaguj\u0119! Skuteczna reakcja &nbsp;w sytuacji, gdy dziecko zg\u0142asza przemoc seksualn\u0105\u201d, kt\u00f3re przeprowadzi dr hab. prof. UJ Ma\u0142gorzata Michel. Szkolenie to dost\u0119pne b\u0119dzie tak\u017ce w e-Palestrze.<\/li>\n\n\n\n<li>Ide\u0105 akcji jest kszta\u0142towanie \u015bwiadomo\u015bci prawnej w\u015br\u00f3d dzieci i m\u0142odzie\u017cy, ale tak\u017ce budowanie wizerunku adwokata i adwokatki jako specjalist\u00f3w w dziedzinie prawa, a w konsekwencji pozytywnego wizerunku Adwokatury w spo\u0142ecze\u0144stwie.<\/li>\n\n\n\n<li>Zach\u0119camy Pa\u0144stwa serdecznie do zg\u0142aszania szk\u00f3\u0142 swoich dzieci i przeprowadzenia zaj\u0119\u0107 osobi\u015bcie w szkole.<\/li>\n<\/ul>\n\n\n\n<ul class=\"wp-block-list\">\n<li>Zg\u0142oszenia szk\u00f3\u0142 oraz adwokat\u00f3w i aplikant\u00f3w adwokackich ch\u0119tnych do poprowadzenia zaj\u0119\u0107 przyjmowane s\u0105 przez koordynatork\u0119 izbowego\/\u0105 adw. Aleksandr\u0119 N\u0119dzi-Marek na adres e-mail: <a href=\"mailto:adwokat@kanm.pl\">adwokat@kanm.pl<\/a>&nbsp;<\/li>\n\n\n\n<li><strong>Zg\u0142oszenia przyjmujemy do dnia 18 listopada 2024 r.<\/strong><\/li>\n\n\n\n<li><strong>Po zg\u0142oszeniu, scenariusze zaj\u0119\u0107 zostan\u0105 przes\u0142ane do zg\u0142oszonych os\u00f3b.&nbsp;<\/strong><\/li>\n<\/ul>\n\n\n\n<p>Liczymy na Pa\u0144stwa wsparcie i zaanga\u017cowanie.<\/p>\n\n\n\n<p>Adwokatki: Natalia Klima-Piotrowska, adwokatka Katarzyna Golusi\u0144ska i Daria Skrzypczak-Kozikowska \u2013 koordynatorki og\u00f3lnopolska akcji \u201eAdwokatura przeciwko przemocy\u201d wraz z adw. Aleksandr\u0105 N\u0119dzi-Marek, koordynatork\u0105 akcji w Izbie Adwokackiej w Krakowie.<\/p>\n\n\n\n<p><\/p>\n","protected":false},"excerpt":{"rendered":"<p>Drogie Kole\u017canki i Koledzy, Liczymy na Pa\u0144stwa wsparcie i zaanga\u017cowanie. Adwokatki: Natalia Klima-Piotrowska, adwokatka Katarzyna Golusi\u0144ska i Daria Skrzypczak-Kozikowska \u2013 koordynatorki og\u00f3lnopolska akcji \u201eAdwokatura przeciwko przemocy\u201d wraz z adw. Aleksandr\u0105 N\u0119dzi-Marek, koordynatork\u0105 akcji w Izbie Adwokackiej w Krakowie.<\/p>\n","protected":false},"author":9,"featured_media":0,"comment_status":"closed","ping_status":"closed","sticky":false,"template":"","format":"standard","meta":{"_acf_changed":false,"inline_featured_image":false,"footnotes":""},"categories":[6],"tags":[86,85,84,81],"class_list":["post-5195","post","type-post","status-publish","format-standard","hentry","category-artykuly","tag-adwokaci","tag-pomoc-pokrzywdzonym","tag-prawo","tag-przemoc"],"acf":[],"_links":{"self":[{"href":"https:\/\/adwokatura.krakow.pl\/adwokaci-i-aplikanci\/wp-json\/wp\/v2\/posts\/5195","targetHints":{"allow":["GET"]}}],"collection":[{"href":"https:\/\/adwokatura.krakow.pl\/adwokaci-i-aplikanci\/wp-json\/wp\/v2\/posts"}],"about":[{"href":"https:\/\/adwokatura.krakow.pl\/adwokaci-i-aplikanci\/wp-json\/wp\/v2\/types\/post"}],"author":[{"embeddable":true,"href":"https:\/\/adwokatura.krakow.pl\/adwokaci-i-aplikanci\/wp-json\/wp\/v2\/users\/9"}],"replies":[{"embeddable":true,"href":"https:\/\/adwokatura.krakow.pl\/adwokaci-i-aplikanci\/wp-json\/wp\/v2\/comments?post=5195"}],"version-history":[{"count":1,"href":"https:\/\/adwokatura.krakow.pl\/adwokaci-i-aplikanci\/wp-json\/wp\/v2\/posts\/5195\/revisions"}],"predecessor-version":[{"id":5197,"href":"https:\/\/adwokatura.krakow.pl\/adwokaci-i-aplikanci\/wp-json\/wp\/v2\/posts\/5195\/revisions\/5197"}],"wp:attachment":[{"href":"https:\/\/adwokatura.krakow.pl\/adwokaci-i-aplikanci\/wp-json\/wp\/v2\/media?parent=5195"}],"wp:term":[{"taxonomy":"category","embeddable":true,"href":"https:\/\/adwokatura.krakow.pl\/adwokaci-i-aplikanci\/wp-json\/wp\/v2\/categories?post=5195"},{"taxonomy":"post_tag","embeddable":true,"href":"https:\/\/adwokatura.krakow.pl\/adwokaci-i-aplikanci\/wp-json\/wp\/v2\/tags?post=5195"}],"curies":[{"name":"wp","href":"https:\/\/api.w.org\/{rel}","templated":true}]}}