{"id":5264,"date":"2024-11-26T08:45:07","date_gmt":"2024-11-26T07:45:07","guid":{"rendered":"https:\/\/adwokatura.krakow.pl\/adwokaci-i-aplikanci\/?p=5264"},"modified":"2024-11-26T08:45:12","modified_gmt":"2024-11-26T07:45:12","slug":"adwokacka-szlachetna-paczka","status":"publish","type":"post","link":"https:\/\/adwokatura.krakow.pl\/adwokaci-i-aplikanci\/adwokacka-szlachetna-paczka\/","title":{"rendered":"Adwokacka Szlachetna Paczka"},"content":{"rendered":"\n<figure class=\"wp-block-image size-large\"><img loading=\"lazy\" decoding=\"async\" width=\"1024\" height=\"535\" src=\"https:\/\/adwokatura.krakow.pl\/adwokaci-i-aplikanci\/wp-content\/uploads\/sites\/2\/2024\/11\/Nasz-paczka-towrzy-Paczke_poziom-1024x535.png\" alt=\"\" class=\"wp-image-5265\" srcset=\"https:\/\/adwokatura.krakow.pl\/adwokaci-i-aplikanci\/wp-content\/uploads\/sites\/2\/2024\/11\/Nasz-paczka-towrzy-Paczke_poziom-1024x535.png 1024w, https:\/\/adwokatura.krakow.pl\/adwokaci-i-aplikanci\/wp-content\/uploads\/sites\/2\/2024\/11\/Nasz-paczka-towrzy-Paczke_poziom-300x157.png 300w, https:\/\/adwokatura.krakow.pl\/adwokaci-i-aplikanci\/wp-content\/uploads\/sites\/2\/2024\/11\/Nasz-paczka-towrzy-Paczke_poziom-768x401.png 768w, https:\/\/adwokatura.krakow.pl\/adwokaci-i-aplikanci\/wp-content\/uploads\/sites\/2\/2024\/11\/Nasz-paczka-towrzy-Paczke_poziom.png 1200w\" sizes=\"auto, (max-width: 1024px) 100vw, 1024px\" \/><\/figure>\n\n\n\n<p><strong>Adwokacka Szlachetna Paczka<\/strong><\/p>\n\n\n\n<p>Szanowni Pa\u0144stwo, po raz kolejny zapraszamy do udzia\u0142u w Adwokackiej Szlachetnej Paczce. W tym roku pomagamy Panu Fryderykowi, by\u0142emu pracownikowi szpitala, muzyka z zami\u0142owania i pasjonata sztuki kt\u00f3remu choroba odebra\u0142a mo\u017cliwo\u015b\u0107 zarobkowania. Post\u0119puj\u0105ca choroba wkr\u00f3tce mo\u017ce uniemo\u017cliwi\u0107 Panu Fryderykowi mo\u017cliwo\u015b\u0107 samodzielnego poruszania si\u0119.<\/p>\n\n\n\n<p><strong>Zapraszamy wraz z ca\u0142ymi rodzinami na wsp\u00f3lne pakowanie paczki w dniu 11 grudnia 2024 r. od godz. 18:00 przy ul. Batorego 17 w Krakowie. Fina\u0142 akcji w dniach 14-15.12.2024 r.<\/strong><\/p>\n\n\n\n<p><strong>Podstawowe potrzeby rodziny:<\/strong><\/p>\n\n\n\n<ol class=\"wp-block-list\" start=\"1\">\n<li>Rama \u0142\u00f3\u017cka z materacem rozmiar 140&#215;200 wraz z materacem (nie za wysoka z uwagi na chorob\u0119 i trudno\u015bci w poruszaniu si\u0119).<\/li>\n\n\n\n<li>Podk\u0142ady na \u0142\u00f3\u017cko (wymiary 90&#215;170).<\/li>\n\n\n\n<li>Buty rozmiar 45 (zimowe i sportowe).<\/li>\n<\/ol>\n\n\n\n<p><strong>Dodatkowe potrzeby:<\/strong><\/p>\n\n\n\n<ol class=\"wp-block-list\" start=\"1\">\n<li>S\u0142odycze: marcepan kt\u00f3ry Pan Fryderyk uwielbia, malaga i adwokatki.<\/li>\n\n\n\n<li>\u017bywno\u015b\u0107 z d\u0142ugim terminem przydatno\u015bci do spo\u017cycia.<\/li>\n\n\n\n<li>\u015arodki czysto\u015bci.<\/li>\n\n\n\n<li>Odzie\u017c:<\/li>\n\n\n\n<li>Koszulka \/ t-shirt (Letnie), Rozmiar: XXL,&nbsp;Uwagi: rozmiar musi byc 8XL-9XL w ciemnych kolorach<\/li>\n\n\n\n<li>Sweter (Zimowe)<\/li>\n<\/ol>\n\n\n\n<p>Rozmiar: XXL,&nbsp;Uwagi: Rozmiar 8XL-9XL czarny lub granatowy, mo\u017ce by\u0107 rozpinany lub wk\u0142adany przez g\u0142ow\u0119<\/p>\n\n\n\n<ul class=\"wp-block-list\">\n<li>Bielizna (Ca\u0142oroczne), Rozmiar: XXL,&nbsp;Uwagi: Bokserki 9XL<\/li>\n\n\n\n<li>Skarpetki (Ca\u0142oroczne), Rozmiar: XXL,&nbsp;Uwagi: Skarpetki do but\u00f3w o rozmiarze 45, bezuciskowe specjalne dla ludzi chorych z problemami z kr\u0105\u017ceniem &#8211; bezuciskowe<\/li>\n<\/ul>\n\n\n\n<ol class=\"wp-block-list\" start=\"5\">\n<li>Szyfro krzy\u017c\u00f3wki.<\/li>\n\n\n\n<li>Po\u015bciel.<\/li>\n\n\n\n<li>Poduszka.<\/li>\n<\/ol>\n\n\n\n<p>Koordynatorem akcji jest adwokat Angelika Arter (tel. 501&nbsp;685&nbsp;049).<\/p>\n\n\n\n<p><\/p>\n","protected":false},"excerpt":{"rendered":"<p>Adwokacka Szlachetna Paczka Szanowni Pa\u0144stwo, po raz kolejny zapraszamy do udzia\u0142u w Adwokackiej Szlachetnej Paczce. W tym roku pomagamy Panu Fryderykowi, by\u0142emu pracownikowi szpitala, muzyka z zami\u0142owania i pasjonata sztuki kt\u00f3remu choroba odebra\u0142a mo\u017cliwo\u015b\u0107 zarobkowania. Post\u0119puj\u0105ca choroba wkr\u00f3tce mo\u017ce uniemo\u017cliwi\u0107 Panu Fryderykowi mo\u017cliwo\u015b\u0107 samodzielnego poruszania si\u0119. Zapraszamy wraz z ca\u0142ymi rodzinami na wsp\u00f3lne pakowanie paczki [&hellip;]<\/p>\n","protected":false},"author":9,"featured_media":0,"comment_status":"closed","ping_status":"closed","sticky":false,"template":"","format":"standard","meta":{"_acf_changed":false,"inline_featured_image":false,"footnotes":""},"categories":[6],"tags":[88,90,89,87],"class_list":["post-5264","post","type-post","status-publish","format-standard","hentry","category-artykuly","tag-mikolaj","tag-paczka","tag-pomoc","tag-szlachetna-paczka"],"acf":[],"_links":{"self":[{"href":"https:\/\/adwokatura.krakow.pl\/adwokaci-i-aplikanci\/wp-json\/wp\/v2\/posts\/5264","targetHints":{"allow":["GET"]}}],"collection":[{"href":"https:\/\/adwokatura.krakow.pl\/adwokaci-i-aplikanci\/wp-json\/wp\/v2\/posts"}],"about":[{"href":"https:\/\/adwokatura.krakow.pl\/adwokaci-i-aplikanci\/wp-json\/wp\/v2\/types\/post"}],"author":[{"embeddable":true,"href":"https:\/\/adwokatura.krakow.pl\/adwokaci-i-aplikanci\/wp-json\/wp\/v2\/users\/9"}],"replies":[{"embeddable":true,"href":"https:\/\/adwokatura.krakow.pl\/adwokaci-i-aplikanci\/wp-json\/wp\/v2\/comments?post=5264"}],"version-history":[{"count":1,"href":"https:\/\/adwokatura.krakow.pl\/adwokaci-i-aplikanci\/wp-json\/wp\/v2\/posts\/5264\/revisions"}],"predecessor-version":[{"id":5266,"href":"https:\/\/adwokatura.krakow.pl\/adwokaci-i-aplikanci\/wp-json\/wp\/v2\/posts\/5264\/revisions\/5266"}],"wp:attachment":[{"href":"https:\/\/adwokatura.krakow.pl\/adwokaci-i-aplikanci\/wp-json\/wp\/v2\/media?parent=5264"}],"wp:term":[{"taxonomy":"category","embeddable":true,"href":"https:\/\/adwokatura.krakow.pl\/adwokaci-i-aplikanci\/wp-json\/wp\/v2\/categories?post=5264"},{"taxonomy":"post_tag","embeddable":true,"href":"https:\/\/adwokatura.krakow.pl\/adwokaci-i-aplikanci\/wp-json\/wp\/v2\/tags?post=5264"}],"curies":[{"name":"wp","href":"https:\/\/api.w.org\/{rel}","templated":true}]}}