{"id":5267,"date":"2024-11-27T09:28:41","date_gmt":"2024-11-27T08:28:41","guid":{"rendered":"https:\/\/adwokatura.krakow.pl\/adwokaci-i-aplikanci\/?p=5267"},"modified":"2024-11-27T14:53:43","modified_gmt":"2024-11-27T13:53:43","slug":"przedswiateczne-spotkanie-integracyjne-palestry-krakowskiej","status":"publish","type":"post","link":"https:\/\/adwokatura.krakow.pl\/adwokaci-i-aplikanci\/przedswiateczne-spotkanie-integracyjne-palestry-krakowskiej\/","title":{"rendered":"Przed\u015bwi\u0105teczne spotkanie integracyjne Palestry krakowskiej"},"content":{"rendered":"\n<figure class=\"wp-block-image size-large\"><img loading=\"lazy\" decoding=\"async\" width=\"1024\" height=\"576\" src=\"https:\/\/adwokatura.krakow.pl\/adwokaci-i-aplikanci\/wp-content\/uploads\/sites\/2\/2024\/11\/Typography-Illustrative-Santa-Christmas-Party-Facebook-Event-Cover-1024x576.png\" alt=\"\" class=\"wp-image-5268\" srcset=\"https:\/\/adwokatura.krakow.pl\/adwokaci-i-aplikanci\/wp-content\/uploads\/sites\/2\/2024\/11\/Typography-Illustrative-Santa-Christmas-Party-Facebook-Event-Cover-1024x576.png 1024w, https:\/\/adwokatura.krakow.pl\/adwokaci-i-aplikanci\/wp-content\/uploads\/sites\/2\/2024\/11\/Typography-Illustrative-Santa-Christmas-Party-Facebook-Event-Cover-300x169.png 300w, https:\/\/adwokatura.krakow.pl\/adwokaci-i-aplikanci\/wp-content\/uploads\/sites\/2\/2024\/11\/Typography-Illustrative-Santa-Christmas-Party-Facebook-Event-Cover-768x432.png 768w, https:\/\/adwokatura.krakow.pl\/adwokaci-i-aplikanci\/wp-content\/uploads\/sites\/2\/2024\/11\/Typography-Illustrative-Santa-Christmas-Party-Facebook-Event-Cover-1536x864.png 1536w, https:\/\/adwokatura.krakow.pl\/adwokaci-i-aplikanci\/wp-content\/uploads\/sites\/2\/2024\/11\/Typography-Illustrative-Santa-Christmas-Party-Facebook-Event-Cover.png 1920w\" sizes=\"auto, (max-width: 1024px) 100vw, 1024px\" \/><\/figure>\n\n\n\n<p><img loading=\"lazy\" decoding=\"async\" height=\"16\" width=\"16\" src=\"https:\/\/static.xx.fbcdn.net\/images\/emoji.php\/v9\/tc8\/1\/16\/1f440.png\" alt=\"\ud83d\udc40\"><img loading=\"lazy\" decoding=\"async\" height=\"16\" width=\"16\" src=\"https:\/\/static.xx.fbcdn.net\/images\/emoji.php\/v9\/tc8\/1\/16\/1f440.png\" alt=\"\ud83d\udc40\">Komisja <a href=\"https:\/\/www.facebook.com\/hashtag\/nowoczesnaadwokatura?__eep__=6&amp;__cft__[0]=AZXNEJTtSDnSwUB274GQccvOGTKXPTopki8hEY5Pvkh8bk1mL2vhNchOE3bj2PiriUfjrqmyS8MpjNtJkvYjuvmybkA8O-TqdlgZPfSz2zt1rVL2E1JXufCGBchfGBNNKsfpQ4N1Uwm8GAf98k9CG8_R9JduB_RNUHYT0oE4LoI15ACgAETy3L_VhvCapjrgRQk&amp;__tn__=*NK-R\">#Nowoczesnaadwokatura<\/a> przy ORA Krak\u00f3w zaprasza serdecznie wszystkich Adwokat\u00f3w i Aplikant\u00f3w Adwokackich na przed\u015bwi\u0105teczne spotkanie integracyjne, kt\u00f3re odb\u0119dzie w dniu 12 grudnia br. (czwartek) od godz. 20.00, jak zawsze w Klubie No7 przy Rynku G\u0142\u00f3wnym 7.<\/p>\n\n\n\n<p>Komisja Integracji \u015arodowiskowej, Kultury i Sportu ORA Krak\u00f3w<\/p>\n\n\n\n<p>Komisja <a href=\"https:\/\/www.facebook.com\/hashtag\/nowoczesnaadwokatura?__eep__=6&amp;__cft__[0]=AZXNEJTtSDnSwUB274GQccvOGTKXPTopki8hEY5Pvkh8bk1mL2vhNchOE3bj2PiriUfjrqmyS8MpjNtJkvYjuvmybkA8O-TqdlgZPfSz2zt1rVL2E1JXufCGBchfGBNNKsfpQ4N1Uwm8GAf98k9CG8_R9JduB_RNUHYT0oE4LoI15ACgAETy3L_VhvCapjrgRQk&amp;__tn__=*NK-R\">#Nowoczesnaadwokatura<\/a> ORA Krak\u00f3w<\/p>\n\n\n\n<p><em>adw. Dariusz Gradzi<\/em><\/p>\n","protected":false},"excerpt":{"rendered":"<p>Komisja #Nowoczesnaadwokatura przy ORA Krak\u00f3w zaprasza serdecznie wszystkich Adwokat\u00f3w i Aplikant\u00f3w Adwokackich na przed\u015bwi\u0105teczne spotkanie integracyjne, kt\u00f3re odb\u0119dzie w dniu 12 grudnia br. (czwartek) od godz. 20.00, jak zawsze w Klubie No7 przy Rynku G\u0142\u00f3wnym 7. Komisja Integracji \u015arodowiskowej, Kultury i Sportu ORA Krak\u00f3w Komisja #Nowoczesnaadwokatura ORA Krak\u00f3w adw. Dariusz Gradzi<\/p>\n","protected":false},"author":9,"featured_media":0,"comment_status":"closed","ping_status":"closed","sticky":false,"template":"","format":"standard","meta":{"_acf_changed":false,"inline_featured_image":false,"footnotes":""},"categories":[6],"tags":[91],"class_list":["post-5267","post","type-post","status-publish","format-standard","hentry","category-artykuly","tag-przedswiateczne-spotkanie-integracyjne"],"acf":[],"_links":{"self":[{"href":"https:\/\/adwokatura.krakow.pl\/adwokaci-i-aplikanci\/wp-json\/wp\/v2\/posts\/5267","targetHints":{"allow":["GET"]}}],"collection":[{"href":"https:\/\/adwokatura.krakow.pl\/adwokaci-i-aplikanci\/wp-json\/wp\/v2\/posts"}],"about":[{"href":"https:\/\/adwokatura.krakow.pl\/adwokaci-i-aplikanci\/wp-json\/wp\/v2\/types\/post"}],"author":[{"embeddable":true,"href":"https:\/\/adwokatura.krakow.pl\/adwokaci-i-aplikanci\/wp-json\/wp\/v2\/users\/9"}],"replies":[{"embeddable":true,"href":"https:\/\/adwokatura.krakow.pl\/adwokaci-i-aplikanci\/wp-json\/wp\/v2\/comments?post=5267"}],"version-history":[{"count":5,"href":"https:\/\/adwokatura.krakow.pl\/adwokaci-i-aplikanci\/wp-json\/wp\/v2\/posts\/5267\/revisions"}],"predecessor-version":[{"id":5280,"href":"https:\/\/adwokatura.krakow.pl\/adwokaci-i-aplikanci\/wp-json\/wp\/v2\/posts\/5267\/revisions\/5280"}],"wp:attachment":[{"href":"https:\/\/adwokatura.krakow.pl\/adwokaci-i-aplikanci\/wp-json\/wp\/v2\/media?parent=5267"}],"wp:term":[{"taxonomy":"category","embeddable":true,"href":"https:\/\/adwokatura.krakow.pl\/adwokaci-i-aplikanci\/wp-json\/wp\/v2\/categories?post=5267"},{"taxonomy":"post_tag","embeddable":true,"href":"https:\/\/adwokatura.krakow.pl\/adwokaci-i-aplikanci\/wp-json\/wp\/v2\/tags?post=5267"}],"curies":[{"name":"wp","href":"https:\/\/api.w.org\/{rel}","templated":true}]}}