{"id":5298,"date":"2024-12-10T09:20:03","date_gmt":"2024-12-10T08:20:03","guid":{"rendered":"https:\/\/adwokatura.krakow.pl\/adwokaci-i-aplikanci\/?p=5298"},"modified":"2024-12-10T09:35:41","modified_gmt":"2024-12-10T08:35:41","slug":"nowelizacja-prawa-autorskiego-2024-najwazniejsze-zmiany-i-praktyczne-aspekty","status":"publish","type":"post","link":"https:\/\/adwokatura.krakow.pl\/adwokaci-i-aplikanci\/nowelizacja-prawa-autorskiego-2024-najwazniejsze-zmiany-i-praktyczne-aspekty\/","title":{"rendered":"Nowelizacja Prawa Autorskiego 2024 \u2013najwa\u017cniejsze zmiany i praktyczne aspekty"},"content":{"rendered":"\n<figure class=\"wp-block-image size-large is-resized\"><img loading=\"lazy\" decoding=\"async\" width=\"724\" height=\"1024\" src=\"https:\/\/adwokatura.krakow.pl\/adwokaci-i-aplikanci\/wp-content\/uploads\/sites\/2\/2024\/12\/NOWELIZACJA-prawa-autorskie-2024-1-724x1024.png\" alt=\"\" class=\"wp-image-5300\" style=\"width:469px;height:auto\" srcset=\"https:\/\/adwokatura.krakow.pl\/adwokaci-i-aplikanci\/wp-content\/uploads\/sites\/2\/2024\/12\/NOWELIZACJA-prawa-autorskie-2024-1-724x1024.png 724w, https:\/\/adwokatura.krakow.pl\/adwokaci-i-aplikanci\/wp-content\/uploads\/sites\/2\/2024\/12\/NOWELIZACJA-prawa-autorskie-2024-1-212x300.png 212w, https:\/\/adwokatura.krakow.pl\/adwokaci-i-aplikanci\/wp-content\/uploads\/sites\/2\/2024\/12\/NOWELIZACJA-prawa-autorskie-2024-1-768x1086.png 768w, https:\/\/adwokatura.krakow.pl\/adwokaci-i-aplikanci\/wp-content\/uploads\/sites\/2\/2024\/12\/NOWELIZACJA-prawa-autorskie-2024-1-1086x1536.png 1086w, https:\/\/adwokatura.krakow.pl\/adwokaci-i-aplikanci\/wp-content\/uploads\/sites\/2\/2024\/12\/NOWELIZACJA-prawa-autorskie-2024-1-1448x2048.png 1448w, https:\/\/adwokatura.krakow.pl\/adwokaci-i-aplikanci\/wp-content\/uploads\/sites\/2\/2024\/12\/NOWELIZACJA-prawa-autorskie-2024-1.png 1587w\" sizes=\"auto, (max-width: 724px) 100vw, 724px\" \/><\/figure>\n\n\n\n<p><strong>Sekcja Prawa W\u0142asno\u015bci Intelektualnej i Nowych Technologii<\/strong><em> przy Okr\u0119gowej Radzie Adwokackiej w Krakowie<\/em> <\/p>\n\n\n\n<p>zaprasza na szkolenie po\u015bwi\u0119cone nowelizacji prawa autorskiego, kt\u00f3ra wesz\u0142a w \u017cycie we wrze\u015bniu 2024 roku. Nowelizacja ta, implementuj\u0105ce dwie dyrektywy unijne odnosz\u0105ce si\u0119 do prawa autorskiego, wprowadzi\u0142a do polskiego porz\u0105dku prawnego istotne zmiany \u2013 w tym w zakresie zasad wynagradzania tw\u00f3rc\u00f3w i artyst\u00f3w wykonawc\u00f3w. &nbsp;<\/p>\n\n\n\n<p>Wyk\u0142ad ma za zadanie przybli\u017cy\u0107 te modyfikacje i odnie\u015b\u0107 je do kontekstu praktycznego obrotu prawami autorskimi. Podczas szkolenia mo\u017cna b\u0119dzie si\u0119 dowiedzie\u0107 mi\u0119dzy innymi co oznacza \u201egodziwe i odpowiednie\u201d wynagrodzenie autora, jak realizowa\u0107 obowi\u0105zek przejrzysto\u015bci i jakie zmiany dotkn\u0119\u0142y klauzul\u0119 bestsellerow\u0105.&nbsp;<\/p>\n\n\n<a class=\"button button--zielony-ze-strzalka\" href=\"https:\/\/us02web.zoom.us\/j\/82636275769?pwd=iYhnn3dwWMAODcfW0Ywfhdm1bCQfRP.1#success\">\n        ZOOM<\/a>\n\n\n\n<p><\/p>\n","protected":false},"excerpt":{"rendered":"<p>Sekcja Prawa W\u0142asno\u015bci Intelektualnej i Nowych Technologii przy Okr\u0119gowej Radzie Adwokackiej w Krakowie zaprasza na szkolenie po\u015bwi\u0119cone nowelizacji prawa autorskiego, kt\u00f3ra wesz\u0142a w \u017cycie we wrze\u015bniu 2024 roku. Nowelizacja ta, implementuj\u0105ce dwie dyrektywy unijne odnosz\u0105ce si\u0119 do prawa autorskiego, wprowadzi\u0142a do polskiego porz\u0105dku prawnego istotne zmiany \u2013 w tym w zakresie zasad wynagradzania tw\u00f3rc\u00f3w i [&hellip;]<\/p>\n","protected":false},"author":9,"featured_media":0,"comment_status":"closed","ping_status":"closed","sticky":false,"template":"","format":"standard","meta":{"_acf_changed":false,"inline_featured_image":false,"footnotes":""},"categories":[6],"tags":[],"class_list":["post-5298","post","type-post","status-publish","format-standard","hentry","category-artykuly"],"acf":[],"_links":{"self":[{"href":"https:\/\/adwokatura.krakow.pl\/adwokaci-i-aplikanci\/wp-json\/wp\/v2\/posts\/5298","targetHints":{"allow":["GET"]}}],"collection":[{"href":"https:\/\/adwokatura.krakow.pl\/adwokaci-i-aplikanci\/wp-json\/wp\/v2\/posts"}],"about":[{"href":"https:\/\/adwokatura.krakow.pl\/adwokaci-i-aplikanci\/wp-json\/wp\/v2\/types\/post"}],"author":[{"embeddable":true,"href":"https:\/\/adwokatura.krakow.pl\/adwokaci-i-aplikanci\/wp-json\/wp\/v2\/users\/9"}],"replies":[{"embeddable":true,"href":"https:\/\/adwokatura.krakow.pl\/adwokaci-i-aplikanci\/wp-json\/wp\/v2\/comments?post=5298"}],"version-history":[{"count":4,"href":"https:\/\/adwokatura.krakow.pl\/adwokaci-i-aplikanci\/wp-json\/wp\/v2\/posts\/5298\/revisions"}],"predecessor-version":[{"id":5304,"href":"https:\/\/adwokatura.krakow.pl\/adwokaci-i-aplikanci\/wp-json\/wp\/v2\/posts\/5298\/revisions\/5304"}],"wp:attachment":[{"href":"https:\/\/adwokatura.krakow.pl\/adwokaci-i-aplikanci\/wp-json\/wp\/v2\/media?parent=5298"}],"wp:term":[{"taxonomy":"category","embeddable":true,"href":"https:\/\/adwokatura.krakow.pl\/adwokaci-i-aplikanci\/wp-json\/wp\/v2\/categories?post=5298"},{"taxonomy":"post_tag","embeddable":true,"href":"https:\/\/adwokatura.krakow.pl\/adwokaci-i-aplikanci\/wp-json\/wp\/v2\/tags?post=5298"}],"curies":[{"name":"wp","href":"https:\/\/api.w.org\/{rel}","templated":true}]}}