{"id":5308,"date":"2024-12-10T11:19:36","date_gmt":"2024-12-10T10:19:36","guid":{"rendered":"https:\/\/adwokatura.krakow.pl\/adwokaci-i-aplikanci\/?p=5308"},"modified":"2024-12-10T12:12:19","modified_gmt":"2024-12-10T11:12:19","slug":"z-zalem-zawiadamiamy-%e2%9c%9e","status":"publish","type":"post","link":"https:\/\/adwokatura.krakow.pl\/adwokaci-i-aplikanci\/z-zalem-zawiadamiamy-%e2%9c%9e\/","title":{"rendered":"Z \u017calem zawiadamiamy \u271e"},"content":{"rendered":"\n<figure class=\"wp-block-image size-full is-resized\"><img loading=\"lazy\" decoding=\"async\" width=\"289\" height=\"424\" src=\"https:\/\/adwokatura.krakow.pl\/adwokaci-i-aplikanci\/wp-content\/uploads\/sites\/2\/2024\/12\/rip-andrzej-sopata.jpg\" alt=\"\" class=\"wp-image-5318\" style=\"width:132px;height:auto\" srcset=\"https:\/\/adwokatura.krakow.pl\/adwokaci-i-aplikanci\/wp-content\/uploads\/sites\/2\/2024\/12\/rip-andrzej-sopata.jpg 289w, https:\/\/adwokatura.krakow.pl\/adwokaci-i-aplikanci\/wp-content\/uploads\/sites\/2\/2024\/12\/rip-andrzej-sopata-204x300.jpg 204w\" sizes=\"auto, (max-width: 289px) 100vw, 289px\" \/><\/figure>\n\n\n\n<p class=\"has-text-align-center\">Z \u017calem zawiadamiamy, \u017ce dnia 8 grudnia 2024 roku odszed\u0142<\/p>\n\n\n\n<p class=\"has-text-align-center\"><strong>\u015b \u271e p<\/strong><\/p>\n\n\n\n<p class=\"has-text-align-center\"><strong>adwokat<\/strong><\/p>\n\n\n\n<p class=\"has-text-align-center\"><strong>Andrzej Sopata<\/strong><strong><\/strong><\/p>\n\n\n\n<p class=\"has-text-align-center\">Ceniony prawnik, zas\u0142u\u017cony dla samorz\u0105du adwokackiego,&nbsp;szanowany, lubiany Kolega, Uhonorowany odznak\u0105 Adwokatura Zas\u0142u\u017conym<\/p>\n\n\n\n<p class=\"has-text-align-center\">Cz\u0142onek Komisji Prawnej ORA, Cz\u0142onek Komisji Kultury, Sportu i Turystyki ORA w Krakowie.<\/p>\n\n\n\n<p class=\"has-text-align-center\">W latach 2007-2010 Przewodnicz\u0105cy Zarz\u0105du Funduszu Wzajemnej Pomocy KIA.<\/p>\n\n\n\n<p class=\"has-text-align-center\">W latach 2010-2013 Cz\u0142onek Okr\u0119gowej Rady Adwokackiej oraz koordynator ORA ds. aplikacji i praktyk adwokackich<\/p>\n\n\n\n<p class=\"has-text-align-center\">W latach 2013-2016 Cz\u0142onek S\u0105du Dyscyplinarnego. <\/p>\n\n\n\n<p class=\"has-text-align-center\">W latach 2020-2024 Cz\u0142onek Komisji Doskonalenia Zawodowego oraz Cz\u0142onek Konwentu Senior\u00f3w KIA.<\/p>\n\n\n\n<p class=\"has-text-align-center\">Delegat na Krajowy Zjazd Adwokatury.<\/p>\n\n\n\n<p class=\"has-text-align-center\">Wychowawca wielu pokole\u0144 adwokat\u00f3w i aplikant\u00f3w adwokackich.<\/p>\n\n\n\n<p class=\"has-text-align-center\">Msza \u015awi\u0119ta \u017ba\u0142obna odprawiona zostanie<\/p>\n\n\n\n<p class=\"has-text-align-center\">&nbsp;w Kaplicy na Cmentarzu Podg\u00f3rskim<br><strong>w dniu 13 grudnia 2024 roku o godz. 10.00<\/strong><br>po kt\u00f3rej Zmar\u0142y zostanie odprowadzony na miejsce spoczynku<\/p>\n\n\n\n<p class=\"has-text-align-center\">Najbli\u017cszym sk\u0142adamy wyrazy g\u0142\u0119bokiego wsp\u00f3\u0142czucia<\/p>\n\n\n\n<p class=\"has-text-align-center\">Pogr\u0105\u017ceni w smutku<\/p>\n\n\n\n<p class=\"has-text-align-center\"><em>Dziekan,<\/em><\/p>\n\n\n\n<p class=\"has-text-align-center\"><em>Okr\u0119gowa Rada Adwokacka,<\/em><\/p>\n\n\n\n<p class=\"has-text-align-center\"><em>Adwokaci i Aplikanci Adwokaccy Krakowskiej Izby Adwokackiej,<\/em><\/p>\n\n\n\n<p class=\"has-text-align-center\"><em>Pracownicy biura ORA<\/em><\/p>\n","protected":false},"excerpt":{"rendered":"<p>Z \u017calem zawiadamiamy, \u017ce dnia 8 grudnia 2024 roku odszed\u0142 \u015b \u271e p adwokat Andrzej Sopata Ceniony prawnik, zas\u0142u\u017cony dla samorz\u0105du adwokackiego,&nbsp;szanowany, lubiany Kolega, Uhonorowany odznak\u0105 Adwokatura Zas\u0142u\u017conym Cz\u0142onek Komisji Prawnej ORA, Cz\u0142onek Komisji Kultury, Sportu i Turystyki ORA w Krakowie. W latach 2007-2010 Przewodnicz\u0105cy Zarz\u0105du Funduszu Wzajemnej Pomocy KIA. W latach 2010-2013 Cz\u0142onek Okr\u0119gowej [&hellip;]<\/p>\n","protected":false},"author":9,"featured_media":0,"comment_status":"closed","ping_status":"closed","sticky":false,"template":"","format":"standard","meta":{"_acf_changed":false,"inline_featured_image":false,"footnotes":""},"categories":[6],"tags":[],"class_list":["post-5308","post","type-post","status-publish","format-standard","hentry","category-artykuly"],"acf":[],"_links":{"self":[{"href":"https:\/\/adwokatura.krakow.pl\/adwokaci-i-aplikanci\/wp-json\/wp\/v2\/posts\/5308","targetHints":{"allow":["GET"]}}],"collection":[{"href":"https:\/\/adwokatura.krakow.pl\/adwokaci-i-aplikanci\/wp-json\/wp\/v2\/posts"}],"about":[{"href":"https:\/\/adwokatura.krakow.pl\/adwokaci-i-aplikanci\/wp-json\/wp\/v2\/types\/post"}],"author":[{"embeddable":true,"href":"https:\/\/adwokatura.krakow.pl\/adwokaci-i-aplikanci\/wp-json\/wp\/v2\/users\/9"}],"replies":[{"embeddable":true,"href":"https:\/\/adwokatura.krakow.pl\/adwokaci-i-aplikanci\/wp-json\/wp\/v2\/comments?post=5308"}],"version-history":[{"count":4,"href":"https:\/\/adwokatura.krakow.pl\/adwokaci-i-aplikanci\/wp-json\/wp\/v2\/posts\/5308\/revisions"}],"predecessor-version":[{"id":5319,"href":"https:\/\/adwokatura.krakow.pl\/adwokaci-i-aplikanci\/wp-json\/wp\/v2\/posts\/5308\/revisions\/5319"}],"wp:attachment":[{"href":"https:\/\/adwokatura.krakow.pl\/adwokaci-i-aplikanci\/wp-json\/wp\/v2\/media?parent=5308"}],"wp:term":[{"taxonomy":"category","embeddable":true,"href":"https:\/\/adwokatura.krakow.pl\/adwokaci-i-aplikanci\/wp-json\/wp\/v2\/categories?post=5308"},{"taxonomy":"post_tag","embeddable":true,"href":"https:\/\/adwokatura.krakow.pl\/adwokaci-i-aplikanci\/wp-json\/wp\/v2\/tags?post=5308"}],"curies":[{"name":"wp","href":"https:\/\/api.w.org\/{rel}","templated":true}]}}