{"id":5320,"date":"2024-12-11T13:11:23","date_gmt":"2024-12-11T12:11:23","guid":{"rendered":"https:\/\/adwokatura.krakow.pl\/adwokaci-i-aplikanci\/?p=5320"},"modified":"2024-12-11T13:11:23","modified_gmt":"2024-12-11T12:11:23","slug":"odnowienie-polisy-oc-adwokatow-na-2025-rok","status":"publish","type":"post","link":"https:\/\/adwokatura.krakow.pl\/adwokaci-i-aplikanci\/odnowienie-polisy-oc-adwokatow-na-2025-rok\/","title":{"rendered":"ODNOWIENIE POLISY OC ADWOKAT\u00d3W NA 2025 ROK"},"content":{"rendered":"\n<p>Szanowni Pa\u0144stwo,<\/p>\n\n\n\n<p>W za\u0142\u0105czeniu uprzejmie przesy\u0142am dokument przes\u0142any z Naczelnej Rady Adwokackiej, a dotycz\u0105cy Polisy ubezpieczenia OC dla Adwokat\u00f3w.<\/p>\n\n\n\n<p>Prosz\u0119 o zapoznanie si\u0119 z tre\u015bci\u0105 komunikatu.<\/p>\n\n\n\n<p><em>Z powa\u017caniem,<\/em><\/p>\n\n\n\n<p><em>Aleksander Gut<\/em><\/p>\n\n\n\n<p><em>Dziekan Okr\u0119gowej Rady Adwokackiej w Krakowie<\/em><\/p>\n\n\n\n<figure class=\"wp-block-image size-large is-resized\"><img loading=\"lazy\" decoding=\"async\" width=\"791\" height=\"1024\" src=\"https:\/\/adwokatura.krakow.pl\/adwokaci-i-aplikanci\/wp-content\/uploads\/sites\/2\/2024\/12\/65aa8d55ca246e8576805a70df9f68bd-0-791x1024.jpg\" alt=\"\" class=\"wp-image-5321\" style=\"width:756px;height:auto\" srcset=\"https:\/\/adwokatura.krakow.pl\/adwokaci-i-aplikanci\/wp-content\/uploads\/sites\/2\/2024\/12\/65aa8d55ca246e8576805a70df9f68bd-0-791x1024.jpg 791w, https:\/\/adwokatura.krakow.pl\/adwokaci-i-aplikanci\/wp-content\/uploads\/sites\/2\/2024\/12\/65aa8d55ca246e8576805a70df9f68bd-0-232x300.jpg 232w, https:\/\/adwokatura.krakow.pl\/adwokaci-i-aplikanci\/wp-content\/uploads\/sites\/2\/2024\/12\/65aa8d55ca246e8576805a70df9f68bd-0-768x994.jpg 768w, https:\/\/adwokatura.krakow.pl\/adwokaci-i-aplikanci\/wp-content\/uploads\/sites\/2\/2024\/12\/65aa8d55ca246e8576805a70df9f68bd-0-1187x1536.jpg 1187w, https:\/\/adwokatura.krakow.pl\/adwokaci-i-aplikanci\/wp-content\/uploads\/sites\/2\/2024\/12\/65aa8d55ca246e8576805a70df9f68bd-0-1583x2048.jpg 1583w, https:\/\/adwokatura.krakow.pl\/adwokaci-i-aplikanci\/wp-content\/uploads\/sites\/2\/2024\/12\/65aa8d55ca246e8576805a70df9f68bd-0.jpg 1700w\" sizes=\"auto, (max-width: 791px) 100vw, 791px\" \/><\/figure>\n\n\n\n<figure class=\"wp-block-image size-large is-resized\"><img loading=\"lazy\" decoding=\"async\" width=\"791\" height=\"1024\" src=\"https:\/\/adwokatura.krakow.pl\/adwokaci-i-aplikanci\/wp-content\/uploads\/sites\/2\/2024\/12\/65aa8d55ca246e8576805a70df9f68bd-1-791x1024.jpg\" alt=\"\" class=\"wp-image-5322\" style=\"width:840px;height:auto\" srcset=\"https:\/\/adwokatura.krakow.pl\/adwokaci-i-aplikanci\/wp-content\/uploads\/sites\/2\/2024\/12\/65aa8d55ca246e8576805a70df9f68bd-1-791x1024.jpg 791w, https:\/\/adwokatura.krakow.pl\/adwokaci-i-aplikanci\/wp-content\/uploads\/sites\/2\/2024\/12\/65aa8d55ca246e8576805a70df9f68bd-1-232x300.jpg 232w, https:\/\/adwokatura.krakow.pl\/adwokaci-i-aplikanci\/wp-content\/uploads\/sites\/2\/2024\/12\/65aa8d55ca246e8576805a70df9f68bd-1-768x994.jpg 768w, https:\/\/adwokatura.krakow.pl\/adwokaci-i-aplikanci\/wp-content\/uploads\/sites\/2\/2024\/12\/65aa8d55ca246e8576805a70df9f68bd-1-1187x1536.jpg 1187w, https:\/\/adwokatura.krakow.pl\/adwokaci-i-aplikanci\/wp-content\/uploads\/sites\/2\/2024\/12\/65aa8d55ca246e8576805a70df9f68bd-1-1583x2048.jpg 1583w, https:\/\/adwokatura.krakow.pl\/adwokaci-i-aplikanci\/wp-content\/uploads\/sites\/2\/2024\/12\/65aa8d55ca246e8576805a70df9f68bd-1.jpg 1700w\" sizes=\"auto, (max-width: 791px) 100vw, 791px\" \/><\/figure>\n\n\n<div class=\"zalaczniki\">\n    \n    <div class=\"zalaczniki__wrap\">\n                        <div class=\"zalaczniki__single\">\n                <div class=\"zalaczniki__first\">\n                    <p class=\"zalaczniki__title\">\n                                                    KOMUNIKAT OC                                            <\/p>\n                    <p class=\"zalaczniki__file-name\">\n                                                    2024.12.09_komunikat_OC.docx                                            <\/p>\n                <\/div>\n                <div class=\"zalaczniki__middle\">\n                                        <a href=\"https:\/\/adwokatura.krakow.pl\/adwokaci-i-aplikanci\/wp-content\/uploads\/sites\/2\/2024\/12\/2024.12.09_komunikat_OC.docx\">Zobacz plik<\/a>\n                                    <\/div>\n                <div class=\"zalaczniki__last\">\n                                        <a download href=\"https:\/\/adwokatura.krakow.pl\/adwokaci-i-aplikanci\/wp-content\/uploads\/sites\/2\/2024\/12\/2024.12.09_komunikat_OC.docx\">\n                            <img decoding=\"async\" src=\"https:\/\/adwokatura.krakow.pl\/adwokaci-i-aplikanci\/wp-content\/themes\/kia\/dist\/images\/download.svg\" alt=\"download\">\n                        <\/a>\n                                    <\/div>\n               \n            <\/div>\n                <\/div>\n<\/div>","protected":false},"excerpt":{"rendered":"<p>Szanowni Pa\u0144stwo, W za\u0142\u0105czeniu uprzejmie przesy\u0142am dokument przes\u0142any z Naczelnej Rady Adwokackiej, a dotycz\u0105cy Polisy ubezpieczenia OC dla Adwokat\u00f3w. Prosz\u0119 o zapoznanie si\u0119 z tre\u015bci\u0105 komunikatu. Z powa\u017caniem, Aleksander Gut Dziekan Okr\u0119gowej Rady Adwokackiej w Krakowie<\/p>\n","protected":false},"author":9,"featured_media":0,"comment_status":"closed","ping_status":"closed","sticky":false,"template":"","format":"standard","meta":{"_acf_changed":false,"inline_featured_image":false,"footnotes":""},"categories":[6],"tags":[92,94,93],"class_list":["post-5320","post","type-post","status-publish","format-standard","hentry","category-artykuly","tag-oc","tag-skladki","tag-ubezpieczenie"],"acf":[],"_links":{"self":[{"href":"https:\/\/adwokatura.krakow.pl\/adwokaci-i-aplikanci\/wp-json\/wp\/v2\/posts\/5320","targetHints":{"allow":["GET"]}}],"collection":[{"href":"https:\/\/adwokatura.krakow.pl\/adwokaci-i-aplikanci\/wp-json\/wp\/v2\/posts"}],"about":[{"href":"https:\/\/adwokatura.krakow.pl\/adwokaci-i-aplikanci\/wp-json\/wp\/v2\/types\/post"}],"author":[{"embeddable":true,"href":"https:\/\/adwokatura.krakow.pl\/adwokaci-i-aplikanci\/wp-json\/wp\/v2\/users\/9"}],"replies":[{"embeddable":true,"href":"https:\/\/adwokatura.krakow.pl\/adwokaci-i-aplikanci\/wp-json\/wp\/v2\/comments?post=5320"}],"version-history":[{"count":2,"href":"https:\/\/adwokatura.krakow.pl\/adwokaci-i-aplikanci\/wp-json\/wp\/v2\/posts\/5320\/revisions"}],"predecessor-version":[{"id":5325,"href":"https:\/\/adwokatura.krakow.pl\/adwokaci-i-aplikanci\/wp-json\/wp\/v2\/posts\/5320\/revisions\/5325"}],"wp:attachment":[{"href":"https:\/\/adwokatura.krakow.pl\/adwokaci-i-aplikanci\/wp-json\/wp\/v2\/media?parent=5320"}],"wp:term":[{"taxonomy":"category","embeddable":true,"href":"https:\/\/adwokatura.krakow.pl\/adwokaci-i-aplikanci\/wp-json\/wp\/v2\/categories?post=5320"},{"taxonomy":"post_tag","embeddable":true,"href":"https:\/\/adwokatura.krakow.pl\/adwokaci-i-aplikanci\/wp-json\/wp\/v2\/tags?post=5320"}],"curies":[{"name":"wp","href":"https:\/\/api.w.org\/{rel}","templated":true}]}}