{"id":5342,"date":"2024-12-16T11:58:55","date_gmt":"2024-12-16T10:58:55","guid":{"rendered":"https:\/\/adwokatura.krakow.pl\/adwokaci-i-aplikanci\/?p=5342"},"modified":"2024-12-16T11:58:56","modified_gmt":"2024-12-16T10:58:56","slug":"postepowanie-w-przedmiocie-ogloszenia-upadlosci-konsumenckiej","status":"publish","type":"post","link":"https:\/\/adwokatura.krakow.pl\/adwokaci-i-aplikanci\/postepowanie-w-przedmiocie-ogloszenia-upadlosci-konsumenckiej\/","title":{"rendered":"Post\u0119powanie w przedmiocie og\u0142oszenia upad\u0142o\u015bci konsumenckiej"},"content":{"rendered":"\n<figure class=\"wp-block-image size-large is-resized\"><img loading=\"lazy\" decoding=\"async\" width=\"724\" height=\"1024\" src=\"https:\/\/adwokatura.krakow.pl\/adwokaci-i-aplikanci\/wp-content\/uploads\/sites\/2\/2024\/12\/Sekcja-prawa-upadlosciowego-20.12.2024-724x1024.png\" alt=\"\" class=\"wp-image-5343\" style=\"width:480px;height:auto\" srcset=\"https:\/\/adwokatura.krakow.pl\/adwokaci-i-aplikanci\/wp-content\/uploads\/sites\/2\/2024\/12\/Sekcja-prawa-upadlosciowego-20.12.2024-724x1024.png 724w, https:\/\/adwokatura.krakow.pl\/adwokaci-i-aplikanci\/wp-content\/uploads\/sites\/2\/2024\/12\/Sekcja-prawa-upadlosciowego-20.12.2024-212x300.png 212w, https:\/\/adwokatura.krakow.pl\/adwokaci-i-aplikanci\/wp-content\/uploads\/sites\/2\/2024\/12\/Sekcja-prawa-upadlosciowego-20.12.2024-768x1086.png 768w, https:\/\/adwokatura.krakow.pl\/adwokaci-i-aplikanci\/wp-content\/uploads\/sites\/2\/2024\/12\/Sekcja-prawa-upadlosciowego-20.12.2024.png 794w\" sizes=\"auto, (max-width: 724px) 100vw, 724px\" \/><\/figure>\n\n\n\n<p>Sekcja Prawa Upad\u0142o\u015bciowego i Restrukturyzacyjnego przy KIA<\/p>\n\n\n\n<p>Serdecznie zaprasza na wyk\u0142ad:<\/p>\n\n\n\n<p>DATA: 20.12.2024r.<\/p>\n\n\n\n<p>GODZ.: 16:00<\/p>\n\n\n\n<p>ONLINE &#8211; PLATFORMA ZOOM<\/p>\n\n\n\n<p>Tematyka spotkania to: POST\u0118POWANIE W PRZEDMIOCIE OG\u0141OSZENIA UPAD\u0141O\u015aCI KONSUMENCKIEJ:<\/p>\n\n\n\n<p>-przes\u0142anki do z\u0142o\u017cenia wniosku (brak badania przyczyn niewyp\u0142acalno\u015bci osoby fizycznej na etapie z\u0142o\u017cenia wniosku) , legitymacja czynna do z\u0142o\u017cenia wniosku,<\/p>\n\n\n\n<p>-om\u00f3wienie wymog\u00f3w formalnych wniosku,<\/p>\n\n\n\n<p>-post\u0119powanie zabezpieczaj\u0105ce,<\/p>\n\n\n\n<p>-pre-pack,<\/p>\n\n\n\n<p>-dodatkowy cel post\u0119powania upad\u0142o\u015bciowego do os\u00f3b fizycznych (odd\u0142u\u017cenie).<\/p>\n\n\n\n<p>WYK\u0141AD POPROWADZI: dr Bartosz Sierakowski <img loading=\"lazy\" decoding=\"async\" height=\"16\" width=\"16\" alt=\"\ud83d\udc64\" src=\"https:\/\/static.xx.fbcdn.net\/images\/emoji.php\/v9\/ta\/1\/16\/1f464.png\"><\/p>\n\n\n\n<p>Wyk\u0142ad ten jest cz\u0119\u015bci\u0105 szerszego bloku tematycznego, kt\u00f3ry Sekcja Prawa Upad\u0142o\u015bciowego i Restrukturyzacyjnego przygotowa\u0142a, aby zag\u0142\u0119bi\u0107 najwa\u017cniejsze zagadnienia z zakresu o kt\u00f3rym mowa powy\u017cej.<\/p>\n\n\n\n<p>Ju\u017c wkr\u00f3tce poinformujemy o kolejnych wyk\u0142adach w ramach tego cyklu.<\/p>\n","protected":false},"excerpt":{"rendered":"<p>Sekcja Prawa Upad\u0142o\u015bciowego i Restrukturyzacyjnego przy KIA Serdecznie zaprasza na wyk\u0142ad: DATA: 20.12.2024r. GODZ.: 16:00 ONLINE &#8211; PLATFORMA ZOOM Tematyka spotkania to: POST\u0118POWANIE W PRZEDMIOCIE OG\u0141OSZENIA UPAD\u0141O\u015aCI KONSUMENCKIEJ: -przes\u0142anki do z\u0142o\u017cenia wniosku (brak badania przyczyn niewyp\u0142acalno\u015bci osoby fizycznej na etapie z\u0142o\u017cenia wniosku) , legitymacja czynna do z\u0142o\u017cenia wniosku, -om\u00f3wienie wymog\u00f3w formalnych wniosku, -post\u0119powanie zabezpieczaj\u0105ce, -pre-pack, [&hellip;]<\/p>\n","protected":false},"author":9,"featured_media":0,"comment_status":"closed","ping_status":"closed","sticky":false,"template":"","format":"standard","meta":{"_acf_changed":false,"inline_featured_image":false,"footnotes":""},"categories":[6],"tags":[96,97,98],"class_list":["post-5342","post","type-post","status-publish","format-standard","hentry","category-artykuly","tag-96","tag-sekcja-prawa-upadlosciowego","tag-upadlosc-konsumencka"],"acf":[],"_links":{"self":[{"href":"https:\/\/adwokatura.krakow.pl\/adwokaci-i-aplikanci\/wp-json\/wp\/v2\/posts\/5342","targetHints":{"allow":["GET"]}}],"collection":[{"href":"https:\/\/adwokatura.krakow.pl\/adwokaci-i-aplikanci\/wp-json\/wp\/v2\/posts"}],"about":[{"href":"https:\/\/adwokatura.krakow.pl\/adwokaci-i-aplikanci\/wp-json\/wp\/v2\/types\/post"}],"author":[{"embeddable":true,"href":"https:\/\/adwokatura.krakow.pl\/adwokaci-i-aplikanci\/wp-json\/wp\/v2\/users\/9"}],"replies":[{"embeddable":true,"href":"https:\/\/adwokatura.krakow.pl\/adwokaci-i-aplikanci\/wp-json\/wp\/v2\/comments?post=5342"}],"version-history":[{"count":2,"href":"https:\/\/adwokatura.krakow.pl\/adwokaci-i-aplikanci\/wp-json\/wp\/v2\/posts\/5342\/revisions"}],"predecessor-version":[{"id":5345,"href":"https:\/\/adwokatura.krakow.pl\/adwokaci-i-aplikanci\/wp-json\/wp\/v2\/posts\/5342\/revisions\/5345"}],"wp:attachment":[{"href":"https:\/\/adwokatura.krakow.pl\/adwokaci-i-aplikanci\/wp-json\/wp\/v2\/media?parent=5342"}],"wp:term":[{"taxonomy":"category","embeddable":true,"href":"https:\/\/adwokatura.krakow.pl\/adwokaci-i-aplikanci\/wp-json\/wp\/v2\/categories?post=5342"},{"taxonomy":"post_tag","embeddable":true,"href":"https:\/\/adwokatura.krakow.pl\/adwokaci-i-aplikanci\/wp-json\/wp\/v2\/tags?post=5342"}],"curies":[{"name":"wp","href":"https:\/\/api.w.org\/{rel}","templated":true}]}}