{"id":5445,"date":"2025-01-08T10:21:54","date_gmt":"2025-01-08T09:21:54","guid":{"rendered":"https:\/\/adwokatura.krakow.pl\/adwokaci-i-aplikanci\/?p=5445"},"modified":"2025-01-08T10:21:55","modified_gmt":"2025-01-08T09:21:55","slug":"slubowanie-aplikantow-i-otwarte-posiedzenie-komisji-prawniczej-pau-i-komisji-nauk-prawnych-oddzialu-pan","status":"publish","type":"post","link":"https:\/\/adwokatura.krakow.pl\/adwokaci-i-aplikanci\/slubowanie-aplikantow-i-otwarte-posiedzenie-komisji-prawniczej-pau-i-komisji-nauk-prawnych-oddzialu-pan\/","title":{"rendered":"\u015alubowanie aplikant\u00f3w i otwarte posiedzenie Komisji Prawniczej PAU i Komisji Nauk Prawnych Oddzia\u0142u PAN"},"content":{"rendered":"\n<p>W imieniu prof. dr hab Jerzego Pisuli\u0144skiego<\/p>\n\n\n\n<p>serdecznie zapraszamy Adwokat\u00f3w i Aplikant\u00f3w Adwokackich na<\/p>\n\n\n\n<p>na otwarte posiedzenie Komisji Prawniczej PAU i Komisji Nauk Prawnych Oddzia\u0142u PAN, kt\u00f3re odb\u0119dzie<\/p>\n\n\n\n<p><img loading=\"lazy\" decoding=\"async\" height=\"16\" width=\"16\" alt=\"\ud83d\udcc5\" src=\"https:\/\/static.xx.fbcdn.net\/images\/emoji.php\/v9\/t7e\/1\/16\/1f4c5.png\"><a><\/a>27 stycznia (poniedzia\u0142ek)<\/p>\n\n\n\n<p><img loading=\"lazy\" decoding=\"async\" height=\"16\" width=\"16\" alt=\"\u23f1\" src=\"https:\/\/static.xx.fbcdn.net\/images\/emoji.php\/v9\/tb5\/1\/16\/23f1.png\"> o godz. 17<\/p>\n\n\n\n<p><img loading=\"lazy\" decoding=\"async\" height=\"16\" width=\"16\" alt=\"\ud83d\udccd\" src=\"https:\/\/static.xx.fbcdn.net\/images\/emoji.php\/v9\/t2d\/1\/16\/1f4cd.png\"> w du\u017cej auli budynku PAU na ul. S\u0142awkowskiej 17 w Krakowie.<\/p>\n\n\n\n<p>W posiedzeniu we\u017amie udzia\u0142 pan prof. Krystian Markiewicz, Przewodnicz\u0105cy Komisji Kodyfikacyjnej Ustroju S\u0105downictwa i Prokuratury, kt\u00f3ry przedstawi najnowsze projekty regulacji dotycz\u0105cych statusu s\u0119dzi\u00f3w powo\u0142anych przy udziale tzw. neo-KRS.<\/p>\n\n\n\n<figure class=\"wp-block-image size-full is-resized\"><img loading=\"lazy\" decoding=\"async\" width=\"1000\" height=\"678\" src=\"https:\/\/adwokatura.krakow.pl\/adwokaci-i-aplikanci\/wp-content\/uploads\/sites\/2\/2025\/01\/ssss.jpg\" alt=\"\" class=\"wp-image-5446\" style=\"width:638px;height:auto\" srcset=\"https:\/\/adwokatura.krakow.pl\/adwokaci-i-aplikanci\/wp-content\/uploads\/sites\/2\/2025\/01\/ssss.jpg 1000w, https:\/\/adwokatura.krakow.pl\/adwokaci-i-aplikanci\/wp-content\/uploads\/sites\/2\/2025\/01\/ssss-300x203.jpg 300w, https:\/\/adwokatura.krakow.pl\/adwokaci-i-aplikanci\/wp-content\/uploads\/sites\/2\/2025\/01\/ssss-768x521.jpg 768w\" sizes=\"auto, (max-width: 1000px) 100vw, 1000px\" \/><\/figure>\n","protected":false},"excerpt":{"rendered":"<p>W imieniu prof. dr hab Jerzego Pisuli\u0144skiego serdecznie zapraszamy Adwokat\u00f3w i Aplikant\u00f3w Adwokackich na na otwarte posiedzenie Komisji Prawniczej PAU i Komisji Nauk Prawnych Oddzia\u0142u PAN, kt\u00f3re odb\u0119dzie 27 stycznia (poniedzia\u0142ek) o godz. 17 w du\u017cej auli budynku PAU na ul. S\u0142awkowskiej 17 w Krakowie. W posiedzeniu we\u017amie udzia\u0142 pan prof. Krystian Markiewicz, Przewodnicz\u0105cy Komisji [&hellip;]<\/p>\n","protected":false},"author":9,"featured_media":0,"comment_status":"closed","ping_status":"closed","sticky":false,"template":"","format":"standard","meta":{"_acf_changed":false,"inline_featured_image":false,"footnotes":""},"categories":[6],"tags":[],"class_list":["post-5445","post","type-post","status-publish","format-standard","hentry","category-artykuly"],"acf":[],"_links":{"self":[{"href":"https:\/\/adwokatura.krakow.pl\/adwokaci-i-aplikanci\/wp-json\/wp\/v2\/posts\/5445","targetHints":{"allow":["GET"]}}],"collection":[{"href":"https:\/\/adwokatura.krakow.pl\/adwokaci-i-aplikanci\/wp-json\/wp\/v2\/posts"}],"about":[{"href":"https:\/\/adwokatura.krakow.pl\/adwokaci-i-aplikanci\/wp-json\/wp\/v2\/types\/post"}],"author":[{"embeddable":true,"href":"https:\/\/adwokatura.krakow.pl\/adwokaci-i-aplikanci\/wp-json\/wp\/v2\/users\/9"}],"replies":[{"embeddable":true,"href":"https:\/\/adwokatura.krakow.pl\/adwokaci-i-aplikanci\/wp-json\/wp\/v2\/comments?post=5445"}],"version-history":[{"count":1,"href":"https:\/\/adwokatura.krakow.pl\/adwokaci-i-aplikanci\/wp-json\/wp\/v2\/posts\/5445\/revisions"}],"predecessor-version":[{"id":5447,"href":"https:\/\/adwokatura.krakow.pl\/adwokaci-i-aplikanci\/wp-json\/wp\/v2\/posts\/5445\/revisions\/5447"}],"wp:attachment":[{"href":"https:\/\/adwokatura.krakow.pl\/adwokaci-i-aplikanci\/wp-json\/wp\/v2\/media?parent=5445"}],"wp:term":[{"taxonomy":"category","embeddable":true,"href":"https:\/\/adwokatura.krakow.pl\/adwokaci-i-aplikanci\/wp-json\/wp\/v2\/categories?post=5445"},{"taxonomy":"post_tag","embeddable":true,"href":"https:\/\/adwokatura.krakow.pl\/adwokaci-i-aplikanci\/wp-json\/wp\/v2\/tags?post=5445"}],"curies":[{"name":"wp","href":"https:\/\/api.w.org\/{rel}","templated":true}]}}