{"id":5449,"date":"2025-01-09T11:24:31","date_gmt":"2025-01-09T10:24:31","guid":{"rendered":"https:\/\/adwokatura.krakow.pl\/adwokaci-i-aplikanci\/?p=5449"},"modified":"2025-01-09T11:24:31","modified_gmt":"2025-01-09T10:24:31","slug":"oplatek-19-01-2025","status":"publish","type":"post","link":"https:\/\/adwokatura.krakow.pl\/adwokaci-i-aplikanci\/oplatek-19-01-2025\/","title":{"rendered":"OP\u0141ATEK &#8211; 19.01.2025"},"content":{"rendered":"\n<p>Duszpasterstwo Prawnik\u00f3w Archidiecezji Krakowskiej serdecznie zaprasza wszystkich Prawnik\u00f3w na Op\u0142atek, kt\u00f3ry odb\u0119dzie si\u0119 w dniu 19 stycznia 2025 roku (niedziela) o godzinie 18:00 w Pa\u0142acu Biskupim przy ul. Franciszka\u0144skiej 3 w Krakowie.&nbsp;<\/p>\n\n\n\n<p>Spotkanie rozpocznie si\u0119 Msz\u0105 \u015awi\u0119t\u0105, kt\u00f3r\u0105 odprawi ks. biskup Robert Chrz\u0105szcz, a nast\u0119pnie po\u0142amiemy si\u0119 op\u0142atkiem i we\u017amiemy udzia\u0142 w koncercie kol\u0119d. Uroczysto\u015b\u0107 u\u015bwietni wyst\u0119p Ch\u00f3ru Maria\u0144skiego pod dyrekcj\u0105 Tomasza \u015alusarczyka.<br class=\"\"><\/p>\n\n\n\n<p>Pozdrawiam<\/p>\n\n\n\n<p>Ks. Marcin Wolczko<br class=\"\">Duszpasterz Prawnik\u00f3w Archidiecezji Krakowskiej<\/p>\n\n\n\n<figure class=\"wp-block-image size-full\"><img loading=\"lazy\" decoding=\"async\" width=\"454\" height=\"640\" src=\"https:\/\/adwokatura.krakow.pl\/adwokaci-i-aplikanci\/wp-content\/uploads\/sites\/2\/2025\/01\/oplatek_2025.jpeg\" alt=\"\" class=\"wp-image-5450\" srcset=\"https:\/\/adwokatura.krakow.pl\/adwokaci-i-aplikanci\/wp-content\/uploads\/sites\/2\/2025\/01\/oplatek_2025.jpeg 454w, https:\/\/adwokatura.krakow.pl\/adwokaci-i-aplikanci\/wp-content\/uploads\/sites\/2\/2025\/01\/oplatek_2025-213x300.jpeg 213w\" sizes=\"auto, (max-width: 454px) 100vw, 454px\" \/><\/figure>\n","protected":false},"excerpt":{"rendered":"<p>Duszpasterstwo Prawnik\u00f3w Archidiecezji Krakowskiej serdecznie zaprasza wszystkich Prawnik\u00f3w na Op\u0142atek, kt\u00f3ry odb\u0119dzie si\u0119 w dniu 19 stycznia 2025 roku (niedziela) o godzinie 18:00 w Pa\u0142acu Biskupim przy ul. Franciszka\u0144skiej 3 w Krakowie.&nbsp; Spotkanie rozpocznie si\u0119 Msz\u0105 \u015awi\u0119t\u0105, kt\u00f3r\u0105 odprawi ks. biskup Robert Chrz\u0105szcz, a nast\u0119pnie po\u0142amiemy si\u0119 op\u0142atkiem i we\u017amiemy udzia\u0142 w koncercie kol\u0119d. Uroczysto\u015b\u0107 [&hellip;]<\/p>\n","protected":false},"author":8,"featured_media":0,"comment_status":"closed","ping_status":"closed","sticky":false,"template":"","format":"standard","meta":{"_acf_changed":false,"inline_featured_image":false,"footnotes":""},"categories":[6],"tags":[],"class_list":["post-5449","post","type-post","status-publish","format-standard","hentry","category-artykuly"],"acf":[],"_links":{"self":[{"href":"https:\/\/adwokatura.krakow.pl\/adwokaci-i-aplikanci\/wp-json\/wp\/v2\/posts\/5449","targetHints":{"allow":["GET"]}}],"collection":[{"href":"https:\/\/adwokatura.krakow.pl\/adwokaci-i-aplikanci\/wp-json\/wp\/v2\/posts"}],"about":[{"href":"https:\/\/adwokatura.krakow.pl\/adwokaci-i-aplikanci\/wp-json\/wp\/v2\/types\/post"}],"author":[{"embeddable":true,"href":"https:\/\/adwokatura.krakow.pl\/adwokaci-i-aplikanci\/wp-json\/wp\/v2\/users\/8"}],"replies":[{"embeddable":true,"href":"https:\/\/adwokatura.krakow.pl\/adwokaci-i-aplikanci\/wp-json\/wp\/v2\/comments?post=5449"}],"version-history":[{"count":1,"href":"https:\/\/adwokatura.krakow.pl\/adwokaci-i-aplikanci\/wp-json\/wp\/v2\/posts\/5449\/revisions"}],"predecessor-version":[{"id":5451,"href":"https:\/\/adwokatura.krakow.pl\/adwokaci-i-aplikanci\/wp-json\/wp\/v2\/posts\/5449\/revisions\/5451"}],"wp:attachment":[{"href":"https:\/\/adwokatura.krakow.pl\/adwokaci-i-aplikanci\/wp-json\/wp\/v2\/media?parent=5449"}],"wp:term":[{"taxonomy":"category","embeddable":true,"href":"https:\/\/adwokatura.krakow.pl\/adwokaci-i-aplikanci\/wp-json\/wp\/v2\/categories?post=5449"},{"taxonomy":"post_tag","embeddable":true,"href":"https:\/\/adwokatura.krakow.pl\/adwokaci-i-aplikanci\/wp-json\/wp\/v2\/tags?post=5449"}],"curies":[{"name":"wp","href":"https:\/\/api.w.org\/{rel}","templated":true}]}}