{"id":5480,"date":"2025-01-15T10:36:52","date_gmt":"2025-01-15T09:36:52","guid":{"rendered":"https:\/\/adwokatura.krakow.pl\/adwokaci-i-aplikanci\/?p=5480"},"modified":"2025-01-15T10:36:52","modified_gmt":"2025-01-15T09:36:52","slug":"pielgrzymka-prawnikow-do-rzymu-na-rok-jubileuszowy","status":"publish","type":"post","link":"https:\/\/adwokatura.krakow.pl\/adwokaci-i-aplikanci\/pielgrzymka-prawnikow-do-rzymu-na-rok-jubileuszowy\/","title":{"rendered":"Pielgrzymka Prawnik\u00f3w do Rzymu na Rok Jubileuszowy"},"content":{"rendered":"\n<p>Szcz\u0119\u015b\u0107 Bo\u017ce<\/p>\n\n\n\n<p>Duszpasterstwo Prawnik\u00f3w Archidiecezji Krakowskiej zaprasza Pana Dziekana na Pielgrzymk\u0119 do Rzymu w dniach 18-23 wrze\u015bnia 2025 roku.<br><br>W ramach Roku Jubileuszowego 2025 Papie\u017c Franciszek zaprasza wszystkich Prawnik\u00f3w wraz z rodzinami na Jubileusz pracownik\u00f3w wymiaru sprawiedliwo\u015bci, kt\u00f3ry odb\u0119dzie si\u0119 w Bazylice \u015aw. Piotra w Rzymie 20 wrze\u015bnia 2025 r. W zwi\u0105zku z tym pragniemy, tak jak w roku 2000, pielgrzymowa\u0107 do Rzymu, przej\u015b\u0107 przez Drzwi \u015awi\u0119te i spotka\u0107 si\u0119 z Ojcem \u015awi\u0119tym.<\/p>\n\n\n\n<p><\/p>\n\n\n\n<p><strong>Informacje podstawowe:<\/strong><\/p>\n\n\n\n<p>Wylot z Krakowa 18 wrze\u015bnia rano, powr\u00f3t do Krakowa 23 wrze\u015bnia w godzinach popo\u0142udniowych.<\/p>\n\n\n\n<p>Cena: 3790 z\u0142. + 200 Euro + oko\u0142o 1300 z\u0142. bilety lotnicze.<\/p>\n\n\n\n<p>Szczeg\u00f3\u0142owy program pielgrzymki i wszystkie informacje mo\u017cna znale\u017a\u0107 w za\u0142\u0105czniku.<\/p>\n\n\n\n<p>Zapisy (wraz z wp\u0142at\u0105 zaliczki na koszt bilet\u00f3w lotniczych) do 27.01.2025.<\/p>\n\n\n\n<p>Serdecznie zapraszam<\/p>\n\n\n\n<p>ks. dr Marcin Wolczko<\/p>\n\n\n\n<figure class=\"wp-block-image size-full\"><img loading=\"lazy\" decoding=\"async\" width=\"675\" height=\"476\" src=\"http:\/\/adwokatura.krakow.pl\/adwokaci-i-aplikanci\/wp-content\/uploads\/sites\/2\/2025\/01\/zdj-rzym.png\" alt=\"\" class=\"wp-image-5481\" srcset=\"https:\/\/adwokatura.krakow.pl\/adwokaci-i-aplikanci\/wp-content\/uploads\/sites\/2\/2025\/01\/zdj-rzym.png 675w, https:\/\/adwokatura.krakow.pl\/adwokaci-i-aplikanci\/wp-content\/uploads\/sites\/2\/2025\/01\/zdj-rzym-300x212.png 300w\" sizes=\"auto, (max-width: 675px) 100vw, 675px\" \/><\/figure>\n\n\n\n<p>Informacja od organizatora:<\/p>\n\n\n\n<p>Biuro podr\u00f3\u017cy <strong>ALL IN travel<\/strong> umo\u017cliwia Pa\u0144stwu dokonanie drog\u0105 elektroniczn\u0105 indywidualnej p\u0142atno\u015bci za wycieczk\u0119.<br><br>Klikaj\u0105c w nast\u0119puj\u0105cy link: <a href=\"https:\/\/allin.travelpay.online\/platnosc\/626-148\">https:\/\/allin.travelpay.online\/platnosc\/626-148<\/a> zostan\u0105 Pa\u0144stwo przekierowani do strony pozwalaj\u0105cej na dokonanie tej wp\u0142aty oraz zawarcie umowy indywidualnej, je\u015bli taka opcja zosta\u0142a dla Pa\u0144stwa grupy przewidziana.<br><br>Prosimy o uzupe\u0142nienie wymaganych danych i akceptacj\u0119 niezb\u0119dnych dokument\u00f3w.<br><br>P\u0142atno\u015bci za wycieczk\u0119 b\u0119d\u0105 Pa\u0144stwo mogli dokona\u0107 w nast\u0119puj\u0105cy spos\u00f3b:<br><br>1) Przelewem bankowym (ta forma dost\u0119pna jest dla wszystkich wycieczek organizowanych przez nasze biuro).<br><br>2) Poprzez serwis p\u0142atno\u015bci online (ta forma dost\u0119pna jest dla wszystkich wycieczek po Polsce oraz niekt\u00f3rych zagranicznych).<br><br>Ponadto, informujemy o mo\u017cliwo\u015bci wykupienia ubezpieczenia na wypadek rezygnacji z imprezy turystycznej (np. z powodu choroby). Jego szacunkowy koszt to ok. 3% ceny imprezy w wariancie podstawowym zabezpieczenia. Aby wykupi\u0107 ubezpieczenie wystarczy klikn\u0105\u0107 w poni\u017cszy link: <a href=\"https:\/\/sprzedaz.wiener.pl\/rezygnacjazimprezy\/r\/JogvwcOFfbawGXWr\">https:\/\/sprzedaz.wiener.pl\/rezygnacjazimprezy\/r\/JogvwcOFfbawGXWr<\/a><br>Po klikni\u0119ciu na link zostan\u0105 Pa\u0144stwo przekierowani do strony internetowej towarzystwa ubezpieczeniowego Signal Iduna.<br>Wa\u017cne! Zawarcie umowy ubezpieczenia mo\u017cliwe jest:<br>\u2756 w dniu podpisania umowy &#8211; je\u015bli do rozpocz\u0119cia wyjazdu jest poni\u017cej 30 dni lub<br>\u2756 w ci\u0105gu 7 dni kalendarzowych od dnia podpisania umowy &#8211; je\u015bli do rozpocz\u0119cia wyjazdu jest wi\u0119cej ni\u017c 30 dni.<br><br>Ubezpieczenie od rezygnacji z imprezy turystycznej jest us\u0142ug\u0105 dodatkow\u0105 i dobrowoln\u0105.<br>Op\u0142acona sk\u0142adka za ubezpieczenie nie podlega zwrotowi w przypadku rezygnacji z imprezy turystycznej, nawet je\u015bli wycieczka zostanie odwo\u0142ana z powodu nie zebrania si\u0119 odpowiedniej ilo\u015bci ch\u0119tnych.<\/p>\n\n\n\n<p>Z wyrazami szacunku.<\/p>\n","protected":false},"excerpt":{"rendered":"<p>Szcz\u0119\u015b\u0107 Bo\u017ce Duszpasterstwo Prawnik\u00f3w Archidiecezji Krakowskiej zaprasza Pana Dziekana na Pielgrzymk\u0119 do Rzymu w dniach 18-23 wrze\u015bnia 2025 roku. W ramach Roku Jubileuszowego 2025 Papie\u017c Franciszek zaprasza wszystkich Prawnik\u00f3w wraz z rodzinami na Jubileusz pracownik\u00f3w wymiaru sprawiedliwo\u015bci, kt\u00f3ry odb\u0119dzie si\u0119 w Bazylice \u015aw. Piotra w Rzymie 20 wrze\u015bnia 2025 r. W zwi\u0105zku z tym pragniemy, [&hellip;]<\/p>\n","protected":false},"author":9,"featured_media":0,"comment_status":"closed","ping_status":"closed","sticky":false,"template":"","format":"standard","meta":{"_acf_changed":false,"inline_featured_image":false,"footnotes":""},"categories":[6],"tags":[],"class_list":["post-5480","post","type-post","status-publish","format-standard","hentry","category-artykuly"],"acf":[],"_links":{"self":[{"href":"https:\/\/adwokatura.krakow.pl\/adwokaci-i-aplikanci\/wp-json\/wp\/v2\/posts\/5480","targetHints":{"allow":["GET"]}}],"collection":[{"href":"https:\/\/adwokatura.krakow.pl\/adwokaci-i-aplikanci\/wp-json\/wp\/v2\/posts"}],"about":[{"href":"https:\/\/adwokatura.krakow.pl\/adwokaci-i-aplikanci\/wp-json\/wp\/v2\/types\/post"}],"author":[{"embeddable":true,"href":"https:\/\/adwokatura.krakow.pl\/adwokaci-i-aplikanci\/wp-json\/wp\/v2\/users\/9"}],"replies":[{"embeddable":true,"href":"https:\/\/adwokatura.krakow.pl\/adwokaci-i-aplikanci\/wp-json\/wp\/v2\/comments?post=5480"}],"version-history":[{"count":1,"href":"https:\/\/adwokatura.krakow.pl\/adwokaci-i-aplikanci\/wp-json\/wp\/v2\/posts\/5480\/revisions"}],"predecessor-version":[{"id":5482,"href":"https:\/\/adwokatura.krakow.pl\/adwokaci-i-aplikanci\/wp-json\/wp\/v2\/posts\/5480\/revisions\/5482"}],"wp:attachment":[{"href":"https:\/\/adwokatura.krakow.pl\/adwokaci-i-aplikanci\/wp-json\/wp\/v2\/media?parent=5480"}],"wp:term":[{"taxonomy":"category","embeddable":true,"href":"https:\/\/adwokatura.krakow.pl\/adwokaci-i-aplikanci\/wp-json\/wp\/v2\/categories?post=5480"},{"taxonomy":"post_tag","embeddable":true,"href":"https:\/\/adwokatura.krakow.pl\/adwokaci-i-aplikanci\/wp-json\/wp\/v2\/tags?post=5480"}],"curies":[{"name":"wp","href":"https:\/\/api.w.org\/{rel}","templated":true}]}}