{"id":5483,"date":"2025-01-15T10:39:11","date_gmt":"2025-01-15T09:39:11","guid":{"rendered":"https:\/\/adwokatura.krakow.pl\/adwokaci-i-aplikanci\/?p=5483"},"modified":"2025-01-15T10:39:11","modified_gmt":"2025-01-15T09:39:11","slug":"xiv-kolokwium-jagiellonskie","status":"publish","type":"post","link":"https:\/\/adwokatura.krakow.pl\/adwokaci-i-aplikanci\/xiv-kolokwium-jagiellonskie\/","title":{"rendered":"XIV Kolokwium Jagiello\u0144skie"},"content":{"rendered":"\n<figure class=\"wp-block-image size-large is-resized\"><img loading=\"lazy\" decoding=\"async\" width=\"724\" height=\"1024\" src=\"http:\/\/adwokatura.krakow.pl\/adwokaci-i-aplikanci\/wp-content\/uploads\/sites\/2\/2025\/01\/XIV-KJ-plakat-11-1-2025-724x1024.png\" alt=\"\" class=\"wp-image-5484\" style=\"width:517px;height:auto\" srcset=\"https:\/\/adwokatura.krakow.pl\/adwokaci-i-aplikanci\/wp-content\/uploads\/sites\/2\/2025\/01\/XIV-KJ-plakat-11-1-2025-724x1024.png 724w, https:\/\/adwokatura.krakow.pl\/adwokaci-i-aplikanci\/wp-content\/uploads\/sites\/2\/2025\/01\/XIV-KJ-plakat-11-1-2025-212x300.png 212w, https:\/\/adwokatura.krakow.pl\/adwokaci-i-aplikanci\/wp-content\/uploads\/sites\/2\/2025\/01\/XIV-KJ-plakat-11-1-2025-768x1086.png 768w, https:\/\/adwokatura.krakow.pl\/adwokaci-i-aplikanci\/wp-content\/uploads\/sites\/2\/2025\/01\/XIV-KJ-plakat-11-1-2025.png 794w\" sizes=\"auto, (max-width: 724px) 100vw, 724px\" \/><\/figure>\n\n\n\n<figure class=\"wp-block-image size-large is-resized\"><img loading=\"lazy\" decoding=\"async\" width=\"724\" height=\"1024\" src=\"https:\/\/adwokatura.krakow.pl\/adwokaci-i-aplikanci\/wp-content\/uploads\/sites\/2\/2025\/01\/XIV-KJ-program-11-1-2025-1-724x1024.png\" alt=\"\" class=\"wp-image-5486\" style=\"width:517px;height:auto\" srcset=\"https:\/\/adwokatura.krakow.pl\/adwokaci-i-aplikanci\/wp-content\/uploads\/sites\/2\/2025\/01\/XIV-KJ-program-11-1-2025-1-724x1024.png 724w, https:\/\/adwokatura.krakow.pl\/adwokaci-i-aplikanci\/wp-content\/uploads\/sites\/2\/2025\/01\/XIV-KJ-program-11-1-2025-1-212x300.png 212w, https:\/\/adwokatura.krakow.pl\/adwokaci-i-aplikanci\/wp-content\/uploads\/sites\/2\/2025\/01\/XIV-KJ-program-11-1-2025-1-768x1086.png 768w, https:\/\/adwokatura.krakow.pl\/adwokaci-i-aplikanci\/wp-content\/uploads\/sites\/2\/2025\/01\/XIV-KJ-program-11-1-2025-1.png 794w\" sizes=\"auto, (max-width: 724px) 100vw, 724px\" \/><\/figure>\n\n\n\n<p>Szanowni Pa\u0144stwo,<\/p>\n\n\n\n<p>w imieniu Katedry Prawa Cywilnego WPiA UJ zapraszam wszystkich zainteresowanych adwokat\u00f3w i aplikant\u00f3w adwokackich do udzia\u0142u w XIV Kolokwium Jagiello\u0144skim, kt\u00f3re odb\u0119dzie si\u0119 7 marca 2025 r. i b\u0119dzie po\u015bwi\u0119cone 60. rocznicy wej\u015bcia w \u017cycie kodeksu cywilnego. Szczeg\u00f3\u0142y znajd\u0105 Pa\u0144stwo w za\u0142\u0105cznikach oraz na stronie <a href=\"https:\/\/cywilne.law.uj.edu.pl\/kolokwia-jagiellonskie\">https:\/\/cywilne.law.uj.edu.pl\/kolokwia-jagiellonskie<\/a>. Za jej po\u015brednictwem b\u0119dzie tak\u017ce prowadzona rejestracja.<\/p>\n\n\n\n<p>Z powa\u017caniem<\/p>\n\n\n\n<p>prof. dr hab. Jerzy Pisuli\u0144ski<\/p>\n\n\n\n<p>Kierownik Katedry Prawa Cywilnego WPiA UJ&nbsp;<\/p>\n","protected":false},"excerpt":{"rendered":"<p>Szanowni Pa\u0144stwo, w imieniu Katedry Prawa Cywilnego WPiA UJ zapraszam wszystkich zainteresowanych adwokat\u00f3w i aplikant\u00f3w adwokackich do udzia\u0142u w XIV Kolokwium Jagiello\u0144skim, kt\u00f3re odb\u0119dzie si\u0119 7 marca 2025 r. i b\u0119dzie po\u015bwi\u0119cone 60. rocznicy wej\u015bcia w \u017cycie kodeksu cywilnego. Szczeg\u00f3\u0142y znajd\u0105 Pa\u0144stwo w za\u0142\u0105cznikach oraz na stronie https:\/\/cywilne.law.uj.edu.pl\/kolokwia-jagiellonskie. Za jej po\u015brednictwem b\u0119dzie tak\u017ce prowadzona rejestracja. [&hellip;]<\/p>\n","protected":false},"author":9,"featured_media":0,"comment_status":"closed","ping_status":"closed","sticky":false,"template":"","format":"standard","meta":{"_acf_changed":false,"inline_featured_image":false,"footnotes":""},"categories":[6],"tags":[],"class_list":["post-5483","post","type-post","status-publish","format-standard","hentry","category-artykuly"],"acf":[],"_links":{"self":[{"href":"https:\/\/adwokatura.krakow.pl\/adwokaci-i-aplikanci\/wp-json\/wp\/v2\/posts\/5483","targetHints":{"allow":["GET"]}}],"collection":[{"href":"https:\/\/adwokatura.krakow.pl\/adwokaci-i-aplikanci\/wp-json\/wp\/v2\/posts"}],"about":[{"href":"https:\/\/adwokatura.krakow.pl\/adwokaci-i-aplikanci\/wp-json\/wp\/v2\/types\/post"}],"author":[{"embeddable":true,"href":"https:\/\/adwokatura.krakow.pl\/adwokaci-i-aplikanci\/wp-json\/wp\/v2\/users\/9"}],"replies":[{"embeddable":true,"href":"https:\/\/adwokatura.krakow.pl\/adwokaci-i-aplikanci\/wp-json\/wp\/v2\/comments?post=5483"}],"version-history":[{"count":1,"href":"https:\/\/adwokatura.krakow.pl\/adwokaci-i-aplikanci\/wp-json\/wp\/v2\/posts\/5483\/revisions"}],"predecessor-version":[{"id":5487,"href":"https:\/\/adwokatura.krakow.pl\/adwokaci-i-aplikanci\/wp-json\/wp\/v2\/posts\/5483\/revisions\/5487"}],"wp:attachment":[{"href":"https:\/\/adwokatura.krakow.pl\/adwokaci-i-aplikanci\/wp-json\/wp\/v2\/media?parent=5483"}],"wp:term":[{"taxonomy":"category","embeddable":true,"href":"https:\/\/adwokatura.krakow.pl\/adwokaci-i-aplikanci\/wp-json\/wp\/v2\/categories?post=5483"},{"taxonomy":"post_tag","embeddable":true,"href":"https:\/\/adwokatura.krakow.pl\/adwokaci-i-aplikanci\/wp-json\/wp\/v2\/tags?post=5483"}],"curies":[{"name":"wp","href":"https:\/\/api.w.org\/{rel}","templated":true}]}}