{"id":5496,"date":"2025-01-16T10:22:45","date_gmt":"2025-01-16T09:22:45","guid":{"rendered":"https:\/\/adwokatura.krakow.pl\/adwokaci-i-aplikanci\/?p=5496"},"modified":"2025-01-16T10:22:45","modified_gmt":"2025-01-16T09:22:45","slug":"lex-aplikant-jest-juz-aktywny","status":"publish","type":"post","link":"https:\/\/adwokatura.krakow.pl\/adwokaci-i-aplikanci\/lex-aplikant-jest-juz-aktywny\/","title":{"rendered":"LEX Aplikant jest ju\u017c aktywny! \u00a0"},"content":{"rendered":"\n<p>Szanowni Pa\u0144stwo,<\/p>\n\n\n\n<p>w imieniu Wolters Kluwer Polska uprzejmie informuj\u0119, \u017ce otwarty dost\u0119p dla tegorocznych aplikant\u00f3w do podstawowej wersji programu <strong>LEX Aplikant <\/strong>jest ju\u017c aktywny! &nbsp;<\/p>\n\n\n\n<p>Wszystkich zainteresowanych zach\u0119camy do zam\u00f3wienia bezp\u0142atnego dost\u0119pu.<\/p>\n\n\n\n<p>Zawarto\u015b\u0107 merytoryczna programu LEX Aplikant zosta\u0142a opracowana z&nbsp;my\u015bl\u0105 o&nbsp;potrzebach wszystkich aplikant\u00f3w. Program oferuje m.in.: dost\u0119p do kompletnej i&nbsp;zawsze aktualnej bazy informacji prawnej, nowoczesne narz\u0119dzia pracy z&nbsp;dokumentami, mo\u017cliwo\u015b\u0107 gromadzenia w\u0142asnych materia\u0142\u00f3w i&nbsp;wsp\u00f3\u0142dzielenia ich z&nbsp;innymi aplikantami.<\/p>\n\n\n\n<p>Aby aktywowa\u0107 dost\u0119p, wystarczy zarejestrowa\u0107 si\u0119 na stronie <a href=\"http:\/\/www.lex.pl\/lex-aplikant\">www.LEX.pl\/lex-aplikant<\/a> &nbsp;<\/p>\n\n\n\n<p>Ale to nie wszystko!<\/p>\n\n\n\n<p>Osoby, kt\u00f3re s\u0105 zainteresowane rozszerzon\u0105 zawarto\u015bci\u0105 LEX Aplikant, mog\u0105 teraz skorzysta\u0107 z atrakcyjnej oferty na zakup wzbogaconej wersji programu LEX Aplikant Premium.<\/p>\n\n\n\n<p>TERAZ a\u017c 50% rabatu na pierwszy miesi\u0105c subskrypcji!<\/p>\n\n\n\n<figure class=\"wp-block-image size-large is-resized\"><img loading=\"lazy\" decoding=\"async\" width=\"1024\" height=\"1024\" src=\"https:\/\/adwokatura.krakow.pl\/adwokaci-i-aplikanci\/wp-content\/uploads\/sites\/2\/2025\/01\/LEX_aplikant_premium_1200x1200-1024x1024.jpg\" alt=\"\" class=\"wp-image-5497\" style=\"width:677px;height:auto\" srcset=\"https:\/\/adwokatura.krakow.pl\/adwokaci-i-aplikanci\/wp-content\/uploads\/sites\/2\/2025\/01\/LEX_aplikant_premium_1200x1200-1024x1024.jpg 1024w, https:\/\/adwokatura.krakow.pl\/adwokaci-i-aplikanci\/wp-content\/uploads\/sites\/2\/2025\/01\/LEX_aplikant_premium_1200x1200-300x300.jpg 300w, https:\/\/adwokatura.krakow.pl\/adwokaci-i-aplikanci\/wp-content\/uploads\/sites\/2\/2025\/01\/LEX_aplikant_premium_1200x1200-150x150.jpg 150w, https:\/\/adwokatura.krakow.pl\/adwokaci-i-aplikanci\/wp-content\/uploads\/sites\/2\/2025\/01\/LEX_aplikant_premium_1200x1200-768x768.jpg 768w, https:\/\/adwokatura.krakow.pl\/adwokaci-i-aplikanci\/wp-content\/uploads\/sites\/2\/2025\/01\/LEX_aplikant_premium_1200x1200.jpg 1200w\" sizes=\"auto, (max-width: 1024px) 100vw, 1024px\" \/><\/figure>\n\n\n<div class=\"zalaczniki\">\n    \n    <div class=\"zalaczniki__wrap\">\n                        <div class=\"zalaczniki__single\">\n                <div class=\"zalaczniki__first\">\n                    <p class=\"zalaczniki__title\">\n                                            <\/p>\n                    <p class=\"zalaczniki__file-name\">\n                                                    LEX-Aplikant-material-informacyjny-dla-IZB.pdf                                            <\/p>\n                <\/div>\n                <div class=\"zalaczniki__middle\">\n                                        <a href=\"https:\/\/adwokatura.krakow.pl\/adwokaci-i-aplikanci\/wp-content\/uploads\/sites\/2\/2025\/01\/LEX-Aplikant-material-informacyjny-dla-IZB.pdf\">Zobacz plik<\/a>\n                                    <\/div>\n                <div class=\"zalaczniki__last\">\n                                        <a download href=\"https:\/\/adwokatura.krakow.pl\/adwokaci-i-aplikanci\/wp-content\/uploads\/sites\/2\/2025\/01\/LEX-Aplikant-material-informacyjny-dla-IZB.pdf\">\n                            <img decoding=\"async\" src=\"https:\/\/adwokatura.krakow.pl\/adwokaci-i-aplikanci\/wp-content\/themes\/kia\/dist\/images\/download.svg\" alt=\"download\">\n                        <\/a>\n                                    <\/div>\n               \n            <\/div>\n                <\/div>\n<\/div>","protected":false},"excerpt":{"rendered":"<p>Szanowni Pa\u0144stwo, w imieniu Wolters Kluwer Polska uprzejmie informuj\u0119, \u017ce otwarty dost\u0119p dla tegorocznych aplikant\u00f3w do podstawowej wersji programu LEX Aplikant jest ju\u017c aktywny! &nbsp; Wszystkich zainteresowanych zach\u0119camy do zam\u00f3wienia bezp\u0142atnego dost\u0119pu. Zawarto\u015b\u0107 merytoryczna programu LEX Aplikant zosta\u0142a opracowana z&nbsp;my\u015bl\u0105 o&nbsp;potrzebach wszystkich aplikant\u00f3w. Program oferuje m.in.: dost\u0119p do kompletnej i&nbsp;zawsze aktualnej bazy informacji prawnej, nowoczesne [&hellip;]<\/p>\n","protected":false},"author":9,"featured_media":0,"comment_status":"closed","ping_status":"closed","sticky":false,"template":"","format":"standard","meta":{"_acf_changed":false,"inline_featured_image":false,"footnotes":""},"categories":[6],"tags":[],"class_list":["post-5496","post","type-post","status-publish","format-standard","hentry","category-artykuly"],"acf":[],"_links":{"self":[{"href":"https:\/\/adwokatura.krakow.pl\/adwokaci-i-aplikanci\/wp-json\/wp\/v2\/posts\/5496","targetHints":{"allow":["GET"]}}],"collection":[{"href":"https:\/\/adwokatura.krakow.pl\/adwokaci-i-aplikanci\/wp-json\/wp\/v2\/posts"}],"about":[{"href":"https:\/\/adwokatura.krakow.pl\/adwokaci-i-aplikanci\/wp-json\/wp\/v2\/types\/post"}],"author":[{"embeddable":true,"href":"https:\/\/adwokatura.krakow.pl\/adwokaci-i-aplikanci\/wp-json\/wp\/v2\/users\/9"}],"replies":[{"embeddable":true,"href":"https:\/\/adwokatura.krakow.pl\/adwokaci-i-aplikanci\/wp-json\/wp\/v2\/comments?post=5496"}],"version-history":[{"count":2,"href":"https:\/\/adwokatura.krakow.pl\/adwokaci-i-aplikanci\/wp-json\/wp\/v2\/posts\/5496\/revisions"}],"predecessor-version":[{"id":5500,"href":"https:\/\/adwokatura.krakow.pl\/adwokaci-i-aplikanci\/wp-json\/wp\/v2\/posts\/5496\/revisions\/5500"}],"wp:attachment":[{"href":"https:\/\/adwokatura.krakow.pl\/adwokaci-i-aplikanci\/wp-json\/wp\/v2\/media?parent=5496"}],"wp:term":[{"taxonomy":"category","embeddable":true,"href":"https:\/\/adwokatura.krakow.pl\/adwokaci-i-aplikanci\/wp-json\/wp\/v2\/categories?post=5496"},{"taxonomy":"post_tag","embeddable":true,"href":"https:\/\/adwokatura.krakow.pl\/adwokaci-i-aplikanci\/wp-json\/wp\/v2\/tags?post=5496"}],"curies":[{"name":"wp","href":"https:\/\/api.w.org\/{rel}","templated":true}]}}