{"id":5527,"date":"2025-01-23T09:41:36","date_gmt":"2025-01-23T08:41:36","guid":{"rendered":"https:\/\/adwokatura.krakow.pl\/adwokaci-i-aplikanci\/?p=5527"},"modified":"2025-01-23T09:41:37","modified_gmt":"2025-01-23T08:41:37","slug":"informacja-o-zmianie-lokalizacji-obslugi-wnioskow-do-ceidg","status":"publish","type":"post","link":"https:\/\/adwokatura.krakow.pl\/adwokaci-i-aplikanci\/informacja-o-zmianie-lokalizacji-obslugi-wnioskow-do-ceidg\/","title":{"rendered":"Informacja o zmianie lokalizacji obs\u0142ugi wniosk\u00f3w do CEIDG"},"content":{"rendered":"\n<p>Szanowni Pa\u0144stwo,<\/p>\n\n\n\n<p>Wydzia\u0142 ds. Przedsi\u0119biorczo\u015bci i Innowacji Urz\u0119du Miasta Krakowa informuje, \u017ce <strong>od 1 stycznia 2025 r.<\/strong> Referat ds. CEIDG dotychczas funkcjonuj\u0105cy w Wydziale Spraw Administracyjnych uleg\u0142 reorganizacji i zosta\u0142 w\u0142\u0105czony do Punktu Obs\u0142ugi Przedsi\u0119biorcy w Wydziale ds. Przedsi\u0119biorczo\u015bci i Innowacji.<\/p>\n\n\n\n<p>Zmienia si\u0119 tak\u017ce lokalizacja, w kt\u00f3rej b\u0119d\u0105 obs\u0142ugiwani przedsi\u0119biorcy.\u00a0<strong>Od 20 stycznia 2025 r. sprawy zwi\u0105zane z CEIDG nie b\u0119d\u0105 ju\u017c za\u0142atwiane przy ul. Wielickiej 28a, tylko w nowej siedzibie przy ul. Zab\u0142ocie 22,\u00a0<\/strong>w Klastrze Innowacji Spo\u0142eczno-Gospodarczych Zab\u0142ocie 20.22 (budynek z ceglan\u0105 elewacj\u0105). <strong>Obs\u0142uga przedsi\u0119biorc\u00f3w Punkcie Obs\u0142ugi Mieszka\u0144c\u00f3w w galerii Centrum Serenada, al. Gen. T. Bora-Komorowskiego 41, pozostaje bez zmian.<\/strong><\/p>\n\n\n\n<p><strong>Aktualny adres:<\/strong><strong><\/strong><\/p>\n\n\n\n<p><strong>Referat \u2013 Punkt Obs\u0142ugi Przedsi\u0119biorcy<\/strong><strong><\/strong><\/p>\n\n\n\n<p><strong>Wydzia\u0142 ds. Przedsi\u0119biorczo\u015bci i Innowacji<\/strong><strong><\/strong><\/p>\n\n\n\n<p><strong>Urz\u0105d Miasta Krakowa<\/strong><strong><\/strong><\/p>\n\n\n\n<p><strong>ul. Zab\u0142ocie 22<\/strong><strong><\/strong><\/p>\n\n\n\n<p><strong>30-701 Krak\u00f3w <\/strong><\/p>\n\n\n\n<p><\/p>\n\n\n\n<p><em>z powa\u017caniem<\/em><\/p>\n\n\n\n<p><em>Wojciech \u0141apta\u015b<\/em><\/p>\n\n\n\n<p><em>Zast\u0119pca Dyrektora Wydzia\u0142u<\/em><\/p>\n","protected":false},"excerpt":{"rendered":"<p>Szanowni Pa\u0144stwo, Wydzia\u0142 ds. Przedsi\u0119biorczo\u015bci i Innowacji Urz\u0119du Miasta Krakowa informuje, \u017ce od 1 stycznia 2025 r. Referat ds. CEIDG dotychczas funkcjonuj\u0105cy w Wydziale Spraw Administracyjnych uleg\u0142 reorganizacji i zosta\u0142 w\u0142\u0105czony do Punktu Obs\u0142ugi Przedsi\u0119biorcy w Wydziale ds. Przedsi\u0119biorczo\u015bci i Innowacji. Zmienia si\u0119 tak\u017ce lokalizacja, w kt\u00f3rej b\u0119d\u0105 obs\u0142ugiwani przedsi\u0119biorcy.\u00a0Od 20 stycznia 2025 r. sprawy [&hellip;]<\/p>\n","protected":false},"author":9,"featured_media":0,"comment_status":"closed","ping_status":"closed","sticky":false,"template":"","format":"standard","meta":{"_acf_changed":false,"inline_featured_image":false,"footnotes":""},"categories":[6],"tags":[],"class_list":["post-5527","post","type-post","status-publish","format-standard","hentry","category-artykuly"],"acf":[],"_links":{"self":[{"href":"https:\/\/adwokatura.krakow.pl\/adwokaci-i-aplikanci\/wp-json\/wp\/v2\/posts\/5527","targetHints":{"allow":["GET"]}}],"collection":[{"href":"https:\/\/adwokatura.krakow.pl\/adwokaci-i-aplikanci\/wp-json\/wp\/v2\/posts"}],"about":[{"href":"https:\/\/adwokatura.krakow.pl\/adwokaci-i-aplikanci\/wp-json\/wp\/v2\/types\/post"}],"author":[{"embeddable":true,"href":"https:\/\/adwokatura.krakow.pl\/adwokaci-i-aplikanci\/wp-json\/wp\/v2\/users\/9"}],"replies":[{"embeddable":true,"href":"https:\/\/adwokatura.krakow.pl\/adwokaci-i-aplikanci\/wp-json\/wp\/v2\/comments?post=5527"}],"version-history":[{"count":1,"href":"https:\/\/adwokatura.krakow.pl\/adwokaci-i-aplikanci\/wp-json\/wp\/v2\/posts\/5527\/revisions"}],"predecessor-version":[{"id":5528,"href":"https:\/\/adwokatura.krakow.pl\/adwokaci-i-aplikanci\/wp-json\/wp\/v2\/posts\/5527\/revisions\/5528"}],"wp:attachment":[{"href":"https:\/\/adwokatura.krakow.pl\/adwokaci-i-aplikanci\/wp-json\/wp\/v2\/media?parent=5527"}],"wp:term":[{"taxonomy":"category","embeddable":true,"href":"https:\/\/adwokatura.krakow.pl\/adwokaci-i-aplikanci\/wp-json\/wp\/v2\/categories?post=5527"},{"taxonomy":"post_tag","embeddable":true,"href":"https:\/\/adwokatura.krakow.pl\/adwokaci-i-aplikanci\/wp-json\/wp\/v2\/tags?post=5527"}],"curies":[{"name":"wp","href":"https:\/\/api.w.org\/{rel}","templated":true}]}}