{"id":5529,"date":"2025-01-23T09:51:23","date_gmt":"2025-01-23T08:51:23","guid":{"rendered":"https:\/\/adwokatura.krakow.pl\/adwokaci-i-aplikanci\/?p=5529"},"modified":"2025-01-23T09:51:23","modified_gmt":"2025-01-23T08:51:23","slug":"dzien-zagrozonego-prawnika-2025","status":"publish","type":"post","link":"https:\/\/adwokatura.krakow.pl\/adwokaci-i-aplikanci\/dzien-zagrozonego-prawnika-2025\/","title":{"rendered":"Dzie\u0144 Zagro\u017conego Prawnika 2025"},"content":{"rendered":"\n<figure class=\"wp-block-image size-full is-resized\"><img loading=\"lazy\" decoding=\"async\" width=\"700\" height=\"700\" src=\"https:\/\/adwokatura.krakow.pl\/adwokaci-i-aplikanci\/wp-content\/uploads\/sites\/2\/2025\/01\/big_file-dzien-zagrozonego-prawnika-42183.jpg\" alt=\"\" class=\"wp-image-5530\" style=\"width:497px;height:auto\" srcset=\"https:\/\/adwokatura.krakow.pl\/adwokaci-i-aplikanci\/wp-content\/uploads\/sites\/2\/2025\/01\/big_file-dzien-zagrozonego-prawnika-42183.jpg 700w, https:\/\/adwokatura.krakow.pl\/adwokaci-i-aplikanci\/wp-content\/uploads\/sites\/2\/2025\/01\/big_file-dzien-zagrozonego-prawnika-42183-300x300.jpg 300w, https:\/\/adwokatura.krakow.pl\/adwokaci-i-aplikanci\/wp-content\/uploads\/sites\/2\/2025\/01\/big_file-dzien-zagrozonego-prawnika-42183-150x150.jpg 150w\" sizes=\"auto, (max-width: 700px) 100vw, 700px\" \/><\/figure>\n\n\n\n<ul class=\"wp-block-list\">\n<li><strong>24 stycznia obchodzony jest Mi\u0119dzynarodowy Dzie\u0144 Zagro\u017conego Prawnika.<\/strong><\/li>\n\n\n\n<li><strong>W tym roku uwaga koncentruje si\u0119 na sytuacji prawnik\u00f3w w Bia\u0142orusi.<\/strong><\/li>\n<\/ul>\n\n\n\n<p>&nbsp;<br>Mi\u0119dzynarodowy Dzie\u0144 Zagro\u017conego Prawnika zosta\u0142 ustanowiony w 2010 roku. Jego data nawi\u0105zuje do wydarze\u0144 z 1977 r., kiedy czterech prawnik\u00f3w i jeden pracownik biura zosta\u0142o zamordowanych w Madrycie. To wydarzenie sta\u0142o si\u0119 p\u00f3\u017aniej znane jako Masakra w Atocha.<\/p>\n\n\n\n<p>Celem Dnia Zagro\u017conego Prawnika jest zwr\u00f3cenie uwagi spo\u0142ecze\u0144stwa obywatelskiego i w\u0142adz publicznych na sytuacj\u0119 prawnik\u00f3w w danym kraju, aby podnie\u015b\u0107 \u015bwiadomo\u015b\u0107 zagro\u017ce\u0144 na jakie s\u0105 nara\u017ceni w zwi\u0105zku z wykonywaniem swojego zawodu.<br>\u00a0<br><strong>W 2025 r. Mi\u0119dzynarodowy Dzie\u0144 Zagro\u017conego Prawnika skupia si\u0119 na Bia\u0142orusi.<\/strong><\/p>\n\n\n<a class=\"button button--zielony-ze-strzalka\" href=\"https:\/\/www.adwokatura.pl\/ogolnoprawne\/dzien-zagrozonego-prawnika-2025\/\">\n        CZYTAJ WI\u0118CEJ<\/a>\n\n\n\n<div class=\"wp-block-columns is-layout-flex wp-container-core-columns-is-layout-9d6595d7 wp-block-columns-is-layout-flex\">\n<div class=\"wp-block-column is-layout-flow wp-block-column-is-layout-flow\">\n<figure class=\"wp-block-image size-large\"><img loading=\"lazy\" decoding=\"async\" width=\"730\" height=\"1024\" src=\"https:\/\/adwokatura.krakow.pl\/adwokaci-i-aplikanci\/wp-content\/uploads\/sites\/2\/2025\/01\/ALIAKSANDR-DANILEVICH-\u00a9\ufe0fYuliya-Pesenka-Hramanteva-730x1024.png\" alt=\"\" class=\"wp-image-5531\" srcset=\"https:\/\/adwokatura.krakow.pl\/adwokaci-i-aplikanci\/wp-content\/uploads\/sites\/2\/2025\/01\/ALIAKSANDR-DANILEVICH-\u00a9\ufe0fYuliya-Pesenka-Hramanteva-730x1024.png 730w, https:\/\/adwokatura.krakow.pl\/adwokaci-i-aplikanci\/wp-content\/uploads\/sites\/2\/2025\/01\/ALIAKSANDR-DANILEVICH-\u00a9\ufe0fYuliya-Pesenka-Hramanteva-214x300.png 214w, https:\/\/adwokatura.krakow.pl\/adwokaci-i-aplikanci\/wp-content\/uploads\/sites\/2\/2025\/01\/ALIAKSANDR-DANILEVICH-\u00a9\ufe0fYuliya-Pesenka-Hramanteva-768x1077.png 768w, https:\/\/adwokatura.krakow.pl\/adwokaci-i-aplikanci\/wp-content\/uploads\/sites\/2\/2025\/01\/ALIAKSANDR-DANILEVICH-\u00a9\ufe0fYuliya-Pesenka-Hramanteva.png 860w\" sizes=\"auto, (max-width: 730px) 100vw, 730px\" \/><\/figure>\n<\/div>\n\n\n\n<div class=\"wp-block-column is-layout-flow wp-block-column-is-layout-flow\">\n<figure class=\"wp-block-image size-large\"><img loading=\"lazy\" decoding=\"async\" width=\"739\" height=\"1024\" src=\"https:\/\/adwokatura.krakow.pl\/adwokaci-i-aplikanci\/wp-content\/uploads\/sites\/2\/2025\/01\/ANASTASIA-LAZARENKA-\u00a9\ufe0fYuliya-Pesenka-Hramanteva-739x1024.png\" alt=\"\" class=\"wp-image-5532\" srcset=\"https:\/\/adwokatura.krakow.pl\/adwokaci-i-aplikanci\/wp-content\/uploads\/sites\/2\/2025\/01\/ANASTASIA-LAZARENKA-\u00a9\ufe0fYuliya-Pesenka-Hramanteva-739x1024.png 739w, https:\/\/adwokatura.krakow.pl\/adwokaci-i-aplikanci\/wp-content\/uploads\/sites\/2\/2025\/01\/ANASTASIA-LAZARENKA-\u00a9\ufe0fYuliya-Pesenka-Hramanteva-217x300.png 217w, https:\/\/adwokatura.krakow.pl\/adwokaci-i-aplikanci\/wp-content\/uploads\/sites\/2\/2025\/01\/ANASTASIA-LAZARENKA-\u00a9\ufe0fYuliya-Pesenka-Hramanteva-768x1064.png 768w, https:\/\/adwokatura.krakow.pl\/adwokaci-i-aplikanci\/wp-content\/uploads\/sites\/2\/2025\/01\/ANASTASIA-LAZARENKA-\u00a9\ufe0fYuliya-Pesenka-Hramanteva.png 868w\" sizes=\"auto, (max-width: 739px) 100vw, 739px\" \/><\/figure>\n<\/div>\n\n\n\n<div class=\"wp-block-column is-layout-flow wp-block-column-is-layout-flow\">\n<figure class=\"wp-block-image size-large\"><img loading=\"lazy\" decoding=\"async\" width=\"729\" height=\"1024\" src=\"https:\/\/adwokatura.krakow.pl\/adwokaci-i-aplikanci\/wp-content\/uploads\/sites\/2\/2025\/01\/ALIAKSEI-BARODKA-\u00a9\ufe0fYuliya-Pesenka-Hramanteva-729x1024.png\" alt=\"\" class=\"wp-image-5533\" srcset=\"https:\/\/adwokatura.krakow.pl\/adwokaci-i-aplikanci\/wp-content\/uploads\/sites\/2\/2025\/01\/ALIAKSEI-BARODKA-\u00a9\ufe0fYuliya-Pesenka-Hramanteva-729x1024.png 729w, https:\/\/adwokatura.krakow.pl\/adwokaci-i-aplikanci\/wp-content\/uploads\/sites\/2\/2025\/01\/ALIAKSEI-BARODKA-\u00a9\ufe0fYuliya-Pesenka-Hramanteva-214x300.png 214w, https:\/\/adwokatura.krakow.pl\/adwokaci-i-aplikanci\/wp-content\/uploads\/sites\/2\/2025\/01\/ALIAKSEI-BARODKA-\u00a9\ufe0fYuliya-Pesenka-Hramanteva-768x1078.png 768w, https:\/\/adwokatura.krakow.pl\/adwokaci-i-aplikanci\/wp-content\/uploads\/sites\/2\/2025\/01\/ALIAKSEI-BARODKA-\u00a9\ufe0fYuliya-Pesenka-Hramanteva.png 862w\" sizes=\"auto, (max-width: 729px) 100vw, 729px\" \/><\/figure>\n<\/div>\n<\/div>\n\n\n\n<div class=\"wp-block-columns is-layout-flex wp-container-core-columns-is-layout-9d6595d7 wp-block-columns-is-layout-flex\">\n<div class=\"wp-block-column is-layout-flow wp-block-column-is-layout-flow\">\n<figure class=\"wp-block-image size-large\"><img loading=\"lazy\" decoding=\"async\" width=\"732\" height=\"1024\" src=\"https:\/\/adwokatura.krakow.pl\/adwokaci-i-aplikanci\/wp-content\/uploads\/sites\/2\/2025\/01\/MAKSIM-ZNAK-\u00a9\ufe0fYuliya-Pesenka-Hramanteva-732x1024.png\" alt=\"\" class=\"wp-image-5534\" srcset=\"https:\/\/adwokatura.krakow.pl\/adwokaci-i-aplikanci\/wp-content\/uploads\/sites\/2\/2025\/01\/MAKSIM-ZNAK-\u00a9\ufe0fYuliya-Pesenka-Hramanteva-732x1024.png 732w, https:\/\/adwokatura.krakow.pl\/adwokaci-i-aplikanci\/wp-content\/uploads\/sites\/2\/2025\/01\/MAKSIM-ZNAK-\u00a9\ufe0fYuliya-Pesenka-Hramanteva-215x300.png 215w, https:\/\/adwokatura.krakow.pl\/adwokaci-i-aplikanci\/wp-content\/uploads\/sites\/2\/2025\/01\/MAKSIM-ZNAK-\u00a9\ufe0fYuliya-Pesenka-Hramanteva-768x1074.png 768w, https:\/\/adwokatura.krakow.pl\/adwokaci-i-aplikanci\/wp-content\/uploads\/sites\/2\/2025\/01\/MAKSIM-ZNAK-\u00a9\ufe0fYuliya-Pesenka-Hramanteva.png 858w\" sizes=\"auto, (max-width: 732px) 100vw, 732px\" \/><\/figure>\n<\/div>\n\n\n\n<div class=\"wp-block-column is-layout-flow wp-block-column-is-layout-flow\">\n<figure class=\"wp-block-image size-large\"><img loading=\"lazy\" decoding=\"async\" width=\"695\" height=\"1024\" src=\"https:\/\/adwokatura.krakow.pl\/adwokaci-i-aplikanci\/wp-content\/uploads\/sites\/2\/2025\/01\/YULIYA-YURHILEVICH-\u00a9\ufe0fYuliya-Pesenka-Hramanteva-695x1024.png\" alt=\"\" class=\"wp-image-5535\" srcset=\"https:\/\/adwokatura.krakow.pl\/adwokaci-i-aplikanci\/wp-content\/uploads\/sites\/2\/2025\/01\/YULIYA-YURHILEVICH-\u00a9\ufe0fYuliya-Pesenka-Hramanteva-695x1024.png 695w, https:\/\/adwokatura.krakow.pl\/adwokaci-i-aplikanci\/wp-content\/uploads\/sites\/2\/2025\/01\/YULIYA-YURHILEVICH-\u00a9\ufe0fYuliya-Pesenka-Hramanteva-204x300.png 204w, https:\/\/adwokatura.krakow.pl\/adwokaci-i-aplikanci\/wp-content\/uploads\/sites\/2\/2025\/01\/YULIYA-YURHILEVICH-\u00a9\ufe0fYuliya-Pesenka-Hramanteva-768x1131.png 768w, https:\/\/adwokatura.krakow.pl\/adwokaci-i-aplikanci\/wp-content\/uploads\/sites\/2\/2025\/01\/YULIYA-YURHILEVICH-\u00a9\ufe0fYuliya-Pesenka-Hramanteva.png 820w\" sizes=\"auto, (max-width: 695px) 100vw, 695px\" \/><\/figure>\n<\/div>\n\n\n\n<div class=\"wp-block-column is-layout-flow wp-block-column-is-layout-flow\">\n<figure class=\"wp-block-image size-large\"><img loading=\"lazy\" decoding=\"async\" width=\"732\" height=\"1024\" src=\"https:\/\/adwokatura.krakow.pl\/adwokaci-i-aplikanci\/wp-content\/uploads\/sites\/2\/2025\/01\/VITAL-BRAHINETS-\u00a9\ufe0fYuliya-Pesenka-Hramanteva-732x1024.png\" alt=\"\" class=\"wp-image-5536\" srcset=\"https:\/\/adwokatura.krakow.pl\/adwokaci-i-aplikanci\/wp-content\/uploads\/sites\/2\/2025\/01\/VITAL-BRAHINETS-\u00a9\ufe0fYuliya-Pesenka-Hramanteva-732x1024.png 732w, https:\/\/adwokatura.krakow.pl\/adwokaci-i-aplikanci\/wp-content\/uploads\/sites\/2\/2025\/01\/VITAL-BRAHINETS-\u00a9\ufe0fYuliya-Pesenka-Hramanteva-214x300.png 214w, https:\/\/adwokatura.krakow.pl\/adwokaci-i-aplikanci\/wp-content\/uploads\/sites\/2\/2025\/01\/VITAL-BRAHINETS-\u00a9\ufe0fYuliya-Pesenka-Hramanteva-768x1074.png 768w, https:\/\/adwokatura.krakow.pl\/adwokaci-i-aplikanci\/wp-content\/uploads\/sites\/2\/2025\/01\/VITAL-BRAHINETS-\u00a9\ufe0fYuliya-Pesenka-Hramanteva.png 862w\" sizes=\"auto, (max-width: 732px) 100vw, 732px\" \/><\/figure>\n<\/div>\n<\/div>\n","protected":false},"excerpt":{"rendered":"<p>&nbsp;Mi\u0119dzynarodowy Dzie\u0144 Zagro\u017conego Prawnika zosta\u0142 ustanowiony w 2010 roku. Jego data nawi\u0105zuje do wydarze\u0144 z 1977 r., kiedy czterech prawnik\u00f3w i jeden pracownik biura zosta\u0142o zamordowanych w Madrycie. To wydarzenie sta\u0142o si\u0119 p\u00f3\u017aniej znane jako Masakra w Atocha. Celem Dnia Zagro\u017conego Prawnika jest zwr\u00f3cenie uwagi spo\u0142ecze\u0144stwa obywatelskiego i w\u0142adz publicznych na sytuacj\u0119 prawnik\u00f3w w danym [&hellip;]<\/p>\n","protected":false},"author":9,"featured_media":0,"comment_status":"closed","ping_status":"closed","sticky":false,"template":"","format":"standard","meta":{"_acf_changed":false,"inline_featured_image":false,"footnotes":""},"categories":[6],"tags":[],"class_list":["post-5529","post","type-post","status-publish","format-standard","hentry","category-artykuly"],"acf":[],"_links":{"self":[{"href":"https:\/\/adwokatura.krakow.pl\/adwokaci-i-aplikanci\/wp-json\/wp\/v2\/posts\/5529","targetHints":{"allow":["GET"]}}],"collection":[{"href":"https:\/\/adwokatura.krakow.pl\/adwokaci-i-aplikanci\/wp-json\/wp\/v2\/posts"}],"about":[{"href":"https:\/\/adwokatura.krakow.pl\/adwokaci-i-aplikanci\/wp-json\/wp\/v2\/types\/post"}],"author":[{"embeddable":true,"href":"https:\/\/adwokatura.krakow.pl\/adwokaci-i-aplikanci\/wp-json\/wp\/v2\/users\/9"}],"replies":[{"embeddable":true,"href":"https:\/\/adwokatura.krakow.pl\/adwokaci-i-aplikanci\/wp-json\/wp\/v2\/comments?post=5529"}],"version-history":[{"count":2,"href":"https:\/\/adwokatura.krakow.pl\/adwokaci-i-aplikanci\/wp-json\/wp\/v2\/posts\/5529\/revisions"}],"predecessor-version":[{"id":5538,"href":"https:\/\/adwokatura.krakow.pl\/adwokaci-i-aplikanci\/wp-json\/wp\/v2\/posts\/5529\/revisions\/5538"}],"wp:attachment":[{"href":"https:\/\/adwokatura.krakow.pl\/adwokaci-i-aplikanci\/wp-json\/wp\/v2\/media?parent=5529"}],"wp:term":[{"taxonomy":"category","embeddable":true,"href":"https:\/\/adwokatura.krakow.pl\/adwokaci-i-aplikanci\/wp-json\/wp\/v2\/categories?post=5529"},{"taxonomy":"post_tag","embeddable":true,"href":"https:\/\/adwokatura.krakow.pl\/adwokaci-i-aplikanci\/wp-json\/wp\/v2\/tags?post=5529"}],"curies":[{"name":"wp","href":"https:\/\/api.w.org\/{rel}","templated":true}]}}