{"id":5592,"date":"2025-02-19T10:26:00","date_gmt":"2025-02-19T09:26:00","guid":{"rendered":"https:\/\/adwokatura.krakow.pl\/adwokaci-i-aplikanci\/?p=5592"},"modified":"2025-02-19T10:26:01","modified_gmt":"2025-02-19T09:26:01","slug":"xiii-otwarte-mistrzostwa-adwokatury-w-brydzu-sportowym","status":"publish","type":"post","link":"https:\/\/adwokatura.krakow.pl\/adwokaci-i-aplikanci\/xiii-otwarte-mistrzostwa-adwokatury-w-brydzu-sportowym\/","title":{"rendered":"XIII Otwarte Mistrzostwa Adwokatury w Bryd\u017cu Sportowym"},"content":{"rendered":"\n<figure class=\"wp-block-image size-large is-resized\"><img loading=\"lazy\" decoding=\"async\" width=\"726\" height=\"1024\" src=\"https:\/\/adwokatura.krakow.pl\/adwokaci-i-aplikanci\/wp-content\/uploads\/sites\/2\/2025\/02\/adwokatura-BRYDZ-1-726x1024.jpg\" alt=\"\" class=\"wp-image-5594\" style=\"width:266px;height:auto\" srcset=\"https:\/\/adwokatura.krakow.pl\/adwokaci-i-aplikanci\/wp-content\/uploads\/sites\/2\/2025\/02\/adwokatura-BRYDZ-1-726x1024.jpg 726w, https:\/\/adwokatura.krakow.pl\/adwokaci-i-aplikanci\/wp-content\/uploads\/sites\/2\/2025\/02\/adwokatura-BRYDZ-1-213x300.jpg 213w, https:\/\/adwokatura.krakow.pl\/adwokaci-i-aplikanci\/wp-content\/uploads\/sites\/2\/2025\/02\/adwokatura-BRYDZ-1-768x1083.jpg 768w, https:\/\/adwokatura.krakow.pl\/adwokaci-i-aplikanci\/wp-content\/uploads\/sites\/2\/2025\/02\/adwokatura-BRYDZ-1.jpg 890w\" sizes=\"auto, (max-width: 726px) 100vw, 726px\" \/><\/figure>\n\n\n\n<p><strong>Z a p r o s z e n i e&nbsp;<\/strong><\/p>\n\n\n\n<p>Uprzejmie&nbsp; zawiadamiam, \u017ce Komisja Integracji \u015arodowiskowej, Sportu i Wypoczynku przy Naczelnej Radzie Adwokackiej oraz Okr\u0119gowa Rada Adwokacka w P\u0142ocku postanowi\u0142y zorganizowa\u0107 w dniach <strong>25-27 kwietnia 2025r.<\/strong> w <strong>P\u0142ocku XIII Otwarte<\/strong> <strong>Mistrzostwa Adwokatury w Bryd\u017cu Sportowym,<\/strong> do udzia\u0142u w kt\u00f3rych zapraszamy adwokat\u00f3w oraz aplikant\u00f3w adwokackich, radc\u00f3w prawnych oraz aplikant\u00f3w radcowskich, s\u0119dzi\u00f3w, prokurator\u00f3w oraz zaproszonych go\u015bci.<\/p>\n\n\n\n<p><strong>Mistrzostwa&nbsp; s\u0105&nbsp; planowane w terminie 25-27 kwietnia 2025r.<\/strong> w nast\u0119puj\u0105cych sesjach :<\/p>\n\n\n\n<p><strong>25.04.2025r. <\/strong>&#8211; godz. 16.00 &#8211; 21.00 &#8211; Turniej Indywidualny<\/p>\n\n\n\n<p><strong>&nbsp;&nbsp;&nbsp;&nbsp;&nbsp;&nbsp;&nbsp;&nbsp;&nbsp; <\/strong>serwis: kawa, herbata, kolacja<\/p>\n\n\n\n<p><strong>26.04.2025r. <\/strong>&#8211; godz. 09.00 &#8211; 18.00 &#8211; Turniej Par na zapis maksymalny oraz Turniej Par na zapis meczowy<\/p>\n\n\n\n<p>&nbsp;&nbsp;&nbsp;&nbsp;&nbsp;&nbsp;&nbsp;&nbsp;&nbsp;&nbsp;serwis: kawa, herbata, lunch i uroczysta kolacja&nbsp;&nbsp;&nbsp;&nbsp;&nbsp;&nbsp;&nbsp;&nbsp;&nbsp;&nbsp;&nbsp;&nbsp;&nbsp;&nbsp;&nbsp;&nbsp;&nbsp;&nbsp; &nbsp;&nbsp;&nbsp;&nbsp;&nbsp;&nbsp;&nbsp;&nbsp;&nbsp;&nbsp;&nbsp;&nbsp;&nbsp;<\/p>\n\n\n\n<p><strong>27.04.2025r. <\/strong>godz. 09.00 &#8211; 13.00&nbsp; &#8211; Turniej Dru\u017cynowy<\/p>\n\n\n\n<p>&nbsp;&nbsp;&nbsp;&nbsp;&nbsp;&nbsp;&nbsp;&nbsp;&nbsp;&nbsp; serwis: kawa, herbata<\/p>\n\n\n\n<p>Zg\u0142oszenia udzia\u0142u w rozgrywkach nale\u017cy dokonywa\u0107 w terminie <strong>do 30 marca 2025r. <\/strong>do Biura ORA w P\u0142ocku ul. Sienkiewicza 31 tel. 24&nbsp;262 97 02 adres e-mail: <strong><a href=\"mailto:ora.plock@adwokatura.pl\">ora.plock@adwokatura.pl<\/a><\/strong><strong> .<\/strong><\/p>\n\n\n\n<p>Wpisowe:<\/p>\n\n\n\n<p>150 z\u0142&nbsp; &nbsp;&nbsp;&nbsp;&nbsp;&nbsp;&nbsp;&nbsp;&nbsp;&nbsp; dla zawodnik\u00f3w b\u0119d\u0105cych cz\u0142onkami samorz\u0105du adwokackiego i radcowskiego<\/p>\n\n\n\n<p>200 z\u0142 &nbsp;&nbsp;&nbsp;&nbsp;&nbsp;&nbsp;&nbsp;&nbsp;&nbsp;&nbsp; dla zawodnik\u00f3w nie b\u0119d\u0105cych cz\u0142onkami powy\u017cszych samorz\u0105d\u00f3w tj. s\u0119dziowie, prokuratorzy<\/p>\n\n\n\n<p>50 z\u0142&nbsp; &nbsp;&nbsp;&nbsp;&nbsp;&nbsp;&nbsp;&nbsp;&nbsp;&nbsp;&nbsp;&nbsp;&nbsp; aplikanci adwokaccy<\/p>\n\n\n\n<p>W ramach wpisowego cz\u0119\u015b\u0107 gastronomiczna.<\/p>\n\n\n\n<p>Klasyfikacja Mistrzostw b\u0119dzie oddzielna&nbsp; dla adwokat\u00f3w i aplikant\u00f3w adwokackich oraz uczestnik\u00f3w reprezentuj\u0105cych pozosta\u0142e zawody prawnicze.<\/p>\n\n\n\n<p>Przewidziane s\u0105 nagrody rzeczowe (w tym od CH Beck).<\/p>\n\n\n\n<p>Zakwaterowanie indywidualne w <strong>Hotelu Starzy\u0144ski ul. Piekarska 1 w P\u0142ocku <\/strong>w cenie 400 z\u0142 za pok\u00f3j 2 osobowy \/ doba.<\/p>\n\n\n\n<p>Rezerwacji miejsc&nbsp; w hotelu nale\u017cy dokonywa\u0107 indywidualniebezpo\u015brednio w Hotelu Starzy\u0144ski: tel. 24-362-02-00 e-mail: <a href=\"mailto:hotel@starzynski.com.pl\">hotel@starzynski.com.pl<\/a> &nbsp;&nbsp;w terminie do dnia 30.03.2025r. <strong>(has\u0142o bryd\u017c)<\/strong>&nbsp;&nbsp;&nbsp;&nbsp;&nbsp;&nbsp;&nbsp;&nbsp;&nbsp;&nbsp;&nbsp;&nbsp;&nbsp;&nbsp;&nbsp;&nbsp; &nbsp;&nbsp;&nbsp;&nbsp;<\/p>\n\n\n\n<p>Z&nbsp; wyrazami&nbsp; szacunku<\/p>\n\n\n\n<p>Wicedziekan&nbsp; ORA&nbsp; w P\u0142ocku<\/p>\n\n\n\n<p>adw. Wojciech Skorupski<\/p>\n","protected":false},"excerpt":{"rendered":"<p>Z a p r o s z e n i e&nbsp; Uprzejmie&nbsp; zawiadamiam, \u017ce Komisja Integracji \u015arodowiskowej, Sportu i Wypoczynku przy Naczelnej Radzie Adwokackiej oraz Okr\u0119gowa Rada Adwokacka w P\u0142ocku postanowi\u0142y zorganizowa\u0107 w dniach 25-27 kwietnia 2025r. w P\u0142ocku XIII Otwarte Mistrzostwa Adwokatury w Bryd\u017cu Sportowym, do udzia\u0142u w kt\u00f3rych zapraszamy adwokat\u00f3w oraz aplikant\u00f3w adwokackich, [&hellip;]<\/p>\n","protected":false},"author":8,"featured_media":0,"comment_status":"closed","ping_status":"closed","sticky":false,"template":"","format":"standard","meta":{"_acf_changed":false,"inline_featured_image":false,"footnotes":""},"categories":[6],"tags":[],"class_list":["post-5592","post","type-post","status-publish","format-standard","hentry","category-artykuly"],"acf":[],"_links":{"self":[{"href":"https:\/\/adwokatura.krakow.pl\/adwokaci-i-aplikanci\/wp-json\/wp\/v2\/posts\/5592","targetHints":{"allow":["GET"]}}],"collection":[{"href":"https:\/\/adwokatura.krakow.pl\/adwokaci-i-aplikanci\/wp-json\/wp\/v2\/posts"}],"about":[{"href":"https:\/\/adwokatura.krakow.pl\/adwokaci-i-aplikanci\/wp-json\/wp\/v2\/types\/post"}],"author":[{"embeddable":true,"href":"https:\/\/adwokatura.krakow.pl\/adwokaci-i-aplikanci\/wp-json\/wp\/v2\/users\/8"}],"replies":[{"embeddable":true,"href":"https:\/\/adwokatura.krakow.pl\/adwokaci-i-aplikanci\/wp-json\/wp\/v2\/comments?post=5592"}],"version-history":[{"count":1,"href":"https:\/\/adwokatura.krakow.pl\/adwokaci-i-aplikanci\/wp-json\/wp\/v2\/posts\/5592\/revisions"}],"predecessor-version":[{"id":5595,"href":"https:\/\/adwokatura.krakow.pl\/adwokaci-i-aplikanci\/wp-json\/wp\/v2\/posts\/5592\/revisions\/5595"}],"wp:attachment":[{"href":"https:\/\/adwokatura.krakow.pl\/adwokaci-i-aplikanci\/wp-json\/wp\/v2\/media?parent=5592"}],"wp:term":[{"taxonomy":"category","embeddable":true,"href":"https:\/\/adwokatura.krakow.pl\/adwokaci-i-aplikanci\/wp-json\/wp\/v2\/categories?post=5592"},{"taxonomy":"post_tag","embeddable":true,"href":"https:\/\/adwokatura.krakow.pl\/adwokaci-i-aplikanci\/wp-json\/wp\/v2\/tags?post=5592"}],"curies":[{"name":"wp","href":"https:\/\/api.w.org\/{rel}","templated":true}]}}