{"id":5602,"date":"2025-02-25T10:38:51","date_gmt":"2025-02-25T09:38:51","guid":{"rendered":"https:\/\/adwokatura.krakow.pl\/adwokaci-i-aplikanci\/?p=5602"},"modified":"2025-02-25T10:38:51","modified_gmt":"2025-02-25T09:38:51","slug":"xxxi-kongres-miedzynarodowej-federacji-prawa-europejskiego","status":"publish","type":"post","link":"https:\/\/adwokatura.krakow.pl\/adwokaci-i-aplikanci\/xxxi-kongres-miedzynarodowej-federacji-prawa-europejskiego\/","title":{"rendered":"XXXI Kongres Mi\u0119dzynarodowej Federacji Prawa Europejskiego."},"content":{"rendered":"\n<p>W dniach <strong>28-31 maja 2025 r. w Katowicach<\/strong>\u00a0odb\u0119dzie si\u0119 <strong>XXXI Kongres Mi\u0119dzynarodowej Federacji Prawa Europejskiego<\/strong>.<\/p>\n\n\n\n<p>Mi\u0119dzynarodowa Federacja Prawa Europejskiego (F\u00e9d\u00e9ration Internationale pour le Droit Europ\u00e9en &#8211; FIDE), za\u0142o\u017cona w 1961 r., zrzesza stowarzyszenia wywodz\u0105ce si\u0119 z pa\u0144stw cz\u0142onkowskich Unii Europejskiej, kt\u00f3rych celem jest upowszechnianie wiedzy o prawie UE oraz zjednoczenie \u015brodowiska prawniczego wok\u00f3\u0142 idei integracji europejskiej. W obecnej kadencji Prezydentem federacji jest Pan prof. dr hab. Maciej Szpunar.&nbsp;<\/p>\n\n\n\n<p>Jednym z najwa\u017cniejszych przejaw\u00f3w dzia\u0142alno\u015bci FIDE jest organizacja dwuletnich kongres\u00f3w, kt\u00f3re odbywaj\u0105 si\u0119 nieprzerwanie od 1961 r. przez stowarzyszenia krajowe dzia\u0142aj\u0105ce pod auspicjami Federacji.<\/p>\n\n\n\n<p>Organizacja XXXI Kongresu 2025 nale\u017cy do Polskiego Stowarzyszenia Prawa Europejskiego. Wsp\u00f3\u0142organizatorami Kongresu b\u0119d\u0105 Uniwersytet \u015al\u0105ski w Katowicach oraz miasto Katowice.<br><br>Ka\u017cdy Kongres po\u015bwi\u0119cony jest trzem starannie wybranym kwestiom o kluczowym znaczeniu nie tylko dla prawa UE, ale i dla ca\u0142ego projektu europejskiego.<\/p>\n\n\n\n<p><strong>Tematami XXXI Kongresu FIDE b\u0119d\u0105:<\/strong><\/p>\n\n\n\n<ul class=\"wp-block-list\">\n<li>prawo UE w sprawie sytuacji nadzwyczajnych,<\/li>\n\n\n\n<li>unijna regulacja us\u0142ug i rynk\u00f3w cyfrowych (DSA\/DMA),<\/li>\n\n\n\n<li>solidarno\u015b\u0107 energetyczna i bezpiecze\u0144stwo energetyczne \u2013 od zielonej transformacji do zarz\u0105dzania kryzysowego UE.<\/li>\n<\/ul>\n\n\n\n<p><br>Kongres b\u0119dzie r\u00f3wnie\u017c wydarzeniem specjalnym dla m\u0142odych badaczy, doktorant\u00f3w i m\u0142odych praktyk\u00f3w. Young FIDE odb\u0119dzie si\u0119 przed Kongresem, w celu promowania aktywnego zaanga\u017cowania doktorant\u00f3w, m\u0142odych naukowc\u00f3w i m\u0142odych praktyk\u00f3w prawa UE. Podczas tego wydarzenia zostan\u0105 zaprezentowane badania m\u0142odych ekspert\u00f3w na tematy zwi\u0105zane z prawem UE \u2013 odzwierciedlaj\u0105ce tematy XXXI Kongresu FIDE.<\/p>\n\n\n\n<p><strong>Na stronie Naczelnej Rady Adwokackiej znajd\u0105 Pa\u0144stwo wi\u0119cej informacji: <\/strong><a href=\"https:\/\/www.adwokatura.pl\/konferencje-i-szkolenia\/xxxi-kongres-fide-29-31-maja-2025-w-katowicach\/\">https:\/\/www.adwokatura.pl\/konferencje-i-szkolenia\/xxxi-kongres-fide-29-31-maja-2025-w-katowicach\/<\/a>.\u00a0<\/p>\n","protected":false},"excerpt":{"rendered":"<p>W dniach 28-31 maja 2025 r. w Katowicach\u00a0odb\u0119dzie si\u0119 XXXI Kongres Mi\u0119dzynarodowej Federacji Prawa Europejskiego. Mi\u0119dzynarodowa Federacja Prawa Europejskiego (F\u00e9d\u00e9ration Internationale pour le Droit Europ\u00e9en &#8211; FIDE), za\u0142o\u017cona w 1961 r., zrzesza stowarzyszenia wywodz\u0105ce si\u0119 z pa\u0144stw cz\u0142onkowskich Unii Europejskiej, kt\u00f3rych celem jest upowszechnianie wiedzy o prawie UE oraz zjednoczenie \u015brodowiska prawniczego wok\u00f3\u0142 idei integracji [&hellip;]<\/p>\n","protected":false},"author":8,"featured_media":0,"comment_status":"closed","ping_status":"closed","sticky":false,"template":"","format":"standard","meta":{"_acf_changed":false,"inline_featured_image":false,"footnotes":""},"categories":[6],"tags":[],"class_list":["post-5602","post","type-post","status-publish","format-standard","hentry","category-artykuly"],"acf":[],"_links":{"self":[{"href":"https:\/\/adwokatura.krakow.pl\/adwokaci-i-aplikanci\/wp-json\/wp\/v2\/posts\/5602","targetHints":{"allow":["GET"]}}],"collection":[{"href":"https:\/\/adwokatura.krakow.pl\/adwokaci-i-aplikanci\/wp-json\/wp\/v2\/posts"}],"about":[{"href":"https:\/\/adwokatura.krakow.pl\/adwokaci-i-aplikanci\/wp-json\/wp\/v2\/types\/post"}],"author":[{"embeddable":true,"href":"https:\/\/adwokatura.krakow.pl\/adwokaci-i-aplikanci\/wp-json\/wp\/v2\/users\/8"}],"replies":[{"embeddable":true,"href":"https:\/\/adwokatura.krakow.pl\/adwokaci-i-aplikanci\/wp-json\/wp\/v2\/comments?post=5602"}],"version-history":[{"count":1,"href":"https:\/\/adwokatura.krakow.pl\/adwokaci-i-aplikanci\/wp-json\/wp\/v2\/posts\/5602\/revisions"}],"predecessor-version":[{"id":5603,"href":"https:\/\/adwokatura.krakow.pl\/adwokaci-i-aplikanci\/wp-json\/wp\/v2\/posts\/5602\/revisions\/5603"}],"wp:attachment":[{"href":"https:\/\/adwokatura.krakow.pl\/adwokaci-i-aplikanci\/wp-json\/wp\/v2\/media?parent=5602"}],"wp:term":[{"taxonomy":"category","embeddable":true,"href":"https:\/\/adwokatura.krakow.pl\/adwokaci-i-aplikanci\/wp-json\/wp\/v2\/categories?post=5602"},{"taxonomy":"post_tag","embeddable":true,"href":"https:\/\/adwokatura.krakow.pl\/adwokaci-i-aplikanci\/wp-json\/wp\/v2\/tags?post=5602"}],"curies":[{"name":"wp","href":"https:\/\/api.w.org\/{rel}","templated":true}]}}