{"id":5605,"date":"2025-02-27T12:00:57","date_gmt":"2025-02-27T11:00:57","guid":{"rendered":"https:\/\/adwokatura.krakow.pl\/adwokaci-i-aplikanci\/?p=5605"},"modified":"2025-02-27T12:00:57","modified_gmt":"2025-02-27T11:00:57","slug":"nra-kasacja-w-sprawach-karnych","status":"publish","type":"post","link":"https:\/\/adwokatura.krakow.pl\/adwokaci-i-aplikanci\/nra-kasacja-w-sprawach-karnych\/","title":{"rendered":"NRA &#8211; Kasacja w sprawach karnych"},"content":{"rendered":"\n<p>Komisja Doskonalenia Zawodowego przy Naczelnej Radzie Adwokackiej zaprasza na bezp\u0142atny wyk\u0142ad dla adwokat\u00f3w i aplikant\u00f3w adwokackich na temat:<\/p>\n\n\n\n<p><strong>\u201eKasacja w sprawach karnych\u201d<\/strong><\/p>\n\n\n\n<p>Wyk\u0142adowca: <strong>Dariusz \u015awiecki &#8211; <\/strong>profesor Uniwersytetu \u0141\u00f3dzkiego, doktor habilitowany na Wydziale Prawa i Administracji U\u0141, s\u0119dzia S\u0105du Najwy\u017cszego, wieloletni s\u0119dzia s\u0105d\u00f3w powszechnych orzekaj\u0105cy w pierwszej i drugiej instancji; autor wielu ksi\u0105\u017cek, m.in. <em>Apelacja w procesie karnym<\/em>, <em>Konstrukcja apelacji jako \u015brodka odwo\u0142awczego w procesie karnym, Czynno\u015bci procesowe obro\u0144cy i pe\u0142nomocnika w sprawach karnych<\/em>; <em>Post\u0119powanie odwo\u0142awcze. Komentarz. Orzecznictwo, <\/em>redaktor i wsp\u00f3\u0142autor publikacji <em>Kodeks post\u0119powania karnego. Komentarz.<\/em><\/p>\n\n\n\n<p>Czas trwania: 180 min.<\/p>\n\n\n\n<p>Szkolenie odb\u0119dzie\u00a0si\u0119 w dniu<strong> 05.03.2025 r. w godz. 17:00-20:00<\/strong><\/p>\n\n\n\n<p><em>Dok\u0142adne informacje dotycz\u0105ce wyk\u0142adu&nbsp;oraz rejestracji na szkolenie&nbsp;znajduj\u0105 si\u0119 pod linkiem<\/em><\/p>\n\n\n\n<figure class=\"wp-block-embed\"><div class=\"wp-block-embed__wrapper\">\nhttps:\/\/nra.e-soa.pl\/szkolenia\/addZgloszeniaBPClient\/144\/144\n<\/div><\/figure>\n\n\n\n<p><em>W celu rejestracji prosimy o wybranie przycisku&nbsp;Jestem cz\u0142onkiem adwokatury&nbsp;a nast\u0119pnie zalogowanie si\u0119 do Panelu Adwokata. W przypadku braku konta w Panelu prosimy u\u017cy\u0107 funkcji&nbsp;Pierwsze logowanie&nbsp;dost\u0119pnej na dole wy\u015bwietlonej strony.<\/em><em><\/em><\/p>\n\n\n\n<p><em>Link do spotkania zostanie przes\u0142any osobom zarejestrowanym najp\u00f3\u017aniej w dniu wyk\u0142adu.<\/em><\/p>\n\n\n\n<p><strong>Zapisy na wyk\u0142ad przyjmujemy do dnia 04.03.2025 r.<\/strong><\/p>\n\n\n\n<p><strong>Ilo\u015b\u0107 miejsc ograniczona, decyduje kolejno\u015b\u0107 zg\u0142osze\u0144.<\/strong><strong><\/strong><\/p>\n\n\n\n<p>Wyk\u0142ad&nbsp;b\u0119dzie prowadzony na \u017cywo, a nadto zostanie nagrany i zamieszczony na stronie samorz\u0105du adwokackiego <a href=\"https:\/\/palestra.pl\/pl\/e-palestra\" target=\"_blank\" rel=\"noreferrer noopener\">https:\/\/palestra.pl\/pl\/e-palestra&nbsp;<\/a><\/p>\n\n\n\n<p>Serdecznie zapraszamy,<\/p>\n\n\n\n<p>Komisja Doskonalenia Zawodowego Naczelnej Rady Adwokackiej<\/p>\n","protected":false},"excerpt":{"rendered":"<p>Komisja Doskonalenia Zawodowego przy Naczelnej Radzie Adwokackiej zaprasza na bezp\u0142atny wyk\u0142ad dla adwokat\u00f3w i aplikant\u00f3w adwokackich na temat: \u201eKasacja w sprawach karnych\u201d Wyk\u0142adowca: Dariusz \u015awiecki &#8211; profesor Uniwersytetu \u0141\u00f3dzkiego, doktor habilitowany na Wydziale Prawa i Administracji U\u0141, s\u0119dzia S\u0105du Najwy\u017cszego, wieloletni s\u0119dzia s\u0105d\u00f3w powszechnych orzekaj\u0105cy w pierwszej i drugiej instancji; autor wielu ksi\u0105\u017cek, m.in. Apelacja [&hellip;]<\/p>\n","protected":false},"author":9,"featured_media":0,"comment_status":"closed","ping_status":"closed","sticky":false,"template":"","format":"standard","meta":{"_acf_changed":false,"inline_featured_image":false,"footnotes":""},"categories":[6],"tags":[],"class_list":["post-5605","post","type-post","status-publish","format-standard","hentry","category-artykuly"],"acf":[],"_links":{"self":[{"href":"https:\/\/adwokatura.krakow.pl\/adwokaci-i-aplikanci\/wp-json\/wp\/v2\/posts\/5605","targetHints":{"allow":["GET"]}}],"collection":[{"href":"https:\/\/adwokatura.krakow.pl\/adwokaci-i-aplikanci\/wp-json\/wp\/v2\/posts"}],"about":[{"href":"https:\/\/adwokatura.krakow.pl\/adwokaci-i-aplikanci\/wp-json\/wp\/v2\/types\/post"}],"author":[{"embeddable":true,"href":"https:\/\/adwokatura.krakow.pl\/adwokaci-i-aplikanci\/wp-json\/wp\/v2\/users\/9"}],"replies":[{"embeddable":true,"href":"https:\/\/adwokatura.krakow.pl\/adwokaci-i-aplikanci\/wp-json\/wp\/v2\/comments?post=5605"}],"version-history":[{"count":1,"href":"https:\/\/adwokatura.krakow.pl\/adwokaci-i-aplikanci\/wp-json\/wp\/v2\/posts\/5605\/revisions"}],"predecessor-version":[{"id":5606,"href":"https:\/\/adwokatura.krakow.pl\/adwokaci-i-aplikanci\/wp-json\/wp\/v2\/posts\/5605\/revisions\/5606"}],"wp:attachment":[{"href":"https:\/\/adwokatura.krakow.pl\/adwokaci-i-aplikanci\/wp-json\/wp\/v2\/media?parent=5605"}],"wp:term":[{"taxonomy":"category","embeddable":true,"href":"https:\/\/adwokatura.krakow.pl\/adwokaci-i-aplikanci\/wp-json\/wp\/v2\/categories?post=5605"},{"taxonomy":"post_tag","embeddable":true,"href":"https:\/\/adwokatura.krakow.pl\/adwokaci-i-aplikanci\/wp-json\/wp\/v2\/tags?post=5605"}],"curies":[{"name":"wp","href":"https:\/\/api.w.org\/{rel}","templated":true}]}}