{"id":5613,"date":"2025-03-03T10:34:42","date_gmt":"2025-03-03T09:34:42","guid":{"rendered":"https:\/\/adwokatura.krakow.pl\/adwokaci-i-aplikanci\/?p=5613"},"modified":"2025-03-04T09:58:35","modified_gmt":"2025-03-04T08:58:35","slug":"zaproszenie-na-dyskusje-ekspercka-dot-oceny-glownych-zalozen-projektow-reformy-sadownictwa","status":"publish","type":"post","link":"https:\/\/adwokatura.krakow.pl\/adwokaci-i-aplikanci\/zaproszenie-na-dyskusje-ekspercka-dot-oceny-glownych-zalozen-projektow-reformy-sadownictwa\/","title":{"rendered":"Zaproszenie na dyskusj\u0119 eksperck\u0105, dot. oceny g\u0142\u00f3wnych za\u0142o\u017ce\u0144 projekt\u00f3w reformy s\u0105downictwa"},"content":{"rendered":"\n<p>Szanowni Pa\u0144stwo,<\/p>\n\n\n\n<p>w imieniu Profesor Moniki Florczak-W\u0105tor oraz Profesora Roberta Grzeszczaka uprzejmie przesy\u0142am zaproszenie na dyskusj\u0119 eksperck\u0105 organizowan\u0105 przez Centrum Interdyscyplinarnych Studi\u00f3w Konstytucyjnych Uniwersytetu Jagiello\u0144skiego oraz Komitet Nauk Prawnych Polskiej Akademii Nauk, kt\u00f3ra odb\u0119dzie si\u0119 w \u015brod\u0119<strong>&nbsp;5 marca w godz. 17:00-20:00<\/strong>&nbsp;online.<\/p>\n\n\n\n<p>Dyskusja b\u0119dzie po\u015bwi\u0119cona ocenie z r\u00f3\u017cnych perspektyw g\u0142\u00f3wnych za\u0142o\u017ce\u0144 dw\u00f3ch projekt\u00f3w reformy s\u0105downictwa przygotowanych przez Komisj\u0119 Kodyfikacyjn\u0105 Ustroju S\u0105downictwa i Prokuratury (projekty dost\u0119pne tu: <a href=\"https:\/\/www.gov.pl\/web\/sprawiedliwosc\/projekty-aktow-prawnych-ustroju-sadownictwa-i-prokuratury\">https:\/\/www.gov.pl\/web\/sprawiedliwosc\/projekty-aktow-prawnych-ustroju-sadownictwa-i-prokuratury<\/a>).&nbsp;<\/p>\n\n\n\n<p>Ustrojowe za\u0142o\u017cenia obu projekt\u00f3w zostan\u0105 przedstawione przez prof. Piotra Tulej\u0119, cz\u0142onka Komisji Kodyfikacyjnej, a zaproszenie do wyg\u0142oszenia eksperckich komentarzy przyj\u0119li prof. Ewa \u0141\u0119towska, prof. Stanis\u0142aw Biernat, prof. S\u0142awomir Patyra oraz dr Marcin Szwed. W za\u0142\u0105czeniu uprzejmie przesy\u0142am program tego wydarzenia, a poni\u017cej zamieszczam link do formularza rejestracyjnego:&nbsp;<\/p>\n\n\n\n<p>W za\u0142\u0105czeniu uprzejmie przesy\u0142am program tego wydarzenia, a poni\u017cej zamieszczam link do formularza rejestracyjnego:&nbsp;<\/p>\n\n\n<a class=\"button button--zielony-ze-strzalka\" href=\"https:\/\/forms.office.com\/pages\/responsepage.aspx?id=6yYO676_0keekOvSQm286_zWIwd7XkVJukzICebLSbFUQ1M2M0NLMEhNMFEzVFZRWFY4TE1XRFROTS4u&amp;route=shorturl\">\n        LINK<\/a>\n\n\n\n<p><em>Z g\u00f3ry serdecznie dzi\u0119kuj\u0119 za pomoc w promocji dyskusji!<\/em><\/p>\n\n\n\n<p><em>Z wyrazami szacunku,<\/em><\/p>\n\n\n\n<p><em>Wojciech Firek<\/em><\/p>\n","protected":false},"excerpt":{"rendered":"<p>Szanowni Pa\u0144stwo, w imieniu Profesor Moniki Florczak-W\u0105tor oraz Profesora Roberta Grzeszczaka uprzejmie przesy\u0142am zaproszenie na dyskusj\u0119 eksperck\u0105 organizowan\u0105 przez Centrum Interdyscyplinarnych Studi\u00f3w Konstytucyjnych Uniwersytetu Jagiello\u0144skiego oraz Komitet Nauk Prawnych Polskiej Akademii Nauk, kt\u00f3ra odb\u0119dzie si\u0119 w \u015brod\u0119&nbsp;5 marca w godz. 17:00-20:00&nbsp;online. Dyskusja b\u0119dzie po\u015bwi\u0119cona ocenie z r\u00f3\u017cnych perspektyw g\u0142\u00f3wnych za\u0142o\u017ce\u0144 dw\u00f3ch projekt\u00f3w reformy s\u0105downictwa przygotowanych [&hellip;]<\/p>\n","protected":false},"author":9,"featured_media":0,"comment_status":"closed","ping_status":"closed","sticky":false,"template":"","format":"standard","meta":{"_acf_changed":false,"inline_featured_image":false,"footnotes":""},"categories":[6],"tags":[],"class_list":["post-5613","post","type-post","status-publish","format-standard","hentry","category-artykuly"],"acf":[],"_links":{"self":[{"href":"https:\/\/adwokatura.krakow.pl\/adwokaci-i-aplikanci\/wp-json\/wp\/v2\/posts\/5613","targetHints":{"allow":["GET"]}}],"collection":[{"href":"https:\/\/adwokatura.krakow.pl\/adwokaci-i-aplikanci\/wp-json\/wp\/v2\/posts"}],"about":[{"href":"https:\/\/adwokatura.krakow.pl\/adwokaci-i-aplikanci\/wp-json\/wp\/v2\/types\/post"}],"author":[{"embeddable":true,"href":"https:\/\/adwokatura.krakow.pl\/adwokaci-i-aplikanci\/wp-json\/wp\/v2\/users\/9"}],"replies":[{"embeddable":true,"href":"https:\/\/adwokatura.krakow.pl\/adwokaci-i-aplikanci\/wp-json\/wp\/v2\/comments?post=5613"}],"version-history":[{"count":5,"href":"https:\/\/adwokatura.krakow.pl\/adwokaci-i-aplikanci\/wp-json\/wp\/v2\/posts\/5613\/revisions"}],"predecessor-version":[{"id":5622,"href":"https:\/\/adwokatura.krakow.pl\/adwokaci-i-aplikanci\/wp-json\/wp\/v2\/posts\/5613\/revisions\/5622"}],"wp:attachment":[{"href":"https:\/\/adwokatura.krakow.pl\/adwokaci-i-aplikanci\/wp-json\/wp\/v2\/media?parent=5613"}],"wp:term":[{"taxonomy":"category","embeddable":true,"href":"https:\/\/adwokatura.krakow.pl\/adwokaci-i-aplikanci\/wp-json\/wp\/v2\/categories?post=5613"},{"taxonomy":"post_tag","embeddable":true,"href":"https:\/\/adwokatura.krakow.pl\/adwokaci-i-aplikanci\/wp-json\/wp\/v2\/tags?post=5613"}],"curies":[{"name":"wp","href":"https:\/\/api.w.org\/{rel}","templated":true}]}}