{"id":5623,"date":"2025-03-05T10:09:19","date_gmt":"2025-03-05T09:09:19","guid":{"rendered":"https:\/\/adwokatura.krakow.pl\/adwokaci-i-aplikanci\/?p=5623"},"modified":"2025-03-05T10:11:30","modified_gmt":"2025-03-05T09:11:30","slug":"x-mistrzostwa-slaska-prawnikow-w-tenisie-o-puchar-dziekana-okregowej-izby-radcow-prawnych-w-katowicach-oraz-x-badmintonowe-mistrzostwa-slaska-prawnikow","status":"publish","type":"post","link":"https:\/\/adwokatura.krakow.pl\/adwokaci-i-aplikanci\/x-mistrzostwa-slaska-prawnikow-w-tenisie-o-puchar-dziekana-okregowej-izby-radcow-prawnych-w-katowicach-oraz-x-badmintonowe-mistrzostwa-slaska-prawnikow\/","title":{"rendered":"X Mistrzostwa \u015al\u0105ska Prawnik\u00f3w w Tenisie o Puchar Dziekana Okr\u0119gowej Izby Radc\u00f3w Prawnych w Katowicach oraz X Badmintonowe Mistrzostwa \u015al\u0105ska Prawnik\u00f3w"},"content":{"rendered":"\n<div class=\"wp-block-columns is-layout-flex wp-container-core-columns-is-layout-9d6595d7 wp-block-columns-is-layout-flex\">\n<div class=\"wp-block-column is-layout-flow wp-block-column-is-layout-flow\">\n<figure class=\"wp-block-image size-large\"><img loading=\"lazy\" decoding=\"async\" width=\"728\" height=\"1024\" src=\"https:\/\/adwokatura.krakow.pl\/adwokaci-i-aplikanci\/wp-content\/uploads\/sites\/2\/2025\/03\/mistrzostwa-tenis-2025-728x1024.jpg\" alt=\"\" class=\"wp-image-5624\" srcset=\"https:\/\/adwokatura.krakow.pl\/adwokaci-i-aplikanci\/wp-content\/uploads\/sites\/2\/2025\/03\/mistrzostwa-tenis-2025-728x1024.jpg 728w, https:\/\/adwokatura.krakow.pl\/adwokaci-i-aplikanci\/wp-content\/uploads\/sites\/2\/2025\/03\/mistrzostwa-tenis-2025-213x300.jpg 213w, https:\/\/adwokatura.krakow.pl\/adwokaci-i-aplikanci\/wp-content\/uploads\/sites\/2\/2025\/03\/mistrzostwa-tenis-2025-768x1080.jpg 768w, https:\/\/adwokatura.krakow.pl\/adwokaci-i-aplikanci\/wp-content\/uploads\/sites\/2\/2025\/03\/mistrzostwa-tenis-2025-1092x1536.jpg 1092w, https:\/\/adwokatura.krakow.pl\/adwokaci-i-aplikanci\/wp-content\/uploads\/sites\/2\/2025\/03\/mistrzostwa-tenis-2025-1457x2048.jpg 1457w, https:\/\/adwokatura.krakow.pl\/adwokaci-i-aplikanci\/wp-content\/uploads\/sites\/2\/2025\/03\/mistrzostwa-tenis-2025.jpg 1680w\" sizes=\"auto, (max-width: 728px) 100vw, 728px\" \/><\/figure>\n<\/div>\n\n\n\n<div class=\"wp-block-column is-layout-flow wp-block-column-is-layout-flow\">\n<figure class=\"wp-block-image size-large\"><img loading=\"lazy\" decoding=\"async\" width=\"728\" height=\"1024\" src=\"https:\/\/adwokatura.krakow.pl\/adwokaci-i-aplikanci\/wp-content\/uploads\/sites\/2\/2025\/03\/mistrzostwa-badminton-2025-728x1024.jpg\" alt=\"\" class=\"wp-image-5625\" srcset=\"https:\/\/adwokatura.krakow.pl\/adwokaci-i-aplikanci\/wp-content\/uploads\/sites\/2\/2025\/03\/mistrzostwa-badminton-2025-728x1024.jpg 728w, https:\/\/adwokatura.krakow.pl\/adwokaci-i-aplikanci\/wp-content\/uploads\/sites\/2\/2025\/03\/mistrzostwa-badminton-2025-213x300.jpg 213w, https:\/\/adwokatura.krakow.pl\/adwokaci-i-aplikanci\/wp-content\/uploads\/sites\/2\/2025\/03\/mistrzostwa-badminton-2025-768x1080.jpg 768w, https:\/\/adwokatura.krakow.pl\/adwokaci-i-aplikanci\/wp-content\/uploads\/sites\/2\/2025\/03\/mistrzostwa-badminton-2025-1092x1536.jpg 1092w, https:\/\/adwokatura.krakow.pl\/adwokaci-i-aplikanci\/wp-content\/uploads\/sites\/2\/2025\/03\/mistrzostwa-badminton-2025-1457x2048.jpg 1457w, https:\/\/adwokatura.krakow.pl\/adwokaci-i-aplikanci\/wp-content\/uploads\/sites\/2\/2025\/03\/mistrzostwa-badminton-2025.jpg 1680w\" sizes=\"auto, (max-width: 728px) 100vw, 728px\" \/><\/figure>\n<\/div>\n<\/div>\n\n\n\n<p>Szanowni Pa\u0144stwo,<\/p>\n\n\n\n<p>Dziekan oraz Rada Okr\u0119gowej Izby Radc\u00f3w Prawnych w Katowicach maj\u0105 przyjemno\u015b\u0107 zaprosi\u0107 prawnik\u00f3w wszystkich profesji do wzi\u0119cia udzia\u0142u w:<\/p>\n\n\n\n<p>X Mistrzostwach \u015al\u0105ska Prawnik\u00f3w w Tenisie o Puchar Dziekana Okr\u0119gowej Izby Radc\u00f3w Prawnych w Katowicach oraz Turniej badmintona \u2013 X Badmintonowe Mistrzostwa \u015al\u0105ska Prawnik\u00f3w<\/p>\n\n\n\n<p>Szczeg\u00f3\u0142y w za\u0142\u0105czniku:<\/p>\n\n\n<a class=\"button button--zielony-ze-strzalka\" href=\"https:\/\/www.oirp.katowice.pl\/aktualnosci\/aktualnosci\/pokaz-aktualnosc-1402567966-1408044725.html\">\n        CZYTAJ WI\u0118CEJ<\/a>\n","protected":false},"excerpt":{"rendered":"<p>Szanowni Pa\u0144stwo, Dziekan oraz Rada Okr\u0119gowej Izby Radc\u00f3w Prawnych w Katowicach maj\u0105 przyjemno\u015b\u0107 zaprosi\u0107 prawnik\u00f3w wszystkich profesji do wzi\u0119cia udzia\u0142u w: X Mistrzostwach \u015al\u0105ska Prawnik\u00f3w w Tenisie o Puchar Dziekana Okr\u0119gowej Izby Radc\u00f3w Prawnych w Katowicach oraz Turniej badmintona \u2013 X Badmintonowe Mistrzostwa \u015al\u0105ska Prawnik\u00f3w Szczeg\u00f3\u0142y w za\u0142\u0105czniku:<\/p>\n","protected":false},"author":9,"featured_media":0,"comment_status":"closed","ping_status":"closed","sticky":false,"template":"","format":"standard","meta":{"_acf_changed":false,"inline_featured_image":false,"footnotes":""},"categories":[6],"tags":[],"class_list":["post-5623","post","type-post","status-publish","format-standard","hentry","category-artykuly"],"acf":[],"_links":{"self":[{"href":"https:\/\/adwokatura.krakow.pl\/adwokaci-i-aplikanci\/wp-json\/wp\/v2\/posts\/5623","targetHints":{"allow":["GET"]}}],"collection":[{"href":"https:\/\/adwokatura.krakow.pl\/adwokaci-i-aplikanci\/wp-json\/wp\/v2\/posts"}],"about":[{"href":"https:\/\/adwokatura.krakow.pl\/adwokaci-i-aplikanci\/wp-json\/wp\/v2\/types\/post"}],"author":[{"embeddable":true,"href":"https:\/\/adwokatura.krakow.pl\/adwokaci-i-aplikanci\/wp-json\/wp\/v2\/users\/9"}],"replies":[{"embeddable":true,"href":"https:\/\/adwokatura.krakow.pl\/adwokaci-i-aplikanci\/wp-json\/wp\/v2\/comments?post=5623"}],"version-history":[{"count":5,"href":"https:\/\/adwokatura.krakow.pl\/adwokaci-i-aplikanci\/wp-json\/wp\/v2\/posts\/5623\/revisions"}],"predecessor-version":[{"id":5631,"href":"https:\/\/adwokatura.krakow.pl\/adwokaci-i-aplikanci\/wp-json\/wp\/v2\/posts\/5623\/revisions\/5631"}],"wp:attachment":[{"href":"https:\/\/adwokatura.krakow.pl\/adwokaci-i-aplikanci\/wp-json\/wp\/v2\/media?parent=5623"}],"wp:term":[{"taxonomy":"category","embeddable":true,"href":"https:\/\/adwokatura.krakow.pl\/adwokaci-i-aplikanci\/wp-json\/wp\/v2\/categories?post=5623"},{"taxonomy":"post_tag","embeddable":true,"href":"https:\/\/adwokatura.krakow.pl\/adwokaci-i-aplikanci\/wp-json\/wp\/v2\/tags?post=5623"}],"curies":[{"name":"wp","href":"https:\/\/api.w.org\/{rel}","templated":true}]}}