{"id":5632,"date":"2025-03-05T10:41:09","date_gmt":"2025-03-05T09:41:09","guid":{"rendered":"https:\/\/adwokatura.krakow.pl\/adwokaci-i-aplikanci\/?p=5632"},"modified":"2025-03-05T10:41:09","modified_gmt":"2025-03-05T09:41:09","slug":"pierwsza-pomoc-w-stanach-zagrozenia-zycia-drugi-termin","status":"publish","type":"post","link":"https:\/\/adwokatura.krakow.pl\/adwokaci-i-aplikanci\/pierwsza-pomoc-w-stanach-zagrozenia-zycia-drugi-termin\/","title":{"rendered":"PIERWSZA POMOC W STANACH ZAGRO\u017bENIA \u017bYCIA &#8211; drugi termin"},"content":{"rendered":"\n<figure class=\"wp-block-image size-large is-resized\"><img loading=\"lazy\" decoding=\"async\" width=\"576\" height=\"1024\" src=\"https:\/\/adwokatura.krakow.pl\/adwokaci-i-aplikanci\/wp-content\/uploads\/sites\/2\/2025\/03\/481255438_1234004748728312_579977404922791195_n-576x1024.jpg\" alt=\"\" class=\"wp-image-5633\" style=\"width:314px;height:auto\" srcset=\"https:\/\/adwokatura.krakow.pl\/adwokaci-i-aplikanci\/wp-content\/uploads\/sites\/2\/2025\/03\/481255438_1234004748728312_579977404922791195_n-576x1024.jpg 576w, https:\/\/adwokatura.krakow.pl\/adwokaci-i-aplikanci\/wp-content\/uploads\/sites\/2\/2025\/03\/481255438_1234004748728312_579977404922791195_n-169x300.jpg 169w, https:\/\/adwokatura.krakow.pl\/adwokaci-i-aplikanci\/wp-content\/uploads\/sites\/2\/2025\/03\/481255438_1234004748728312_579977404922791195_n-768x1365.jpg 768w, https:\/\/adwokatura.krakow.pl\/adwokaci-i-aplikanci\/wp-content\/uploads\/sites\/2\/2025\/03\/481255438_1234004748728312_579977404922791195_n-864x1536.jpg 864w, https:\/\/adwokatura.krakow.pl\/adwokaci-i-aplikanci\/wp-content\/uploads\/sites\/2\/2025\/03\/481255438_1234004748728312_579977404922791195_n.jpg 1080w\" sizes=\"auto, (max-width: 576px) 100vw, 576px\" \/><\/figure>\n\n\n\n<p><img loading=\"lazy\" decoding=\"async\" height=\"16\" width=\"16\" src=\"https:\/\/static.xx.fbcdn.net\/images\/emoji.php\/v9\/t7e\/1\/16\/1f4c5.png\" alt=\"\ud83d\udcc5\"> <strong>Data szkolenia:<\/strong> 5 kwietnia 2025 roku, godz. 9.00<\/p>\n\n\n\n<p><img loading=\"lazy\" decoding=\"async\" height=\"16\" width=\"16\" src=\"https:\/\/static.xx.fbcdn.net\/images\/emoji.php\/v9\/t2d\/1\/16\/1f4cd.png\" alt=\"\ud83d\udccd\"><strong>Miejsce:<\/strong> Batorego 17, III p. Klub Adwokat\u00f3w<\/p>\n\n\n\n<p><img loading=\"lazy\" decoding=\"async\" height=\"16\" width=\"16\" src=\"https:\/\/static.xx.fbcdn.net\/images\/emoji.php\/v9\/tb7\/1\/16\/23f3.png\" alt=\"\u23f3\"> <strong>Czas trwania: <\/strong>8 h<\/p>\n\n\n\n<p><img loading=\"lazy\" decoding=\"async\" height=\"16\" width=\"16\" alt=\"\u2764\ufe0f\" src=\"https:\/\/static.xx.fbcdn.net\/images\/emoji.php\/v9\/t6c\/1\/16\/2764.png\"> Zg\u0142oszenia na termin kwietniowy przyjmujemy na adres ora@adwokatura.krakow.pl i decyduje kolejno\u015b\u0107 zg\u0142osze\u0144 \u2013 grupy mog\u0105 liczy\u0107 max. 30 os\u00f3b !!!<\/p>\n\n\n\n<p>Mail ze zg\u0142oszeniem powinien zawiera\u0107:<\/p>\n\n\n\n<p>&#8211; Imi\u0119 i nazwisko<\/p>\n\n\n\n<p>&#8211; Wybrany termin szkolenia<\/p>\n\n\n\n<p>&#8211; Potwierdzenie op\u0142aty<\/p>\n\n\n\n<p>Koszt szkolenia, kt\u00f3ry pokrywa uczestnik to 65 z\u0142 i kwot\u0119 t\u0119 nale\u017cy ui\u015bci\u0107 na rachunek bankowy KIA :<\/p>\n\n\n\n<p>65 1050 1445 1000 0090 3043 5714<\/p>\n\n\n\n<p>W razie pyta\u0144 zapraszamy do kontaktu z Biurem <img loading=\"lazy\" decoding=\"async\" height=\"16\" width=\"16\" src=\"https:\/\/static.xx.fbcdn.net\/images\/emoji.php\/v9\/t7f\/1\/16\/1f60a.png\" alt=\"\ud83d\ude0a\"><\/p>\n\n\n\n<p><strong>z przykro\u015bci\u0105 informuj\u0119, \u017ce ze wzgl\u0119du na niewystarczaj\u0105c\u0105 liczb\u0119 zg\u0142osze\u0144 zostali\u015bmy zmuszeni do odwo\u0142ania szkolenia z pierwszej pomocy zaplanowanego na 15 marca 2025 roku<\/strong><\/p>\n","protected":false},"excerpt":{"rendered":"<p>Data szkolenia: 5 kwietnia 2025 roku, godz. 9.00 Miejsce: Batorego 17, III p. Klub Adwokat\u00f3w Czas trwania: 8 h Zg\u0142oszenia na termin kwietniowy przyjmujemy na adres ora@adwokatura.krakow.pl i decyduje kolejno\u015b\u0107 zg\u0142osze\u0144 \u2013 grupy mog\u0105 liczy\u0107 max. 30 os\u00f3b !!! Mail ze zg\u0142oszeniem powinien zawiera\u0107: &#8211; Imi\u0119 i nazwisko &#8211; Wybrany termin szkolenia &#8211; Potwierdzenie op\u0142aty [&hellip;]<\/p>\n","protected":false},"author":9,"featured_media":0,"comment_status":"closed","ping_status":"closed","sticky":false,"template":"","format":"standard","meta":{"_acf_changed":false,"inline_featured_image":false,"footnotes":""},"categories":[6],"tags":[],"class_list":["post-5632","post","type-post","status-publish","format-standard","hentry","category-artykuly"],"acf":[],"_links":{"self":[{"href":"https:\/\/adwokatura.krakow.pl\/adwokaci-i-aplikanci\/wp-json\/wp\/v2\/posts\/5632","targetHints":{"allow":["GET"]}}],"collection":[{"href":"https:\/\/adwokatura.krakow.pl\/adwokaci-i-aplikanci\/wp-json\/wp\/v2\/posts"}],"about":[{"href":"https:\/\/adwokatura.krakow.pl\/adwokaci-i-aplikanci\/wp-json\/wp\/v2\/types\/post"}],"author":[{"embeddable":true,"href":"https:\/\/adwokatura.krakow.pl\/adwokaci-i-aplikanci\/wp-json\/wp\/v2\/users\/9"}],"replies":[{"embeddable":true,"href":"https:\/\/adwokatura.krakow.pl\/adwokaci-i-aplikanci\/wp-json\/wp\/v2\/comments?post=5632"}],"version-history":[{"count":1,"href":"https:\/\/adwokatura.krakow.pl\/adwokaci-i-aplikanci\/wp-json\/wp\/v2\/posts\/5632\/revisions"}],"predecessor-version":[{"id":5634,"href":"https:\/\/adwokatura.krakow.pl\/adwokaci-i-aplikanci\/wp-json\/wp\/v2\/posts\/5632\/revisions\/5634"}],"wp:attachment":[{"href":"https:\/\/adwokatura.krakow.pl\/adwokaci-i-aplikanci\/wp-json\/wp\/v2\/media?parent=5632"}],"wp:term":[{"taxonomy":"category","embeddable":true,"href":"https:\/\/adwokatura.krakow.pl\/adwokaci-i-aplikanci\/wp-json\/wp\/v2\/categories?post=5632"},{"taxonomy":"post_tag","embeddable":true,"href":"https:\/\/adwokatura.krakow.pl\/adwokaci-i-aplikanci\/wp-json\/wp\/v2\/tags?post=5632"}],"curies":[{"name":"wp","href":"https:\/\/api.w.org\/{rel}","templated":true}]}}