{"id":5635,"date":"2025-03-05T12:38:26","date_gmt":"2025-03-05T11:38:26","guid":{"rendered":"https:\/\/adwokatura.krakow.pl\/adwokaci-i-aplikanci\/?p=5635"},"modified":"2025-03-05T12:38:27","modified_gmt":"2025-03-05T11:38:27","slug":"nra-teoria-i-praktyka-wyceny-przedsiebiorstw","status":"publish","type":"post","link":"https:\/\/adwokatura.krakow.pl\/adwokaci-i-aplikanci\/nra-teoria-i-praktyka-wyceny-przedsiebiorstw\/","title":{"rendered":"NRA &#8211;\u00a0\u201eTeoria i praktyka wyceny przedsi\u0119biorstw\u201d"},"content":{"rendered":"\n<p>Komisja Doskonalenia Zawodowego przy Naczelnej Radzie Adwokackiej zaprasza na cykl bezp\u0142atnych wyk\u0142ad\u00f3w dla adwokat\u00f3w i aplikant\u00f3w adwokackich na temat <strong>Wycena przedsi\u0119biorstw.<\/strong><\/p>\n\n\n\n<p><strong>&nbsp;&nbsp;&nbsp;&nbsp;&nbsp;&nbsp;&nbsp;&nbsp;&nbsp;&nbsp;&nbsp;&nbsp;&nbsp;&nbsp;&nbsp;&nbsp;&nbsp;&nbsp;&nbsp;&nbsp;&nbsp;&nbsp;&nbsp;&nbsp;&nbsp;&nbsp;&nbsp;&nbsp;&nbsp;&nbsp;&nbsp;&nbsp;&nbsp;&nbsp;&nbsp;&nbsp; &nbsp;\u201e<\/strong><strong>Teoria i praktyka wyceny przedsi\u0119biorstw<\/strong><strong>\u201d<\/strong><\/p>\n\n\n\n<p>Wyk\u0142adowca: <strong>Monika Pie\u0144kowska<\/strong> \u2013 doktor nauk ekonomicznych Szko\u0142y G\u0142\u00f3wnej Handlowej w Warszawie, Kolegium Nauk o Przedsi\u0119biorstwie. Absolwentka Szko\u0142y G\u0142\u00f3wnej Handlowej w Warszawie, kierunek: Finanse i Bankowo\u015b\u0107. Absolwentka Studi\u00f3w Podyplomowych Szko\u0142y G\u0142\u00f3wnej Handlowej w Warszawie, kierunek: Zarz\u0105dzanie finansami przedsi\u0119biorstwa. W latach 1996 \u2013 2024 pracownik i wsp\u00f3\u0142pracownik wiod\u0105cych polskich firm doradczych i audytorskich: Rothschild Corporate Finance, Pekao Access, BDO Polska, Russell Bedford Poland. Analityk finansowy. Specjalizuje si\u0119 w tematyce: wycena przedsi\u0119biorstw, testy prywatnego inwestora, analiza finansowa przedsi\u0119biorstw, due diligence, modelowanie finansowe, restrukturyzacja. Kluczowe projekty realizowa\u0142a w sektorach: energetycznym, w tym w zakresie energii odnawialnej i ciep\u0142ownictwa, przemy\u015ble spo\u017cywczym, ci\u0119\u017ckim i bankowo\u015bci (fuzje i przej\u0119cia, prywatyzacja, restrukturyzacja). Autor publikacji naukowych oraz ekspertyz.<\/p>\n\n\n\n<p>&nbsp;Program:<\/p>\n\n\n\n<ol class=\"wp-block-list\">\n<li>Cele, funkcje i zastosowanie wyceny przedsi\u0119biorstwa.<\/li>\n\n\n\n<li>Podstawy prawne i standardy wyceny przedsi\u0119biorstw w Polsce.<\/li>\n\n\n\n<li>Procedura wyceny przedsi\u0119biorstwa.<\/li>\n\n\n\n<li>Praktyczne aspekty przygotowania przedsi\u0119biorstwa do wyceny.<\/li>\n\n\n\n<li>Praktyczne aspekty dotycz\u0105ce raportu z wyceny na potrzeby transakcji kapita\u0142owych i przekszta\u0142ce\u0144 przedsi\u0119biorstw.<\/li>\n<\/ol>\n\n\n\n<p>&nbsp;&nbsp;&nbsp;&nbsp;&nbsp; Czas trwania: 180 min.<\/p>\n\n\n\n<p>Szkolenie odb\u0119dzie&nbsp;si\u0119 w dniu<strong> 12.03.2025 r. w godz. 17:00-20:00<\/strong><\/p>\n\n\n\n<p><em>Dok\u0142adne informacje dotycz\u0105ce wyk\u0142adu&nbsp;oraz rejestracji na szkolenie&nbsp;znajduj\u0105 si\u0119 pod linkiem<\/em><\/p>\n\n\n\n<figure class=\"wp-block-embed\"><div class=\"wp-block-embed__wrapper\">\nhttps:\/\/nra.e-soa.pl\/szkolenia\/addZgloszeniaBPClient\/145\/145\n<\/div><\/figure>\n\n\n\n<p><em>W celu rejestracji prosimy o wybranie przycisku&nbsp;Jestem cz\u0142onkiem adwokatury&nbsp;a nast\u0119pnie zalogowanie si\u0119 do Panelu Adwokata. W przypadku braku konta w Panelu prosimy u\u017cy\u0107 funkcji&nbsp;Pierwsze logowanie&nbsp;dost\u0119pnej na dole wy\u015bwietlonej strony.<\/em><em><\/em><\/p>\n\n\n\n<p><em>Link do spotkania zostanie przes\u0142any osobom zarejestrowanym najp\u00f3\u017aniej w dniu wyk\u0142adu.<\/em><\/p>\n\n\n\n<p><strong>Zapisy na wyk\u0142ad przyjmujemy do dnia 11.03.2025 r.<\/strong><\/p>\n\n\n\n<p><strong>Ilo\u015b\u0107 miejsc ograniczona, decyduje kolejno\u015b\u0107 zg\u0142osze\u0144.<\/strong><strong><\/strong><\/p>\n\n\n\n<p>Wyk\u0142ad&nbsp;b\u0119dzie prowadzony na \u017cywo, a nadto zostanie nagrany i zamieszczony na stronie samorz\u0105du adwokackiego <a href=\"https:\/\/palestra.pl\/pl\/e-palestra\" target=\"_blank\" rel=\"noreferrer noopener\">https:\/\/palestra.pl\/pl\/e-palestra&nbsp;<\/a><\/p>\n\n\n\n<p><strong>Uczestnicz\u0105c w szkoleniu mamy mo\u017cliwo\u015b\u0107 realizacji obowi\u0105zku doskonalenia zawodowego.<\/strong><\/p>\n\n\n\n<p>Serdecznie zapraszamy,<\/p>\n\n\n\n<p>Komisja Doskonalenia Zawodowego Naczelnej Rady Adwokackiej<\/p>\n","protected":false},"excerpt":{"rendered":"<p>Komisja Doskonalenia Zawodowego przy Naczelnej Radzie Adwokackiej zaprasza na cykl bezp\u0142atnych wyk\u0142ad\u00f3w dla adwokat\u00f3w i aplikant\u00f3w adwokackich na temat Wycena przedsi\u0119biorstw. &nbsp;&nbsp;&nbsp;&nbsp;&nbsp;&nbsp;&nbsp;&nbsp;&nbsp;&nbsp;&nbsp;&nbsp;&nbsp;&nbsp;&nbsp;&nbsp;&nbsp;&nbsp;&nbsp;&nbsp;&nbsp;&nbsp;&nbsp;&nbsp;&nbsp;&nbsp;&nbsp;&nbsp;&nbsp;&nbsp;&nbsp;&nbsp;&nbsp;&nbsp;&nbsp;&nbsp; &nbsp;\u201eTeoria i praktyka wyceny przedsi\u0119biorstw\u201d Wyk\u0142adowca: Monika Pie\u0144kowska \u2013 doktor nauk ekonomicznych Szko\u0142y G\u0142\u00f3wnej Handlowej w Warszawie, Kolegium Nauk o Przedsi\u0119biorstwie. Absolwentka Szko\u0142y G\u0142\u00f3wnej Handlowej w Warszawie, kierunek: Finanse i Bankowo\u015b\u0107. Absolwentka Studi\u00f3w [&hellip;]<\/p>\n","protected":false},"author":9,"featured_media":0,"comment_status":"closed","ping_status":"closed","sticky":false,"template":"","format":"standard","meta":{"_acf_changed":false,"inline_featured_image":false,"footnotes":""},"categories":[6],"tags":[],"class_list":["post-5635","post","type-post","status-publish","format-standard","hentry","category-artykuly"],"acf":[],"_links":{"self":[{"href":"https:\/\/adwokatura.krakow.pl\/adwokaci-i-aplikanci\/wp-json\/wp\/v2\/posts\/5635","targetHints":{"allow":["GET"]}}],"collection":[{"href":"https:\/\/adwokatura.krakow.pl\/adwokaci-i-aplikanci\/wp-json\/wp\/v2\/posts"}],"about":[{"href":"https:\/\/adwokatura.krakow.pl\/adwokaci-i-aplikanci\/wp-json\/wp\/v2\/types\/post"}],"author":[{"embeddable":true,"href":"https:\/\/adwokatura.krakow.pl\/adwokaci-i-aplikanci\/wp-json\/wp\/v2\/users\/9"}],"replies":[{"embeddable":true,"href":"https:\/\/adwokatura.krakow.pl\/adwokaci-i-aplikanci\/wp-json\/wp\/v2\/comments?post=5635"}],"version-history":[{"count":1,"href":"https:\/\/adwokatura.krakow.pl\/adwokaci-i-aplikanci\/wp-json\/wp\/v2\/posts\/5635\/revisions"}],"predecessor-version":[{"id":5636,"href":"https:\/\/adwokatura.krakow.pl\/adwokaci-i-aplikanci\/wp-json\/wp\/v2\/posts\/5635\/revisions\/5636"}],"wp:attachment":[{"href":"https:\/\/adwokatura.krakow.pl\/adwokaci-i-aplikanci\/wp-json\/wp\/v2\/media?parent=5635"}],"wp:term":[{"taxonomy":"category","embeddable":true,"href":"https:\/\/adwokatura.krakow.pl\/adwokaci-i-aplikanci\/wp-json\/wp\/v2\/categories?post=5635"},{"taxonomy":"post_tag","embeddable":true,"href":"https:\/\/adwokatura.krakow.pl\/adwokaci-i-aplikanci\/wp-json\/wp\/v2\/tags?post=5635"}],"curies":[{"name":"wp","href":"https:\/\/api.w.org\/{rel}","templated":true}]}}