{"id":5638,"date":"2025-03-11T15:22:32","date_gmt":"2025-03-11T14:22:32","guid":{"rendered":"https:\/\/adwokatura.krakow.pl\/adwokaci-i-aplikanci\/?p=5638"},"modified":"2025-03-11T15:22:33","modified_gmt":"2025-03-11T14:22:33","slug":"mediacyjne-srody","status":"publish","type":"post","link":"https:\/\/adwokatura.krakow.pl\/adwokaci-i-aplikanci\/mediacyjne-srody\/","title":{"rendered":"MEDIACYJNE \u015aRODY"},"content":{"rendered":"\n<p>W ramach bezp\u0142atnych szkole\u0144 online <strong>\u201eMediacyjne \u015arody\u201d<\/strong> zapraszamy na kolejne spotkanie, kt\u00f3re odb\u0119dzie si\u0119 <strong>12 marca 2025 roku<\/strong> (\u015broda) w godz. <strong>18.00-19.30.<\/strong><\/p>\n\n\n\n<p>Tematem szkolenia b\u0119dzie: <strong>\u201ePe\u0142nomocnik w mediacji. Jak wsp\u00f3\u0142pracowa\u0107?\u201d<\/strong><\/p>\n\n\n\n<p>Wyk\u0142ad poprowadzi dla Pa\u0144stwa <strong>adw. dr Ma\u0142gorzata Ko\u017cuch<\/strong>, Prezes Centrum Mediacji przy Naczelnej Radzie Adwokackiej.<\/p>\n\n\n\n<p>Szkolenie odb\u0119dzie si\u0119 <strong>online na platformie Microsoft Teams<\/strong> \u2013 nie ma potrzeby instalowania aplikacji, wystarczy klikn\u0105\u0107 w link:<\/p>\n\n\n\n<figure class=\"wp-block-embed\"><div class=\"wp-block-embed__wrapper\">\nhttps:\/\/teams.microsoft.com\/l\/meetup-join\/19%3ameeting_OTE4M2QwYjEtZWI3NC00MmJhLThkYmUtOTBjNDhhYmFmZDQz%40thread.v2\/0?context=%7b%22Tid%22%3a%2262860c39-6b6d-4e31-a415-e4a757796196%22%2c%22Oid%22%3a%22032a0453-1e8b-4b4b-a5a8-ff4bd1d8d714%22%7d\n<\/div><\/figure>\n\n\n\n<p>Serdecznie zapraszamy!<\/p>\n\n\n\n<p>Centrum Mediacji przy Naczelnej Radzie Adwokackiej<\/p>\n","protected":false},"excerpt":{"rendered":"<p>W ramach bezp\u0142atnych szkole\u0144 online \u201eMediacyjne \u015arody\u201d zapraszamy na kolejne spotkanie, kt\u00f3re odb\u0119dzie si\u0119 12 marca 2025 roku (\u015broda) w godz. 18.00-19.30. Tematem szkolenia b\u0119dzie: \u201ePe\u0142nomocnik w mediacji. Jak wsp\u00f3\u0142pracowa\u0107?\u201d Wyk\u0142ad poprowadzi dla Pa\u0144stwa adw. dr Ma\u0142gorzata Ko\u017cuch, Prezes Centrum Mediacji przy Naczelnej Radzie Adwokackiej. Szkolenie odb\u0119dzie si\u0119 online na platformie Microsoft Teams \u2013 nie [&hellip;]<\/p>\n","protected":false},"author":8,"featured_media":0,"comment_status":"closed","ping_status":"closed","sticky":false,"template":"","format":"standard","meta":{"_acf_changed":false,"inline_featured_image":false,"footnotes":""},"categories":[6],"tags":[],"class_list":["post-5638","post","type-post","status-publish","format-standard","hentry","category-artykuly"],"acf":[],"_links":{"self":[{"href":"https:\/\/adwokatura.krakow.pl\/adwokaci-i-aplikanci\/wp-json\/wp\/v2\/posts\/5638","targetHints":{"allow":["GET"]}}],"collection":[{"href":"https:\/\/adwokatura.krakow.pl\/adwokaci-i-aplikanci\/wp-json\/wp\/v2\/posts"}],"about":[{"href":"https:\/\/adwokatura.krakow.pl\/adwokaci-i-aplikanci\/wp-json\/wp\/v2\/types\/post"}],"author":[{"embeddable":true,"href":"https:\/\/adwokatura.krakow.pl\/adwokaci-i-aplikanci\/wp-json\/wp\/v2\/users\/8"}],"replies":[{"embeddable":true,"href":"https:\/\/adwokatura.krakow.pl\/adwokaci-i-aplikanci\/wp-json\/wp\/v2\/comments?post=5638"}],"version-history":[{"count":1,"href":"https:\/\/adwokatura.krakow.pl\/adwokaci-i-aplikanci\/wp-json\/wp\/v2\/posts\/5638\/revisions"}],"predecessor-version":[{"id":5639,"href":"https:\/\/adwokatura.krakow.pl\/adwokaci-i-aplikanci\/wp-json\/wp\/v2\/posts\/5638\/revisions\/5639"}],"wp:attachment":[{"href":"https:\/\/adwokatura.krakow.pl\/adwokaci-i-aplikanci\/wp-json\/wp\/v2\/media?parent=5638"}],"wp:term":[{"taxonomy":"category","embeddable":true,"href":"https:\/\/adwokatura.krakow.pl\/adwokaci-i-aplikanci\/wp-json\/wp\/v2\/categories?post=5638"},{"taxonomy":"post_tag","embeddable":true,"href":"https:\/\/adwokatura.krakow.pl\/adwokaci-i-aplikanci\/wp-json\/wp\/v2\/tags?post=5638"}],"curies":[{"name":"wp","href":"https:\/\/api.w.org\/{rel}","templated":true}]}}