{"id":5647,"date":"2025-03-19T09:46:41","date_gmt":"2025-03-19T08:46:41","guid":{"rendered":"https:\/\/adwokatura.krakow.pl\/adwokaci-i-aplikanci\/?p=5647"},"modified":"2025-03-19T09:46:41","modified_gmt":"2025-03-19T08:46:41","slug":"prosba-o-pomoc-dla-kolezanki-adwokat","status":"publish","type":"post","link":"https:\/\/adwokatura.krakow.pl\/adwokaci-i-aplikanci\/prosba-o-pomoc-dla-kolezanki-adwokat\/","title":{"rendered":"Pro\u015bba o pomoc dla Kole\u017canki Adwokat"},"content":{"rendered":"\n<div class=\"wp-block-columns is-layout-flex wp-container-core-columns-is-layout-9d6595d7 wp-block-columns-is-layout-flex\">\n<div class=\"wp-block-column is-layout-flow wp-block-column-is-layout-flow\">\n<figure class=\"wp-block-image size-large\"><img loading=\"lazy\" decoding=\"async\" width=\"1024\" height=\"827\" src=\"https:\/\/adwokatura.krakow.pl\/adwokaci-i-aplikanci\/wp-content\/uploads\/sites\/2\/2025\/03\/e0527-Zrzut-ekranu-2025-03-18-063156-1024x827.jpg\" alt=\"\" class=\"wp-image-5649\" srcset=\"https:\/\/adwokatura.krakow.pl\/adwokaci-i-aplikanci\/wp-content\/uploads\/sites\/2\/2025\/03\/e0527-Zrzut-ekranu-2025-03-18-063156-1024x827.jpg 1024w, https:\/\/adwokatura.krakow.pl\/adwokaci-i-aplikanci\/wp-content\/uploads\/sites\/2\/2025\/03\/e0527-Zrzut-ekranu-2025-03-18-063156-300x242.jpg 300w, https:\/\/adwokatura.krakow.pl\/adwokaci-i-aplikanci\/wp-content\/uploads\/sites\/2\/2025\/03\/e0527-Zrzut-ekranu-2025-03-18-063156-768x620.jpg 768w, https:\/\/adwokatura.krakow.pl\/adwokaci-i-aplikanci\/wp-content\/uploads\/sites\/2\/2025\/03\/e0527-Zrzut-ekranu-2025-03-18-063156.jpg 1027w\" sizes=\"auto, (max-width: 1024px) 100vw, 1024px\" \/><\/figure>\n<\/div>\n\n\n\n<div class=\"wp-block-column is-layout-flow wp-block-column-is-layout-flow\">\n<figure class=\"wp-block-image size-large\"><img loading=\"lazy\" decoding=\"async\" width=\"1024\" height=\"491\" src=\"https:\/\/adwokatura.krakow.pl\/adwokaci-i-aplikanci\/wp-content\/uploads\/sites\/2\/2025\/03\/01c67-485085076_9450008828411616_2758957653891004177_n-1-1024x491.jpg\" alt=\"\" class=\"wp-image-5650\" srcset=\"https:\/\/adwokatura.krakow.pl\/adwokaci-i-aplikanci\/wp-content\/uploads\/sites\/2\/2025\/03\/01c67-485085076_9450008828411616_2758957653891004177_n-1-1024x491.jpg 1024w, https:\/\/adwokatura.krakow.pl\/adwokaci-i-aplikanci\/wp-content\/uploads\/sites\/2\/2025\/03\/01c67-485085076_9450008828411616_2758957653891004177_n-1-300x144.jpg 300w, https:\/\/adwokatura.krakow.pl\/adwokaci-i-aplikanci\/wp-content\/uploads\/sites\/2\/2025\/03\/01c67-485085076_9450008828411616_2758957653891004177_n-1-768x368.jpg 768w, https:\/\/adwokatura.krakow.pl\/adwokaci-i-aplikanci\/wp-content\/uploads\/sites\/2\/2025\/03\/01c67-485085076_9450008828411616_2758957653891004177_n-1.jpg 1200w\" sizes=\"auto, (max-width: 1024px) 100vw, 1024px\" \/><\/figure>\n<\/div>\n<\/div>\n\n\n\n<p><img loading=\"lazy\" decoding=\"async\" height=\"16\" width=\"16\" alt=\"\u2757\ufe0f\" src=\"https:\/\/static.xx.fbcdn.net\/images\/emoji.php\/v9\/t50\/1\/16\/2757.png\"><img loading=\"lazy\" decoding=\"async\" height=\"16\" width=\"16\" alt=\"\u203c\ufe0f\" src=\"https:\/\/static.xx.fbcdn.net\/images\/emoji.php\/v9\/t77\/1\/16\/203c.png\"> Szanowni Pa\u0144stwo,<\/p>\n\n\n\n<p>18 marca w nocy w Rabce-Zdroju sp\u0142on\u0105\u0142 dom naszej izbowej Kole\u017canki Adwokat Angeliki Ni\u017cnik-Wyka. Po\u017car mia\u0142 miejsce w \u015brodku nocy. Sp\u0142on\u0119\u0142y dwa domy: dom jej i m\u0119\u017ca oraz dom jej te\u015bcia wraz z zabudowaniami gospodarczymi i zwierz\u0119tami gospodarskimi. Zwierz\u0119ta domowe uda\u0142o si\u0119 uratowa\u0107. Pani Mecenas zosta\u0142a w przys\u0142owiowych skarpetkach.<\/p>\n\n\n\n<p>Potrzebna b\u0119dzie dla niej ka\u017cda pomoc. Najprawdopodobniej sp\u0142on\u0119\u0142y te\u017c samochody, ale jeszcze nie mamy potwierdzonych <a><\/a>informacji.<\/p>\n\n\n\n<p>Prosi\u0142abym o jak\u0105kolwiek pomoc dla niej, w tym udost\u0119pnianie informacji o zbi\u00f3rce pomocowej: <a href=\"http:\/\/pomagam.pl\/7bdyht?fbclid=IwZXh0bgNhZW0CMTAAAR3a4ZGA5muW3mU7CrqXRQe3eBChhl5vuF2KF4bTi7fV3v0tQtqV04uU010_aem_cOcMs2IH2JZtw2kOw7i7xg\" rel=\"noreferrer noopener\" target=\"_blank\">pomagam.pl\/7bdyht<\/a><\/p>\n\n\n\n<p>Podaj\u0119 link do zbi\u00f3rki utworzonej przez jej siostr\u0119, a tak\u017ce do artyku\u0142u prasowego (na t\u0105 chwil\u0119 pisz\u0105 o tym w\u0142a\u015bciwie wszystkie lokalne gazety).<\/p>\n\n\n\n<p>Zbi\u00f3rka:<\/p>\n\n\n<a class=\"button button--zielony-ze-strzalka\" href=\"https:\/\/pomagam.pl\/7bdyht?fbclid=IwY2xjawJHY6BleHRuA2FlbQIxMAABHeEf4WsBMjd6Y0T5OXgvm-x3SRiR9H1Obs-sl6r_Ylm30iEtxu46yGvPMw_aem_T02J83y1OrECsMLZjcxY6w\">\n        Zbi\u00f3rka:<\/a>\n\n\n\n<p><\/p>\n\n\n<a class=\"button button--zielony-ze-strzalka\" href=\"https:\/\/goral24.pl\/artykul\/pozar-w-rabce-zdroju-n1515457?fbclid=IwY2xjawJHY7dleHRuA2FlbQIxMAABHeEf4WsBMjd6Y0T5OXgvm-x3SRiR9H1Obs-sl6r_Ylm30iEtxu46yGvPMw_aem_T02J83y1OrECsMLZjcxY6w\">\n        Artyku\u0142:<\/a>\n\n\n\n<p>z powa\u017caniem,<\/p>\n\n\n\n<p>adw. Karolina Szews<\/p>\n","protected":false},"excerpt":{"rendered":"<p>Szanowni Pa\u0144stwo, 18 marca w nocy w Rabce-Zdroju sp\u0142on\u0105\u0142 dom naszej izbowej Kole\u017canki Adwokat Angeliki Ni\u017cnik-Wyka. Po\u017car mia\u0142 miejsce w \u015brodku nocy. Sp\u0142on\u0119\u0142y dwa domy: dom jej i m\u0119\u017ca oraz dom jej te\u015bcia wraz z zabudowaniami gospodarczymi i zwierz\u0119tami gospodarskimi. Zwierz\u0119ta domowe uda\u0142o si\u0119 uratowa\u0107. Pani Mecenas zosta\u0142a w przys\u0142owiowych skarpetkach. Potrzebna b\u0119dzie dla niej [&hellip;]<\/p>\n","protected":false},"author":9,"featured_media":0,"comment_status":"closed","ping_status":"closed","sticky":false,"template":"","format":"standard","meta":{"_acf_changed":false,"inline_featured_image":false,"footnotes":""},"categories":[6],"tags":[],"class_list":["post-5647","post","type-post","status-publish","format-standard","hentry","category-artykuly"],"acf":[],"_links":{"self":[{"href":"https:\/\/adwokatura.krakow.pl\/adwokaci-i-aplikanci\/wp-json\/wp\/v2\/posts\/5647","targetHints":{"allow":["GET"]}}],"collection":[{"href":"https:\/\/adwokatura.krakow.pl\/adwokaci-i-aplikanci\/wp-json\/wp\/v2\/posts"}],"about":[{"href":"https:\/\/adwokatura.krakow.pl\/adwokaci-i-aplikanci\/wp-json\/wp\/v2\/types\/post"}],"author":[{"embeddable":true,"href":"https:\/\/adwokatura.krakow.pl\/adwokaci-i-aplikanci\/wp-json\/wp\/v2\/users\/9"}],"replies":[{"embeddable":true,"href":"https:\/\/adwokatura.krakow.pl\/adwokaci-i-aplikanci\/wp-json\/wp\/v2\/comments?post=5647"}],"version-history":[{"count":2,"href":"https:\/\/adwokatura.krakow.pl\/adwokaci-i-aplikanci\/wp-json\/wp\/v2\/posts\/5647\/revisions"}],"predecessor-version":[{"id":5652,"href":"https:\/\/adwokatura.krakow.pl\/adwokaci-i-aplikanci\/wp-json\/wp\/v2\/posts\/5647\/revisions\/5652"}],"wp:attachment":[{"href":"https:\/\/adwokatura.krakow.pl\/adwokaci-i-aplikanci\/wp-json\/wp\/v2\/media?parent=5647"}],"wp:term":[{"taxonomy":"category","embeddable":true,"href":"https:\/\/adwokatura.krakow.pl\/adwokaci-i-aplikanci\/wp-json\/wp\/v2\/categories?post=5647"},{"taxonomy":"post_tag","embeddable":true,"href":"https:\/\/adwokatura.krakow.pl\/adwokaci-i-aplikanci\/wp-json\/wp\/v2\/tags?post=5647"}],"curies":[{"name":"wp","href":"https:\/\/api.w.org\/{rel}","templated":true}]}}