{"id":5655,"date":"2025-03-19T10:36:31","date_gmt":"2025-03-19T09:36:31","guid":{"rendered":"https:\/\/adwokatura.krakow.pl\/adwokaci-i-aplikanci\/?p=5655"},"modified":"2025-03-19T10:36:31","modified_gmt":"2025-03-19T09:36:31","slug":"komunikat-prezydium-ora-w-krakowie-nr-3-2025-r","status":"publish","type":"post","link":"https:\/\/adwokatura.krakow.pl\/adwokaci-i-aplikanci\/komunikat-prezydium-ora-w-krakowie-nr-3-2025-r\/","title":{"rendered":"Komunikat Prezydium ORA w Krakowie nr 3\/2025 r."},"content":{"rendered":"\n<figure class=\"wp-block-image size-full is-resized\"><img loading=\"lazy\" decoding=\"async\" width=\"940\" height=\"788\" src=\"https:\/\/adwokatura.krakow.pl\/adwokaci-i-aplikanci\/wp-content\/uploads\/sites\/2\/2025\/03\/484686219_1245074990954621_1859290006493858462_n.jpg\" alt=\"\" class=\"wp-image-5656\" style=\"width:554px;height:auto\" srcset=\"https:\/\/adwokatura.krakow.pl\/adwokaci-i-aplikanci\/wp-content\/uploads\/sites\/2\/2025\/03\/484686219_1245074990954621_1859290006493858462_n.jpg 940w, https:\/\/adwokatura.krakow.pl\/adwokaci-i-aplikanci\/wp-content\/uploads\/sites\/2\/2025\/03\/484686219_1245074990954621_1859290006493858462_n-300x251.jpg 300w, https:\/\/adwokatura.krakow.pl\/adwokaci-i-aplikanci\/wp-content\/uploads\/sites\/2\/2025\/03\/484686219_1245074990954621_1859290006493858462_n-768x644.jpg 768w\" sizes=\"auto, (max-width: 940px) 100vw, 940px\" \/><\/figure>\n\n\n\n<p>17 marca 2025 roku odby\u0142o si\u0119 posiedzenie Prezydium ORA w Krakowie. Om\u00f3wiono i podj\u0119to decyzje co do zarekomendowania Okr\u0119gowej Radzie Adwokackiej w Krakowie nast\u0119puj\u0105cych spraw:<\/p>\n\n\n\n<p><strong>1.<\/strong> <strong>Zakup defibrylatora (AED)<\/strong><\/p>\n\n\n\n<p><a><\/a>Prezydium zarekomendowa\u0142 ORA w Krakowie zakup defibrylatora do siedziby ORA w Krakowie. Decyzja ta s\u0142u\u017cy podnoszeniu standard\u00f3w bezpiecze\u0144stwa \u017cyciowego i zdrowotnego pracownik\u00f3w biura oraz cz\u0142onk\u00f3w i cz\u0142onki\u0144 izby podczas organizowanych w izbie wydarze\u0144.<\/p>\n\n\n\n<p><strong>2. Fundacja Uniwersyteckiego Szpitala Dzieci\u0119cego w Krakowie<\/strong><\/p>\n\n\n\n<p>Prezydium w ramach posiedzenia spotka\u0142o si\u0119 z Cz\u0142onkiem Zarz\u0105du &#8211; Dyrektorem Wykonawczym Fundacji Uniwersyteckiego Szpitala Dzieci\u0119cego w Krakowie &#8211; Bart\u0142omiejem Pawlakiem. Podczas spotkania om\u00f3wiono kluczowe sprawy wsp\u00f3\u0142pracy pro bono pomi\u0119dzy Adwokatur\u0105 krakowsk\u0105 a Fundacj\u0105 oraz podsumowano dotychczasow\u0105 wsp\u00f3\u0142prac\u0119. Podsumowano tak\u017ce XVI edycj\u0119 akcji Prawnicy Dzieciom w ramach kt\u00f3rej Fundacja zakupi\u0142a na rzecz Szpitala specjalistyczn\u0105 odzie\u017c ochronn\u0105 RTG na potrzeby Bloku Operacyjnego podczas wykonywania operacji ortopedycznych, rekonstrukcyjnych, urologicznych i kardiochirurgicznych.<\/p>\n\n\n\n<p><strong>3. Utworzenie Rady Zawod\u00f3w Prawniczych<\/strong><\/p>\n\n\n\n<p>Om\u00f3wiono podpisanie porozumienia w sprawie utworzenia Rady Zawod\u00f3w Prawniczych. 15 stycznia br. zosta\u0142o podpisane porozumienie w sprawie utworzenia Rady Zawod\u00f3w Prawniczych. Porozumienie podpisano pomi\u0119dzy S\u0105dem Apelacyjnym w Krakowie, Prokuratorem Regionalnym w Krakowie, Okr\u0119gow\u0105 Izb\u0105 Radc\u00f3w Prawnych w Krakowie, Krakowsk\u0105 Izb\u0119 Adwokack\u0105, Izb\u0105 Komornicz\u0105 w Krakowie i Izb\u0105 Notarialn\u0105 w Krakowie. Celem rady jest w szczeg\u00f3lno\u015bci: diagnozowanie i sygnalizowanie problem\u00f3w zwi\u0105zanych z prawid\u0142owym dzia\u0142aniem wymiaru sprawiedliwo\u015bci w obszarze apelacji krakowskiej, podejmowanie inicjatyw dla poprawy funkcjonowania wymiaru sprawiedliwo\u015bci, wymiana do\u015bwiadcze\u0144 i podejmowanie dzia\u0142a\u0144 dla zrozumienia wzajemnej roli zawod\u00f3w prawniczych w procesie sprawowania wymiaru sprawiedliwo\u015bci, podejmowanie dzia\u0142a\u0144 dla zapewniania pe\u0142nego dost\u0119pu obywateli do s\u0105du oraz dost\u0119pu do profesjonalnej pomocy prawnej.<\/p>\n\n\n\n<p><strong>4. Zaleg\u0142o\u015bci sk\u0142adkowe<\/strong><\/p>\n\n\n\n<p>Skarbnik ORA w Krakowie przedstawi\u0142 stan zaleg\u0142o\u015bci sk\u0142adkowych cz\u0142onki\u0144 i cz\u0142onk\u00f3w izby oraz podtrzyma\u0142 propozycje w zakresie dalszej \u015bci\u0105galno\u015bci nale\u017cno\u015bci.<\/p>\n\n\n\n<p><strong>5. Sprawy bie\u017c\u0105ce<\/strong><\/p>\n\n\n\n<p>Om\u00f3wiono wydarzenia, w kt\u00f3rych wzi\u0119li udzia\u0142 cz\u0142onkowie Rady oraz wydarzenia nadchodz\u0105ce, om\u00f3wiono sprawy osobowe, sprawy finansowe i inne sprawy bie\u017c\u0105ce, w tym tak\u017ce porz\u0105dek najbli\u017cszego posiedzenia ORA w Krakowie.<\/p>\n\n\n\n<p><strong>6. Wpisy na list\u0119 adwokat\u00f3w<\/strong><\/p>\n\n\n\n<p>Prezydium zarekomendowa\u0142a Radzie wpis na list\u0119 adwokatek i adwokat\u00f3w os\u00f3b ubiegaj\u0105cych si\u0119 o wpis wg zg\u0142oszonych wniosk\u00f3w.<\/p>\n","protected":false},"excerpt":{"rendered":"<p>17 marca 2025 roku odby\u0142o si\u0119 posiedzenie Prezydium ORA w Krakowie. Om\u00f3wiono i podj\u0119to decyzje co do zarekomendowania Okr\u0119gowej Radzie Adwokackiej w Krakowie nast\u0119puj\u0105cych spraw: 1. Zakup defibrylatora (AED) Prezydium zarekomendowa\u0142 ORA w Krakowie zakup defibrylatora do siedziby ORA w Krakowie. Decyzja ta s\u0142u\u017cy podnoszeniu standard\u00f3w bezpiecze\u0144stwa \u017cyciowego i zdrowotnego pracownik\u00f3w biura oraz cz\u0142onk\u00f3w i [&hellip;]<\/p>\n","protected":false},"author":9,"featured_media":0,"comment_status":"closed","ping_status":"closed","sticky":false,"template":"","format":"standard","meta":{"_acf_changed":false,"inline_featured_image":false,"footnotes":""},"categories":[6],"tags":[],"class_list":["post-5655","post","type-post","status-publish","format-standard","hentry","category-artykuly"],"acf":[],"_links":{"self":[{"href":"https:\/\/adwokatura.krakow.pl\/adwokaci-i-aplikanci\/wp-json\/wp\/v2\/posts\/5655","targetHints":{"allow":["GET"]}}],"collection":[{"href":"https:\/\/adwokatura.krakow.pl\/adwokaci-i-aplikanci\/wp-json\/wp\/v2\/posts"}],"about":[{"href":"https:\/\/adwokatura.krakow.pl\/adwokaci-i-aplikanci\/wp-json\/wp\/v2\/types\/post"}],"author":[{"embeddable":true,"href":"https:\/\/adwokatura.krakow.pl\/adwokaci-i-aplikanci\/wp-json\/wp\/v2\/users\/9"}],"replies":[{"embeddable":true,"href":"https:\/\/adwokatura.krakow.pl\/adwokaci-i-aplikanci\/wp-json\/wp\/v2\/comments?post=5655"}],"version-history":[{"count":1,"href":"https:\/\/adwokatura.krakow.pl\/adwokaci-i-aplikanci\/wp-json\/wp\/v2\/posts\/5655\/revisions"}],"predecessor-version":[{"id":5657,"href":"https:\/\/adwokatura.krakow.pl\/adwokaci-i-aplikanci\/wp-json\/wp\/v2\/posts\/5655\/revisions\/5657"}],"wp:attachment":[{"href":"https:\/\/adwokatura.krakow.pl\/adwokaci-i-aplikanci\/wp-json\/wp\/v2\/media?parent=5655"}],"wp:term":[{"taxonomy":"category","embeddable":true,"href":"https:\/\/adwokatura.krakow.pl\/adwokaci-i-aplikanci\/wp-json\/wp\/v2\/categories?post=5655"},{"taxonomy":"post_tag","embeddable":true,"href":"https:\/\/adwokatura.krakow.pl\/adwokaci-i-aplikanci\/wp-json\/wp\/v2\/tags?post=5655"}],"curies":[{"name":"wp","href":"https:\/\/api.w.org\/{rel}","templated":true}]}}