{"id":5658,"date":"2025-03-19T11:11:05","date_gmt":"2025-03-19T10:11:05","guid":{"rendered":"https:\/\/adwokatura.krakow.pl\/adwokaci-i-aplikanci\/?p=5658"},"modified":"2025-03-26T10:58:55","modified_gmt":"2025-03-26T09:58:55","slug":"druga-edycja-kursu-strzeleckiego-dla-adwokatow-i-aplikantow","status":"publish","type":"post","link":"https:\/\/adwokatura.krakow.pl\/adwokaci-i-aplikanci\/druga-edycja-kursu-strzeleckiego-dla-adwokatow-i-aplikantow\/","title":{"rendered":"Druga edycja kursu strzeleckiego dla adwokat\u00f3w i aplikant\u00f3w!\u00a0"},"content":{"rendered":"\n<figure class=\"wp-block-image size-large is-resized\"><img loading=\"lazy\" decoding=\"async\" width=\"724\" height=\"1024\" src=\"https:\/\/adwokatura.krakow.pl\/adwokaci-i-aplikanci\/wp-content\/uploads\/sites\/2\/2025\/03\/bron-II-edycja-724x1024.png\" alt=\"\" class=\"wp-image-5683\" style=\"width:477px;height:auto\" srcset=\"https:\/\/adwokatura.krakow.pl\/adwokaci-i-aplikanci\/wp-content\/uploads\/sites\/2\/2025\/03\/bron-II-edycja-724x1024.png 724w, https:\/\/adwokatura.krakow.pl\/adwokaci-i-aplikanci\/wp-content\/uploads\/sites\/2\/2025\/03\/bron-II-edycja-212x300.png 212w, https:\/\/adwokatura.krakow.pl\/adwokaci-i-aplikanci\/wp-content\/uploads\/sites\/2\/2025\/03\/bron-II-edycja-768x1086.png 768w, https:\/\/adwokatura.krakow.pl\/adwokaci-i-aplikanci\/wp-content\/uploads\/sites\/2\/2025\/03\/bron-II-edycja-1086x1536.png 1086w, https:\/\/adwokatura.krakow.pl\/adwokaci-i-aplikanci\/wp-content\/uploads\/sites\/2\/2025\/03\/bron-II-edycja.png 1414w\" sizes=\"auto, (max-width: 724px) 100vw, 724px\" \/><\/figure>\n\n\n\n<p>Komisja ds. Wizerunku, Komunikacji i Dzia\u0142alno\u015bci Pro Bono przy ORA w Krakowie oraz #Nowoczesna Adwokatura zapraszaj\u0105 na&nbsp;<strong>drug\u0105 edycj\u0119 kursu strzeleckiego<\/strong>! To doskona\u0142a okazja, aby zdoby\u0107 nowe umiej\u0119tno\u015bci, poprawi\u0107 celno\u015b\u0107 i sp\u0119dzi\u0107 czas w gronie profesjonalist\u00f3w.<\/p>\n\n\n\n<p>\ud83d\udcc5&nbsp;<strong>Data:<\/strong>&nbsp;12 kwietnia 2025<br>\ud83d\udd52&nbsp;<strong>Godzina:<\/strong>&nbsp;10:00 do 14:00<br>\ud83d\udccd&nbsp;<strong>Lokalizacja:<\/strong>&nbsp;strzelnica przy ul. Golik\u00f3wka 12N w Krakowie.<\/p>\n\n\n\n<p>\u23f3\u00a0<strong>Zg\u0142oszenia przyjmujemy do 5 kwietnia!<\/strong><br>\u26a0\u00a0<strong>Liczba miejsc ograniczona \u2013 tylko 30 os\u00f3b! Decyduje kolejno\u015b\u0107 zg\u0142osze\u0144.<\/strong><\/p>\n\n\n\n<p><em>Nie zwlekaj \u2013 zapisz si\u0119 ju\u017c teraz i we\u017a udzia\u0142 w tej wyj\u0105tkowej inicjatywie!&nbsp;\ud83d\udcaa\ud83d\udd2b<\/em><\/p>\n\n\n<a class=\"button button--zielony-ze-strzalka\" href=\"https:\/\/docs.google.com\/forms\/d\/e\/1FAIpQLSfe4c8Unr_XfAIe5n9Dm_catUUGLrDtpvz4j-DV4A-RWlTdSQ\/viewform?usp=dialog\">\n        FORMULARZ ZG\u0141OSZENIOWY<\/a>\n\n\n\n<p><em>*** Wype\u0142nienie formularza nie jest gwarancj\u0105 udzia\u0142u w kursie. Liczba miejsc jest ograniczona do 30 os\u00f3b. Liczy si\u0119 kolejno\u015b\u0107 zg\u0142osze\u0144. Potwierdzenie udzia\u0142u zostanie przes\u0142ane drog\u0105 mailow\u0105.<\/em><\/p>\n","protected":false},"excerpt":{"rendered":"<p>Komisja ds. Wizerunku, Komunikacji i Dzia\u0142alno\u015bci Pro Bono przy ORA w Krakowie oraz #Nowoczesna Adwokatura zapraszaj\u0105 na&nbsp;drug\u0105 edycj\u0119 kursu strzeleckiego! To doskona\u0142a okazja, aby zdoby\u0107 nowe umiej\u0119tno\u015bci, poprawi\u0107 celno\u015b\u0107 i sp\u0119dzi\u0107 czas w gronie profesjonalist\u00f3w. \ud83d\udcc5&nbsp;Data:&nbsp;12 kwietnia 2025\ud83d\udd52&nbsp;Godzina:&nbsp;10:00 do 14:00\ud83d\udccd&nbsp;Lokalizacja:&nbsp;strzelnica przy ul. Golik\u00f3wka 12N w Krakowie. \u23f3\u00a0Zg\u0142oszenia przyjmujemy do 5 kwietnia!\u26a0\u00a0Liczba miejsc ograniczona \u2013 tylko [&hellip;]<\/p>\n","protected":false},"author":9,"featured_media":0,"comment_status":"closed","ping_status":"closed","sticky":false,"template":"","format":"standard","meta":{"_acf_changed":false,"inline_featured_image":false,"footnotes":""},"categories":[6],"tags":[],"class_list":["post-5658","post","type-post","status-publish","format-standard","hentry","category-artykuly"],"acf":[],"_links":{"self":[{"href":"https:\/\/adwokatura.krakow.pl\/adwokaci-i-aplikanci\/wp-json\/wp\/v2\/posts\/5658","targetHints":{"allow":["GET"]}}],"collection":[{"href":"https:\/\/adwokatura.krakow.pl\/adwokaci-i-aplikanci\/wp-json\/wp\/v2\/posts"}],"about":[{"href":"https:\/\/adwokatura.krakow.pl\/adwokaci-i-aplikanci\/wp-json\/wp\/v2\/types\/post"}],"author":[{"embeddable":true,"href":"https:\/\/adwokatura.krakow.pl\/adwokaci-i-aplikanci\/wp-json\/wp\/v2\/users\/9"}],"replies":[{"embeddable":true,"href":"https:\/\/adwokatura.krakow.pl\/adwokaci-i-aplikanci\/wp-json\/wp\/v2\/comments?post=5658"}],"version-history":[{"count":4,"href":"https:\/\/adwokatura.krakow.pl\/adwokaci-i-aplikanci\/wp-json\/wp\/v2\/posts\/5658\/revisions"}],"predecessor-version":[{"id":5685,"href":"https:\/\/adwokatura.krakow.pl\/adwokaci-i-aplikanci\/wp-json\/wp\/v2\/posts\/5658\/revisions\/5685"}],"wp:attachment":[{"href":"https:\/\/adwokatura.krakow.pl\/adwokaci-i-aplikanci\/wp-json\/wp\/v2\/media?parent=5658"}],"wp:term":[{"taxonomy":"category","embeddable":true,"href":"https:\/\/adwokatura.krakow.pl\/adwokaci-i-aplikanci\/wp-json\/wp\/v2\/categories?post=5658"},{"taxonomy":"post_tag","embeddable":true,"href":"https:\/\/adwokatura.krakow.pl\/adwokaci-i-aplikanci\/wp-json\/wp\/v2\/tags?post=5658"}],"curies":[{"name":"wp","href":"https:\/\/api.w.org\/{rel}","templated":true}]}}