{"id":5662,"date":"2025-03-20T12:50:08","date_gmt":"2025-03-20T11:50:08","guid":{"rendered":"https:\/\/adwokatura.krakow.pl\/adwokaci-i-aplikanci\/?p=5662"},"modified":"2025-03-20T13:34:11","modified_gmt":"2025-03-20T12:34:11","slug":"informacja-dot-godzin-placowki-poczty-polskiej","status":"publish","type":"post","link":"https:\/\/adwokatura.krakow.pl\/adwokaci-i-aplikanci\/informacja-dot-godzin-placowki-poczty-polskiej\/","title":{"rendered":"Informacja dot. godzin plac\u00f3wki Poczty Polskiej"},"content":{"rendered":"\n<p>\ud83d\udce2 <strong>WA\u017bNA INFORMACJA!<\/strong> \ud83d\udce2<\/p>\n\n\n\n<p>Szanowni Pa\u0144stwo<\/p>\n\n\n\n<p>Uprzejmie informujemy \u017ce w dniach <strong>17-30 marca 2025 r.<\/strong> <strong>Plac\u00f3wka Pocztowa przy ul. Lubicz<\/strong> <strong>4<\/strong> b\u0119dzie czynna w zmienionych godzinach:<\/p>\n\n\n\n<p>\ud83d\udcc5 <strong>Poniedzia\u0142ek &#8211; Pi\u0105tek<\/strong>: 08:00 &#8211; 21:00<br>\ud83d\udcc5 <strong>Sobota<\/strong>: 09:00 &#8211; 20:00<br>\ud83d\udcc5 <strong>Niedziela<\/strong>: 11:00 &#8211; 14:00 oraz 14:30 &#8211; 18:00<\/p>\n","protected":false},"excerpt":{"rendered":"<p>\ud83d\udce2 WA\u017bNA INFORMACJA! \ud83d\udce2 Szanowni Pa\u0144stwo Uprzejmie informujemy \u017ce w dniach 17-30 marca 2025 r. Plac\u00f3wka Pocztowa przy ul. Lubicz 4 b\u0119dzie czynna w zmienionych godzinach: \ud83d\udcc5 Poniedzia\u0142ek &#8211; Pi\u0105tek: 08:00 &#8211; 21:00\ud83d\udcc5 Sobota: 09:00 &#8211; 20:00\ud83d\udcc5 Niedziela: 11:00 &#8211; 14:00 oraz 14:30 &#8211; 18:00<\/p>\n","protected":false},"author":9,"featured_media":0,"comment_status":"closed","ping_status":"closed","sticky":false,"template":"","format":"standard","meta":{"_acf_changed":false,"inline_featured_image":false,"footnotes":""},"categories":[6],"tags":[],"class_list":["post-5662","post","type-post","status-publish","format-standard","hentry","category-artykuly"],"acf":[],"_links":{"self":[{"href":"https:\/\/adwokatura.krakow.pl\/adwokaci-i-aplikanci\/wp-json\/wp\/v2\/posts\/5662","targetHints":{"allow":["GET"]}}],"collection":[{"href":"https:\/\/adwokatura.krakow.pl\/adwokaci-i-aplikanci\/wp-json\/wp\/v2\/posts"}],"about":[{"href":"https:\/\/adwokatura.krakow.pl\/adwokaci-i-aplikanci\/wp-json\/wp\/v2\/types\/post"}],"author":[{"embeddable":true,"href":"https:\/\/adwokatura.krakow.pl\/adwokaci-i-aplikanci\/wp-json\/wp\/v2\/users\/9"}],"replies":[{"embeddable":true,"href":"https:\/\/adwokatura.krakow.pl\/adwokaci-i-aplikanci\/wp-json\/wp\/v2\/comments?post=5662"}],"version-history":[{"count":2,"href":"https:\/\/adwokatura.krakow.pl\/adwokaci-i-aplikanci\/wp-json\/wp\/v2\/posts\/5662\/revisions"}],"predecessor-version":[{"id":5666,"href":"https:\/\/adwokatura.krakow.pl\/adwokaci-i-aplikanci\/wp-json\/wp\/v2\/posts\/5662\/revisions\/5666"}],"wp:attachment":[{"href":"https:\/\/adwokatura.krakow.pl\/adwokaci-i-aplikanci\/wp-json\/wp\/v2\/media?parent=5662"}],"wp:term":[{"taxonomy":"category","embeddable":true,"href":"https:\/\/adwokatura.krakow.pl\/adwokaci-i-aplikanci\/wp-json\/wp\/v2\/categories?post=5662"},{"taxonomy":"post_tag","embeddable":true,"href":"https:\/\/adwokatura.krakow.pl\/adwokaci-i-aplikanci\/wp-json\/wp\/v2\/tags?post=5662"}],"curies":[{"name":"wp","href":"https:\/\/api.w.org\/{rel}","templated":true}]}}