{"id":5699,"date":"2025-03-27T10:40:30","date_gmt":"2025-03-27T09:40:30","guid":{"rendered":"https:\/\/adwokatura.krakow.pl\/adwokaci-i-aplikanci\/?p=5699"},"modified":"2025-03-27T10:40:31","modified_gmt":"2025-03-27T09:40:31","slug":"szkolenie-kdz-przy-nra-unijne-sprawy-alimentacyjne-cz-1","status":"publish","type":"post","link":"https:\/\/adwokatura.krakow.pl\/adwokaci-i-aplikanci\/szkolenie-kdz-przy-nra-unijne-sprawy-alimentacyjne-cz-1\/","title":{"rendered":"Szkolenie KDZ przy NRA &#8211; Unijne sprawy alimentacyjne cz. 1"},"content":{"rendered":"\n<figure class=\"wp-block-image size-large\"><img loading=\"lazy\" decoding=\"async\" width=\"1024\" height=\"191\" src=\"http:\/\/adwokatura.krakow.pl\/adwokaci-i-aplikanci\/wp-content\/uploads\/sites\/2\/2024\/03\/naczelna-rada-adwokacka-1024x191.jpg\" alt=\"\" class=\"wp-image-3183\" srcset=\"https:\/\/adwokatura.krakow.pl\/adwokaci-i-aplikanci\/wp-content\/uploads\/sites\/2\/2024\/03\/naczelna-rada-adwokacka-1024x191.jpg 1024w, https:\/\/adwokatura.krakow.pl\/adwokaci-i-aplikanci\/wp-content\/uploads\/sites\/2\/2024\/03\/naczelna-rada-adwokacka-300x56.jpg 300w, https:\/\/adwokatura.krakow.pl\/adwokaci-i-aplikanci\/wp-content\/uploads\/sites\/2\/2024\/03\/naczelna-rada-adwokacka-768x144.jpg 768w, https:\/\/adwokatura.krakow.pl\/adwokaci-i-aplikanci\/wp-content\/uploads\/sites\/2\/2024\/03\/naczelna-rada-adwokacka.jpg 1241w\" sizes=\"auto, (max-width: 1024px) 100vw, 1024px\" \/><\/figure>\n\n\n\n<p>Komisja Doskonalenia Zawodowego przy Naczelnej Radzie Adwokackiej zaprasza na cykl bezp\u0142atnych wyk\u0142ad\u00f3w dla adwokat\u00f3w i aplikant\u00f3w adwokackich na temat <strong>Jurysdykcja i prawo w\u0142a\u015bciwe w unijnych sprawach cywilnych i rodzinnych, z wy\u0142\u0105czeniem spraw spadkowych.<\/strong><\/p>\n\n\n\n<p><strong>&nbsp;\u201e<\/strong><strong>Unijne sprawy alimentacyjne ze szczeg\u00f3lnym uwzgl\u0119dnieniem znaczenia rozporz\u0105dze\u0144 UE w hierarchii \u017ar\u00f3de\u0142 prawa, orzecznictwa TSUE w zakresie jurysdykcji w tego rodzaju sprawach cz. 1 \u2013 (Rozporz\u0105dzenie Rady (WE) nr 4\/2009 z dn. 18.12.2008 r. w sprawie jurysdykcji, prawa w\u0142a\u015bciwego, uznawania i wykonywania orzecze\u0144 oraz wsp\u00f3\u0142pracy w zakresie zobowi\u0105za\u0144 alimentacyjnych)\u201d<\/strong><\/p>\n\n\n\n<p>Wyk\u0142adowca: <strong>Sylwia Jastrzemska<\/strong> \u2013 doktor nauk prawnych, s\u0119dzia S\u0105du Okr\u0119gowego we Wroc\u0142awiu, wyk\u0142adowca KSSiP, ERA, EJN, oraz w Wy\u017cszej Szkole Prawa we Wroc\u0142awiu, wizytator do spraw rodzinnych, w tym transgranicznych, rzecznik prasowy S\u0105du Okr\u0119gowego. W latach 2021 r.&nbsp; i 2022 r. egzaminator z zakresu procedury cywilnej na egzaminie s\u0119dziowskim. Wsp\u00f3\u0142autorka komentarzy z zakresu procedury cywilnej i prawa rodzinnego, a tak\u017ce autorka licznych publikacji z tematyki zwi\u0105zanej z prawnymi aspektami integracji europejskiej.<\/p>\n\n\n\n<p>&nbsp;&nbsp;&nbsp;&nbsp;&nbsp; Czas trwania: 180 min.<\/p>\n\n\n\n<p>Szkolenie odb\u0119dzie&nbsp;si\u0119 w dniu<strong> 02.04.2025 r. w godz. 17:00-20:00<\/strong><\/p>\n\n\n\n<p><em>Dok\u0142adne informacje dotycz\u0105ce wyk\u0142adu\u00a0oraz rejestracji na szkolenie\u00a0znajduj\u0105 si\u0119 pod linkiem<\/em><\/p>\n\n\n<a class=\"button button--zielony-ze-strzalka\" href=\"https:\/\/nra.e-soa.pl\/szkolenia\/addZgloszeniaBPClient\/148\/148\">\n        link<\/a>\n\n\n\n<p><em>W celu rejestracji prosimy o wybranie przycisku&nbsp;Jestem cz\u0142onkiem adwokatury&nbsp;a nast\u0119pnie zalogowanie si\u0119 do Panelu Adwokata. W przypadku braku konta w Panelu prosimy u\u017cy\u0107 funkcji&nbsp;Pierwsze logowanie&nbsp;dost\u0119pnej na dole wy\u015bwietlonej strony.<\/em><em><\/em><\/p>\n\n\n\n<p><em>Link do spotkania zostanie przes\u0142any osobom zarejestrowanym najp\u00f3\u017aniej w dniu wyk\u0142adu.<\/em><\/p>\n\n\n\n<p><strong>Zapisy na wyk\u0142ad przyjmujemy do dnia 01.04.2025 r.<\/strong><\/p>\n\n\n\n<p><strong>Ilo\u015b\u0107 miejsc ograniczona, decyduje kolejno\u015b\u0107 zg\u0142osze\u0144.<\/strong><strong><\/strong><\/p>\n\n\n\n<p>Wyk\u0142ad&nbsp;b\u0119dzie prowadzony na \u017cywo, a nadto zostanie nagrany i zamieszczony na stronie samorz\u0105du adwokackiego <a href=\"https:\/\/palestra.pl\/pl\/e-palestra\" target=\"_blank\" rel=\"noreferrer noopener\">https:\/\/palestra.pl\/pl\/e-palestra&nbsp;<\/a><\/p>\n\n\n\n<p><strong>Uczestnicz\u0105c w szkoleniu mamy mo\u017cliwo\u015b\u0107 realizacji obowi\u0105zku doskonalenia zawodowego.<\/strong><\/p>\n\n\n\n<p>Serdecznie zapraszamy,<\/p>\n\n\n\n<p>Komisja Doskonalenia Zawodowego Naczelnej Rady Adwokackiej<\/p>\n","protected":false},"excerpt":{"rendered":"<p>Komisja Doskonalenia Zawodowego przy Naczelnej Radzie Adwokackiej zaprasza na cykl bezp\u0142atnych wyk\u0142ad\u00f3w dla adwokat\u00f3w i aplikant\u00f3w adwokackich na temat Jurysdykcja i prawo w\u0142a\u015bciwe w unijnych sprawach cywilnych i rodzinnych, z wy\u0142\u0105czeniem spraw spadkowych. &nbsp;\u201eUnijne sprawy alimentacyjne ze szczeg\u00f3lnym uwzgl\u0119dnieniem znaczenia rozporz\u0105dze\u0144 UE w hierarchii \u017ar\u00f3de\u0142 prawa, orzecznictwa TSUE w zakresie jurysdykcji w tego rodzaju sprawach [&hellip;]<\/p>\n","protected":false},"author":9,"featured_media":0,"comment_status":"closed","ping_status":"closed","sticky":false,"template":"","format":"standard","meta":{"_acf_changed":false,"inline_featured_image":false,"footnotes":""},"categories":[6],"tags":[],"class_list":["post-5699","post","type-post","status-publish","format-standard","hentry","category-artykuly"],"acf":[],"_links":{"self":[{"href":"https:\/\/adwokatura.krakow.pl\/adwokaci-i-aplikanci\/wp-json\/wp\/v2\/posts\/5699","targetHints":{"allow":["GET"]}}],"collection":[{"href":"https:\/\/adwokatura.krakow.pl\/adwokaci-i-aplikanci\/wp-json\/wp\/v2\/posts"}],"about":[{"href":"https:\/\/adwokatura.krakow.pl\/adwokaci-i-aplikanci\/wp-json\/wp\/v2\/types\/post"}],"author":[{"embeddable":true,"href":"https:\/\/adwokatura.krakow.pl\/adwokaci-i-aplikanci\/wp-json\/wp\/v2\/users\/9"}],"replies":[{"embeddable":true,"href":"https:\/\/adwokatura.krakow.pl\/adwokaci-i-aplikanci\/wp-json\/wp\/v2\/comments?post=5699"}],"version-history":[{"count":2,"href":"https:\/\/adwokatura.krakow.pl\/adwokaci-i-aplikanci\/wp-json\/wp\/v2\/posts\/5699\/revisions"}],"predecessor-version":[{"id":5701,"href":"https:\/\/adwokatura.krakow.pl\/adwokaci-i-aplikanci\/wp-json\/wp\/v2\/posts\/5699\/revisions\/5701"}],"wp:attachment":[{"href":"https:\/\/adwokatura.krakow.pl\/adwokaci-i-aplikanci\/wp-json\/wp\/v2\/media?parent=5699"}],"wp:term":[{"taxonomy":"category","embeddable":true,"href":"https:\/\/adwokatura.krakow.pl\/adwokaci-i-aplikanci\/wp-json\/wp\/v2\/categories?post=5699"},{"taxonomy":"post_tag","embeddable":true,"href":"https:\/\/adwokatura.krakow.pl\/adwokaci-i-aplikanci\/wp-json\/wp\/v2\/tags?post=5699"}],"curies":[{"name":"wp","href":"https:\/\/api.w.org\/{rel}","templated":true}]}}