{"id":5703,"date":"2025-03-28T10:48:12","date_gmt":"2025-03-28T09:48:12","guid":{"rendered":"https:\/\/adwokatura.krakow.pl\/adwokaci-i-aplikanci\/?p=5703"},"modified":"2025-03-28T10:48:12","modified_gmt":"2025-03-28T09:48:12","slug":"wiadomosci-e-mail-podszywajace-sie-pod-jedna-z-krakowskich-kancelarii","status":"publish","type":"post","link":"https:\/\/adwokatura.krakow.pl\/adwokaci-i-aplikanci\/wiadomosci-e-mail-podszywajace-sie-pod-jedna-z-krakowskich-kancelarii\/","title":{"rendered":"Wiadomo\u015bci e-mail podszywaj\u0105ce si\u0119 pod jedn\u0105 z krakowskich kancelarii"},"content":{"rendered":"\n<p>\u2757\ufe0f\u2757\ufe0f\u2757\ufe0f<\/p>\n\n\n\n<p><strong>Szanowne Kole\u017canki i Koledzy,<\/strong><\/p>\n\n\n\n<p><strong>W czwartek 27 marca br. rozsy\u0142ane by\u0142y wiadomo\u015bci przekonuj\u0105co podszywaj\u0105ce si\u0119 pod jedn\u0105 z krakowskich kancelarii. \u017b\u0105dano w nich usuni\u0119cia ze stron internetowych tre\u015bci rzekomo naruszaj\u0105cych prawa autorskie. Wiadomo\u015bci zawiera\u0142y link symuluj\u0105cy dokument PDF, kt\u00f3ry mo\u017ce by\u0107 pr\u00f3b\u0105 wy\u0142udzenia danych (phishing) lub dystrybucji szkodliwego oprogramowanie (malware).<\/strong><\/p>\n\n\n\n<p><strong>Wiadomo\u015bci, zgodnie z zamiarem tw\u00f3rcy, maj\u0105 budzi\u0107 zaciekawienie. Oczywi\u015bcie mimo tego prosz\u0119 linku nie \u201eklika\u0107\u201d.&nbsp;<\/strong><\/p>\n\n\n\n<p><strong>Z podzi\u0119kowaniami dla PT Zg\u0142aszaj\u0105cych za czujno\u015b\u0107 oraz z pro\u015bb\u0105 o zachowanie czujno\u015bci,<\/strong><\/p>\n\n\n\n<p><strong>Marcin Kosiorkiewicz<\/strong><\/p>\n\n\n\n<p><strong>Sekretarz ORA Krak\u00f3w<\/strong><\/p>\n\n\n\n<figure class=\"wp-block-image size-large\"><img loading=\"lazy\" decoding=\"async\" width=\"576\" height=\"1024\" src=\"https:\/\/adwokatura.krakow.pl\/adwokaci-i-aplikanci\/wp-content\/uploads\/sites\/2\/2025\/03\/Blue-Purple-Modern-Cyber-Security-Mobile-Video-576x1024.jpg\" alt=\"\" class=\"wp-image-5704\" srcset=\"https:\/\/adwokatura.krakow.pl\/adwokaci-i-aplikanci\/wp-content\/uploads\/sites\/2\/2025\/03\/Blue-Purple-Modern-Cyber-Security-Mobile-Video-576x1024.jpg 576w, https:\/\/adwokatura.krakow.pl\/adwokaci-i-aplikanci\/wp-content\/uploads\/sites\/2\/2025\/03\/Blue-Purple-Modern-Cyber-Security-Mobile-Video-169x300.jpg 169w, https:\/\/adwokatura.krakow.pl\/adwokaci-i-aplikanci\/wp-content\/uploads\/sites\/2\/2025\/03\/Blue-Purple-Modern-Cyber-Security-Mobile-Video-768x1365.jpg 768w, https:\/\/adwokatura.krakow.pl\/adwokaci-i-aplikanci\/wp-content\/uploads\/sites\/2\/2025\/03\/Blue-Purple-Modern-Cyber-Security-Mobile-Video-864x1536.jpg 864w, https:\/\/adwokatura.krakow.pl\/adwokaci-i-aplikanci\/wp-content\/uploads\/sites\/2\/2025\/03\/Blue-Purple-Modern-Cyber-Security-Mobile-Video.jpg 1080w\" sizes=\"auto, (max-width: 576px) 100vw, 576px\" \/><\/figure>\n","protected":false},"excerpt":{"rendered":"<p>\u2757\ufe0f\u2757\ufe0f\u2757\ufe0f Szanowne Kole\u017canki i Koledzy, W czwartek 27 marca br. rozsy\u0142ane by\u0142y wiadomo\u015bci przekonuj\u0105co podszywaj\u0105ce si\u0119 pod jedn\u0105 z krakowskich kancelarii. \u017b\u0105dano w nich usuni\u0119cia ze stron internetowych tre\u015bci rzekomo naruszaj\u0105cych prawa autorskie. Wiadomo\u015bci zawiera\u0142y link symuluj\u0105cy dokument PDF, kt\u00f3ry mo\u017ce by\u0107 pr\u00f3b\u0105 wy\u0142udzenia danych (phishing) lub dystrybucji szkodliwego oprogramowanie (malware). Wiadomo\u015bci, zgodnie z zamiarem [&hellip;]<\/p>\n","protected":false},"author":8,"featured_media":0,"comment_status":"closed","ping_status":"closed","sticky":false,"template":"","format":"standard","meta":{"_acf_changed":false,"inline_featured_image":false,"footnotes":""},"categories":[6],"tags":[],"class_list":["post-5703","post","type-post","status-publish","format-standard","hentry","category-artykuly"],"acf":[],"_links":{"self":[{"href":"https:\/\/adwokatura.krakow.pl\/adwokaci-i-aplikanci\/wp-json\/wp\/v2\/posts\/5703","targetHints":{"allow":["GET"]}}],"collection":[{"href":"https:\/\/adwokatura.krakow.pl\/adwokaci-i-aplikanci\/wp-json\/wp\/v2\/posts"}],"about":[{"href":"https:\/\/adwokatura.krakow.pl\/adwokaci-i-aplikanci\/wp-json\/wp\/v2\/types\/post"}],"author":[{"embeddable":true,"href":"https:\/\/adwokatura.krakow.pl\/adwokaci-i-aplikanci\/wp-json\/wp\/v2\/users\/8"}],"replies":[{"embeddable":true,"href":"https:\/\/adwokatura.krakow.pl\/adwokaci-i-aplikanci\/wp-json\/wp\/v2\/comments?post=5703"}],"version-history":[{"count":1,"href":"https:\/\/adwokatura.krakow.pl\/adwokaci-i-aplikanci\/wp-json\/wp\/v2\/posts\/5703\/revisions"}],"predecessor-version":[{"id":5705,"href":"https:\/\/adwokatura.krakow.pl\/adwokaci-i-aplikanci\/wp-json\/wp\/v2\/posts\/5703\/revisions\/5705"}],"wp:attachment":[{"href":"https:\/\/adwokatura.krakow.pl\/adwokaci-i-aplikanci\/wp-json\/wp\/v2\/media?parent=5703"}],"wp:term":[{"taxonomy":"category","embeddable":true,"href":"https:\/\/adwokatura.krakow.pl\/adwokaci-i-aplikanci\/wp-json\/wp\/v2\/categories?post=5703"},{"taxonomy":"post_tag","embeddable":true,"href":"https:\/\/adwokatura.krakow.pl\/adwokaci-i-aplikanci\/wp-json\/wp\/v2\/tags?post=5703"}],"curies":[{"name":"wp","href":"https:\/\/api.w.org\/{rel}","templated":true}]}}