{"id":5741,"date":"2025-04-03T10:39:46","date_gmt":"2025-04-03T08:39:46","guid":{"rendered":"https:\/\/adwokatura.krakow.pl\/adwokaci-i-aplikanci\/?p=5741"},"modified":"2025-04-03T10:39:47","modified_gmt":"2025-04-03T08:39:47","slug":"rekolekcje-wielkopostne-dla-prawnikow-2","status":"publish","type":"post","link":"https:\/\/adwokatura.krakow.pl\/adwokaci-i-aplikanci\/rekolekcje-wielkopostne-dla-prawnikow-2\/","title":{"rendered":"Rekolekcje Wielkopostne dla Prawnik\u00f3w"},"content":{"rendered":"\n<figure class=\"wp-block-image size-large is-resized\"><img loading=\"lazy\" decoding=\"async\" width=\"683\" height=\"1024\" src=\"https:\/\/adwokatura.krakow.pl\/adwokaci-i-aplikanci\/wp-content\/uploads\/sites\/2\/2025\/04\/rekolekcje-wielkopostne-2025-683x1024.jpg\" alt=\"\" class=\"wp-image-5742\" style=\"width:402px;height:auto\" srcset=\"https:\/\/adwokatura.krakow.pl\/adwokaci-i-aplikanci\/wp-content\/uploads\/sites\/2\/2025\/04\/rekolekcje-wielkopostne-2025-683x1024.jpg 683w, https:\/\/adwokatura.krakow.pl\/adwokaci-i-aplikanci\/wp-content\/uploads\/sites\/2\/2025\/04\/rekolekcje-wielkopostne-2025-200x300.jpg 200w, https:\/\/adwokatura.krakow.pl\/adwokaci-i-aplikanci\/wp-content\/uploads\/sites\/2\/2025\/04\/rekolekcje-wielkopostne-2025-768x1152.jpg 768w, https:\/\/adwokatura.krakow.pl\/adwokaci-i-aplikanci\/wp-content\/uploads\/sites\/2\/2025\/04\/rekolekcje-wielkopostne-2025.jpg 980w\" sizes=\"auto, (max-width: 683px) 100vw, 683px\" \/><\/figure>\n\n\n\n<p>Szcz\u0119\u015b\u0107 Bo\u017ce<\/p>\n\n\n\n<p>Duszpasterstwo Prawnik\u00f3w Archidiecezji Krakowskiej serdecznie zaprasza wszystkich Adwokat\u00f3w na Rekolekcje Wielkopostne dla Prawnik\u00f3w.<\/p>\n\n\n\n<p>Rekolekcje odb\u0119d\u0105 si\u0119 w dniach 13-15 kwietnia 2025 r. w Ko\u015bciele si\u00f3str Bernardynek, ul. Poselska 21 w Krakowie.<\/p>\n\n\n\n<p><a><\/a>Program rekolekcji:<\/p>\n\n\n\n<p><img loading=\"lazy\" decoding=\"async\" height=\"16\" width=\"16\" alt=\"\ud83d\udfe3\" src=\"https:\/\/static.xx.fbcdn.net\/images\/emoji.php\/v9\/t7d\/1\/16\/1f7e3.png\">Niedziela, 19.30 \u2013 Msza \u015aw. i konferencja<\/p>\n\n\n\n<p><img loading=\"lazy\" decoding=\"async\" height=\"16\" width=\"16\" alt=\"\ud83d\udfe3\" src=\"https:\/\/static.xx.fbcdn.net\/images\/emoji.php\/v9\/t7d\/1\/16\/1f7e3.png\">Poniedzia\u0142ek, 19.30 \u2013 Konferencja<\/p>\n\n\n\n<p><img loading=\"lazy\" decoding=\"async\" height=\"16\" width=\"16\" alt=\"\ud83d\udfe3\" src=\"https:\/\/static.xx.fbcdn.net\/images\/emoji.php\/v9\/t7d\/1\/16\/1f7e3.png\">Wtorek, 19.30 Msza \u015aw. i konferencja<\/p>\n\n\n\n<p>Rekolekcje poprowadzi ks. dr hab. Dariusz Ra\u015b, Archiprezbiter Bazyliki Mariackiej, adiunkt na Wydziale Nauk o Komunikacji UPJPII.<\/p>\n\n\n\n<p>Podczas Rekolekcji tradycyjnie b\u0119dzie nam towarzyszy\u0107 muzyka wed\u0142ug pomys\u0142u i realizacji adw. Stanis\u0142awa K\u0142ysa.<\/p>\n\n\n\n<p><em>Ks. Marcin Wolczko<\/em><\/p>\n","protected":false},"excerpt":{"rendered":"<p>Szcz\u0119\u015b\u0107 Bo\u017ce Duszpasterstwo Prawnik\u00f3w Archidiecezji Krakowskiej serdecznie zaprasza wszystkich Adwokat\u00f3w na Rekolekcje Wielkopostne dla Prawnik\u00f3w. Rekolekcje odb\u0119d\u0105 si\u0119 w dniach 13-15 kwietnia 2025 r. w Ko\u015bciele si\u00f3str Bernardynek, ul. Poselska 21 w Krakowie. Program rekolekcji: Niedziela, 19.30 \u2013 Msza \u015aw. i konferencja Poniedzia\u0142ek, 19.30 \u2013 Konferencja Wtorek, 19.30 Msza \u015aw. i konferencja Rekolekcje poprowadzi ks. [&hellip;]<\/p>\n","protected":false},"author":9,"featured_media":0,"comment_status":"closed","ping_status":"closed","sticky":false,"template":"","format":"standard","meta":{"_acf_changed":false,"inline_featured_image":false,"footnotes":""},"categories":[6],"tags":[],"class_list":["post-5741","post","type-post","status-publish","format-standard","hentry","category-artykuly"],"acf":[],"_links":{"self":[{"href":"https:\/\/adwokatura.krakow.pl\/adwokaci-i-aplikanci\/wp-json\/wp\/v2\/posts\/5741","targetHints":{"allow":["GET"]}}],"collection":[{"href":"https:\/\/adwokatura.krakow.pl\/adwokaci-i-aplikanci\/wp-json\/wp\/v2\/posts"}],"about":[{"href":"https:\/\/adwokatura.krakow.pl\/adwokaci-i-aplikanci\/wp-json\/wp\/v2\/types\/post"}],"author":[{"embeddable":true,"href":"https:\/\/adwokatura.krakow.pl\/adwokaci-i-aplikanci\/wp-json\/wp\/v2\/users\/9"}],"replies":[{"embeddable":true,"href":"https:\/\/adwokatura.krakow.pl\/adwokaci-i-aplikanci\/wp-json\/wp\/v2\/comments?post=5741"}],"version-history":[{"count":2,"href":"https:\/\/adwokatura.krakow.pl\/adwokaci-i-aplikanci\/wp-json\/wp\/v2\/posts\/5741\/revisions"}],"predecessor-version":[{"id":5744,"href":"https:\/\/adwokatura.krakow.pl\/adwokaci-i-aplikanci\/wp-json\/wp\/v2\/posts\/5741\/revisions\/5744"}],"wp:attachment":[{"href":"https:\/\/adwokatura.krakow.pl\/adwokaci-i-aplikanci\/wp-json\/wp\/v2\/media?parent=5741"}],"wp:term":[{"taxonomy":"category","embeddable":true,"href":"https:\/\/adwokatura.krakow.pl\/adwokaci-i-aplikanci\/wp-json\/wp\/v2\/categories?post=5741"},{"taxonomy":"post_tag","embeddable":true,"href":"https:\/\/adwokatura.krakow.pl\/adwokaci-i-aplikanci\/wp-json\/wp\/v2\/tags?post=5741"}],"curies":[{"name":"wp","href":"https:\/\/api.w.org\/{rel}","templated":true}]}}