{"id":5885,"date":"2025-05-13T09:44:01","date_gmt":"2025-05-13T07:44:01","guid":{"rendered":"https:\/\/adwokatura.krakow.pl\/adwokaci-i-aplikanci\/?p=5885"},"modified":"2025-05-13T09:44:02","modified_gmt":"2025-05-13T07:44:02","slug":"xxii-swieto-prawnikow","status":"publish","type":"post","link":"https:\/\/adwokatura.krakow.pl\/adwokaci-i-aplikanci\/xxii-swieto-prawnikow\/","title":{"rendered":"XXII \u015awi\u0119to Prawnik\u00f3w"},"content":{"rendered":"\n<figure class=\"wp-block-image size-large is-resized\"><img loading=\"lazy\" decoding=\"async\" width=\"724\" height=\"1024\" src=\"https:\/\/adwokatura.krakow.pl\/adwokaci-i-aplikanci\/wp-content\/uploads\/sites\/2\/2025\/05\/2025-ARSLEGIS_XXII_SP_program_final-724x1024.jpg\" alt=\"\" class=\"wp-image-5886\" style=\"width:586px;height:auto\" srcset=\"https:\/\/adwokatura.krakow.pl\/adwokaci-i-aplikanci\/wp-content\/uploads\/sites\/2\/2025\/05\/2025-ARSLEGIS_XXII_SP_program_final-724x1024.jpg 724w, https:\/\/adwokatura.krakow.pl\/adwokaci-i-aplikanci\/wp-content\/uploads\/sites\/2\/2025\/05\/2025-ARSLEGIS_XXII_SP_program_final-212x300.jpg 212w, https:\/\/adwokatura.krakow.pl\/adwokaci-i-aplikanci\/wp-content\/uploads\/sites\/2\/2025\/05\/2025-ARSLEGIS_XXII_SP_program_final-768x1086.jpg 768w, https:\/\/adwokatura.krakow.pl\/adwokaci-i-aplikanci\/wp-content\/uploads\/sites\/2\/2025\/05\/2025-ARSLEGIS_XXII_SP_program_final-1086x1536.jpg 1086w, https:\/\/adwokatura.krakow.pl\/adwokaci-i-aplikanci\/wp-content\/uploads\/sites\/2\/2025\/05\/2025-ARSLEGIS_XXII_SP_program_final.jpg 1240w\" sizes=\"auto, (max-width: 724px) 100vw, 724px\" \/><\/figure>\n\n\n\n<p><\/p>\n\n\n\n<p>Serdecznie zapraszamy adwokat\u00f3w do wzi\u0119cia udzia\u0142u w <strong>XXII \u015awi\u0119cie Prawnik\u00f3w<\/strong>, kt\u00f3re odb\u0119dzie si\u0119 18 maja 2025 r. w Krakowie.<\/p>\n\n\n\n<p>Od godz. 10:30 w Auli Jagiello\u0144skiej Collegium Maius UJ przewidziana jest dyskusja na temat:<\/p>\n\n\n\n<p><strong>Czy Polska mo\u017ce by\u0107 krajem praworz\u0105dnym?<\/strong><\/p>\n\n\n\n<p><strong>Przysz\u0142o\u015b\u0107 Trybuna\u0142u Konstytucyjnego, S\u0105du Najwy\u017cszego i Krajowej Rady S\u0105downictwa.<\/strong><\/p>\n\n\n\n<p>W dyskusji wezm\u0105 udzia\u0142:<\/p>\n\n\n\n<p><em>prof. Leszek Bosek (Uniwersytet Warszawski oraz S\u0119dzia S\u0105du Najwy\u017cszego),<\/em><\/p>\n\n\n\n<p><em>prof. Fryderyk Zoll (Uniwersytet Jagiello\u0144ski i Uniwersytet w Osnabr\u00fcck) oraz<\/em><\/p>\n\n\n\n<p><em>prof. Ryszard Piotrowski (Uniwersytet Warszawski).<\/em><\/p>\n\n\n\n<p>Debat\u0119 moderowa\u0107 b\u0119dzie red. Tomasz Pietryga (dziennik \u201eRzeczpospolita\u201d).<\/p>\n\n\n\n<p>Po niej, przed godz. 13:00 przejdziemy procesyjnie w togach z dziedzi\u0144ca Kolegiaty \u015aw. Anny na uroczyst\u0105 Msz\u0119 \u015awi\u0119t\u0105 o \u015bwiat\u0142o Ducha \u015awi\u0119tego dla polityk\u00f3w i prawnik\u00f3w, kt\u00f3ra zostanie odprawiona o godz. 13:00.<\/p>\n\n\n\n<p>Zwie\u0144czeniem uroczysto\u015bci b\u0119dzie pocz\u0119stunek w Cafe Magia, przy ul. \u015aw. Anny 11 w Krakowie, po Mszy \u015awi\u0119tej, oko\u0142o godziny 14:00<\/p>\n\n\n\n<p><\/p>\n\n\n\n<p><em>Dzi\u0119kuj\u0119 i \u0142\u0105cz\u0119 wyrazy szacunku,<\/em><\/p>\n\n\n\n<p><em>Mateusz Kali\u0144ski<\/em><\/p>\n","protected":false},"excerpt":{"rendered":"<p>Serdecznie zapraszamy adwokat\u00f3w do wzi\u0119cia udzia\u0142u w XXII \u015awi\u0119cie Prawnik\u00f3w, kt\u00f3re odb\u0119dzie si\u0119 18 maja 2025 r. w Krakowie. Od godz. 10:30 w Auli Jagiello\u0144skiej Collegium Maius UJ przewidziana jest dyskusja na temat: Czy Polska mo\u017ce by\u0107 krajem praworz\u0105dnym? Przysz\u0142o\u015b\u0107 Trybuna\u0142u Konstytucyjnego, S\u0105du Najwy\u017cszego i Krajowej Rady S\u0105downictwa. W dyskusji wezm\u0105 udzia\u0142: prof. Leszek Bosek [&hellip;]<\/p>\n","protected":false},"author":9,"featured_media":0,"comment_status":"closed","ping_status":"closed","sticky":false,"template":"","format":"standard","meta":{"_acf_changed":false,"inline_featured_image":false,"footnotes":""},"categories":[6],"tags":[],"class_list":["post-5885","post","type-post","status-publish","format-standard","hentry","category-artykuly"],"acf":[],"_links":{"self":[{"href":"https:\/\/adwokatura.krakow.pl\/adwokaci-i-aplikanci\/wp-json\/wp\/v2\/posts\/5885","targetHints":{"allow":["GET"]}}],"collection":[{"href":"https:\/\/adwokatura.krakow.pl\/adwokaci-i-aplikanci\/wp-json\/wp\/v2\/posts"}],"about":[{"href":"https:\/\/adwokatura.krakow.pl\/adwokaci-i-aplikanci\/wp-json\/wp\/v2\/types\/post"}],"author":[{"embeddable":true,"href":"https:\/\/adwokatura.krakow.pl\/adwokaci-i-aplikanci\/wp-json\/wp\/v2\/users\/9"}],"replies":[{"embeddable":true,"href":"https:\/\/adwokatura.krakow.pl\/adwokaci-i-aplikanci\/wp-json\/wp\/v2\/comments?post=5885"}],"version-history":[{"count":1,"href":"https:\/\/adwokatura.krakow.pl\/adwokaci-i-aplikanci\/wp-json\/wp\/v2\/posts\/5885\/revisions"}],"predecessor-version":[{"id":5887,"href":"https:\/\/adwokatura.krakow.pl\/adwokaci-i-aplikanci\/wp-json\/wp\/v2\/posts\/5885\/revisions\/5887"}],"wp:attachment":[{"href":"https:\/\/adwokatura.krakow.pl\/adwokaci-i-aplikanci\/wp-json\/wp\/v2\/media?parent=5885"}],"wp:term":[{"taxonomy":"category","embeddable":true,"href":"https:\/\/adwokatura.krakow.pl\/adwokaci-i-aplikanci\/wp-json\/wp\/v2\/categories?post=5885"},{"taxonomy":"post_tag","embeddable":true,"href":"https:\/\/adwokatura.krakow.pl\/adwokaci-i-aplikanci\/wp-json\/wp\/v2\/tags?post=5885"}],"curies":[{"name":"wp","href":"https:\/\/api.w.org\/{rel}","templated":true}]}}