{"id":5900,"date":"2025-05-21T10:39:35","date_gmt":"2025-05-21T08:39:35","guid":{"rendered":"https:\/\/adwokatura.krakow.pl\/adwokaci-i-aplikanci\/?p=5900"},"modified":"2025-05-21T10:39:36","modified_gmt":"2025-05-21T08:39:36","slug":"czas-na-podsumowanie-i-turnieju-pilki-noznej-prawnikow-o-puchar-dziekana-okregowej-rady-adwokackiej-w-krakowie-2025","status":"publish","type":"post","link":"https:\/\/adwokatura.krakow.pl\/adwokaci-i-aplikanci\/czas-na-podsumowanie-i-turnieju-pilki-noznej-prawnikow-o-puchar-dziekana-okregowej-rady-adwokackiej-w-krakowie-2025\/","title":{"rendered":"Czas na podsumowanie I Turnieju Pi\u0142ki No\u017cnej Prawnik\u00f3w o Puchar Dziekana Okr\u0119gowej Rady Adwokackiej w Krakowie \u2013 2025."},"content":{"rendered":"\n<p>Turniej rozpocz\u0105\u0142 si\u0119 od przem\u00f3wienia Dziekana Okr\u0119gowej Rady Adwokackiej w Krakowie. Aleksander Gut powita\u0142 wszystkie zespo\u0142y, przedstawi\u0142 sponsor\u00f3w turnieju i oficjalnie otworzy\u0142 zawody. Nast\u0119pnie zabra\u0142 g\u0142os Wicedziekan Dariusz Gradzi, kt\u00f3ry witaj\u0105c zgromadzone dru\u017cyny, nawi\u0105za\u0142 do swojego uczestnictwa w adwokackich zawodach pi\u0142karskich, pocz\u0105wszy od 2008 roku. Wszyscy zawodnicy otrzymali pami\u0105tki od Okr\u0119gowej Rady Adwokackiej w Krakowie.<\/p>\n\n\n\n<p>Mimo zimna, wiatru oraz przelotnych opad\u00f3w, uda\u0142o si\u0119 planowo rozegra\u0107 faz\u0119 grupow\u0105 turnieju. Grup\u0119 1 wygra\u0142a dru\u017cyna ORA Krak\u00f3w, drugie miejsce zaj\u0119\u0142a ekipa ORA Warszawa. O zaj\u0119ciu pierwszego miejsca w grupie, przy tej samej ilo\u015bci 6 punkt\u00f3w i tym samym bilansie bramek, zadecydowa\u0142 wynik bezpo\u015bredniego spotkania.<\/p>\n\n\n\n<p>Grup\u0119 2 wygra\u0142a zdecydowanie dru\u017cyna OIRP Katowice, zdobywaj\u0105c 7 punkt\u00f3w. Drugie miejsce zaj\u0119li koledzy z OIRP Krak\u00f3w.<\/p>\n\n\n\n<p>W przerwie mi\u0119dzy faz\u0105 grupow\u0105 a faz\u0105 pucharow\u0105 odby\u0142a si\u0119 aukcja na rzecz @Fundacja O Zdrowie Dziecka, przeprowadzona osobi\u015bcie przez Dziekana Aleksandra Guta. Wszystkie trzy przedmioty zosta\u0142y wylicytowane, a doch\u00f3d z tego tytu\u0142u zasili ten jak\u017ce szczytny cel.<\/p>\n\n\n\n<p>Pod koniec aukcji zerwa\u0142a si\u0119 nawa\u0142nica, przej\u015bciowo uniemo\u017cliwiaj\u0105ca trwanie zawod\u00f3w. Warunki te nie by\u0142y jednak straszne, ani organizatorom, ani zawodnikom. Po delikatnym uspokojeniu pogody, rozegrana zosta\u0142a faza pucharowa. W pierwszym meczu (derbowym) dru\u017cyna ORA Krak\u00f3w po rzutach karnych pokona\u0142a dru\u017cyn\u0119 OIRP Krak\u00f3w. W drugim p\u00f3\u0142finale, \u015bwietnie prezentuj\u0105ca si\u0119 w fazie grupowej ekipa OIRP Katowice uleg\u0142a dru\u017cynie ORA Warszawa.<\/p>\n\n\n\n<p>W meczu o 3 miejsce, dru\u017cyna OIRP Katowice, przegra\u0142a 0:3 z zespo\u0142em OIRP Krak\u00f3w. Fina\u0142, rozegrany mi\u0119dzy zespo\u0142ami gospodarzy: ORA Krak\u00f3w i dru\u017cyny ORA Warszawa, w regulaminowym czasie gry zako\u0144czy\u0142 si\u0119 remisem 1:1. Seri\u0119 rzut\u00f3w karnych wygra\u0142a sto\u0142eczna ekipa, wygrywaj\u0105c tym samym I Turniej o Puchar Dziekana Okr\u0119gowej Rady Adwokackiej w Krakowie. Gratulacje dla dru\u017cyny ORA Warszawa!<\/p>\n\n\n\n<p>Bardzo cieszy \u015bwietny wyst\u0119p naszej dru\u017cyny ORA Krak\u00f3w!<\/p>\n\n\n\n<p>Nagrod\u0119 MVP turnieju, otrzyma\u0142 bramkarz ORA Krak\u00f3w Radomir Gozdek, kt\u00f3ry fenomenalnie broni\u0142 bramki gospodarzy podczas zawod\u00f3w, niczym s\u0142ynny Ricardo Zamora. Kr\u00f3lem Strzelc\u00f3w zosta\u0142 zawodnik OIRP Krak\u00f3w: Karol Taradowski. Gratulacje Koledzy!<\/p>\n\n\n\n<p>Wspomnie\u0107 te\u017c nale\u017cy, \u017ce przy wyborze MVP oraz Kr\u00f3la Strzelc\u00f3w bezpo\u015brednio liczyli si\u0119 tak\u017ce dwaj gracze zwyci\u0119skiej dru\u017cyny ORA Warszawa, odpowiednio: Gianfranco Ricci i Pawe\u0142 Balcerkiewicz.<\/p>\n\n\n\n<p>Po rozegranych zawodach odby\u0142a si\u0119 dekoracja trzech najlepszych dru\u017cyn i laureat\u00f3w nagr\u00f3d indywidualnych. Nagrody i medale by\u0142y wr\u0119czane przez Dziekana Okr\u0119gowej Rady Adwokackiej w Krakowie Aleksandra Guta oraz obecnych sponsor\u00f3w: Agnieszk\u0119 Majd\u0119 i dr. Rados\u0142awa \u0141yska.<\/p>\n\n\n\n<p>Puchar Dziekana zdoby\u0142a dru\u017cyna ORA Warszawa. Wzoruj\u0105c si\u0119 na trofeum mistrzostw \u015bwiata w pi\u0142ce no\u017cnej, puchar ten b\u0119dzie mia\u0142 charakter przechodni, a co roku b\u0119d\u0105 na nim wyryte kolejne dru\u017cyny wygrywaj\u0105ce zawody.<\/p>\n\n\n\n<p>Przekazujemy podzi\u0119kowania dla naszych partner\u00f3w:<strong><\/strong><\/p>\n\n\n\n<p><strong>-Wydawnictwo <\/strong><a href=\"http:\/\/c.h.beck\/\"><strong>C.H.Beck<\/strong><\/a><strong> Sp. z o.o. w Warszawie<\/strong><\/p>\n\n\n\n<p><a href=\"https:\/\/www.beck.pl\/\">beck.pl<\/a> <a href=\"https:\/\/legalis.pl\/\">legalis.pl<\/a> <a href=\"https:\/\/iuscase.pl\/\">iuscase.pl<\/a> <a href=\"https:\/\/www.ksiegarnia.beck.pl\/\">ksiegarnia.beck.pl<\/a> <a href=\"https:\/\/akademia.beck.pl\/\">akademia.beck.pl<\/a> <strong><\/strong><\/p>\n\n\n\n<p><strong>-Dental Arts Studio<\/strong><\/p>\n\n\n\n<p><a href=\"http:\/\/sztukastomatologii.pl\/\"><strong>http:\/\/sztukastomatologii.pl<\/strong><\/a><strong><\/strong><\/p>\n\n\n\n<p><strong>&#8211;<\/strong><strong>Karol Salawa<\/strong><\/p>\n\n\n\n<p><a href=\"http:\/\/www.stoiska24.pl\/\">www.stoiska24.pl<\/a><strong><\/strong><\/p>\n\n\n\n<p><strong>-Agnieszka Majda<\/strong><\/p>\n\n\n\n<p><a href=\"http:\/\/www.agnieszkamajda.pl\/\">www.agnieszkamajda.pl<\/a><\/p>\n\n\n\n<p><strong>-Aneta Jaworska:<\/strong><\/p>\n\n\n\n<p><a href=\"http:\/\/zwinnyumysl.pl\/\">zwinnyumysl.pl<\/a> www.<a href=\"http:\/\/www.skuteczniwturystyce.pl\/\">skuteczniwturystyce.pl<\/a><\/p>\n\n\n\n<p>Serdeczne podzi\u0119kowania dla s\u0119dzi\u00f3w: Dawid Paj\u0105k, Piotr \u0106wiertnia i Robert Marciniak za wzi\u0119cie udzia\u0142u w naszym wydarzeniu.<\/p>\n\n\n\n<p>Przy okazji nadmieni\u0107 nale\u017cy, o czym wspomina\u0142 Dziekan Okr\u0119gowej Rady Adwokackiej w Krakowie w swoim przem\u00f3wieniu, \u017ce w dniu 31 sierpnia 2025 roku odb\u0119dzie si\u0119 kolejna edycja turnieju pi\u0142karskiego Prawnicy Dzieciom organizowana przez @Fundacja O Zdrowie Dziecka. Ju\u017c teraz zapraszamy do udzia\u0142u w zawodach i ca\u0142ej akcji.<\/p>\n\n\n\n<p>Dzi\u0119kujemy wszystkim zawodnikom i kibicom za udzia\u0142 w turnieju.<\/p>\n\n\n\n<p>Gratulacje dla koleg\u00f3w, kt\u00f3rzy w trakcie turnieju zostali wybrani na cz\u0142onk\u00f3w okr\u0119gowych rad adwokackich: Krzysztof Lewandowski i Arkadiusz Slisz. Wasza nieobecno\u015b\u0107 w pe\u0142ni usprawiedliwiona \ud83d\ude42<\/p>\n\n\n\n<p>Do zobaczenia za rok!<\/p>\n\n\n\n<figure class=\"wp-block-image size-large is-resized\"><img loading=\"lazy\" decoding=\"async\" width=\"768\" height=\"1024\" src=\"https:\/\/adwokatura.krakow.pl\/adwokaci-i-aplikanci\/wp-content\/uploads\/sites\/2\/2025\/05\/DCqZur2NJG9Kr2DEaUVW09dIkGbzNkPgVV6CXVw1-1-768x1024.jpg\" alt=\"\" class=\"wp-image-5904\" style=\"width:431px;height:auto\" srcset=\"https:\/\/adwokatura.krakow.pl\/adwokaci-i-aplikanci\/wp-content\/uploads\/sites\/2\/2025\/05\/DCqZur2NJG9Kr2DEaUVW09dIkGbzNkPgVV6CXVw1-1-768x1024.jpg 768w, https:\/\/adwokatura.krakow.pl\/adwokaci-i-aplikanci\/wp-content\/uploads\/sites\/2\/2025\/05\/DCqZur2NJG9Kr2DEaUVW09dIkGbzNkPgVV6CXVw1-1-225x300.jpg 225w, https:\/\/adwokatura.krakow.pl\/adwokaci-i-aplikanci\/wp-content\/uploads\/sites\/2\/2025\/05\/DCqZur2NJG9Kr2DEaUVW09dIkGbzNkPgVV6CXVw1-1-1152x1536.jpg 1152w, https:\/\/adwokatura.krakow.pl\/adwokaci-i-aplikanci\/wp-content\/uploads\/sites\/2\/2025\/05\/DCqZur2NJG9Kr2DEaUVW09dIkGbzNkPgVV6CXVw1-1.jpg 1200w\" sizes=\"auto, (max-width: 768px) 100vw, 768px\" \/><\/figure>\n\n\n\n<figure class=\"wp-block-image size-large is-resized\"><img loading=\"lazy\" decoding=\"async\" width=\"1024\" height=\"768\" src=\"https:\/\/adwokatura.krakow.pl\/adwokaci-i-aplikanci\/wp-content\/uploads\/sites\/2\/2025\/05\/GdlB0h07xSy5ulbej76tRD9DdKR0wXgXN44ENj5I-1-1024x768.jpg\" alt=\"\" class=\"wp-image-5905\" style=\"width:540px;height:auto\" srcset=\"https:\/\/adwokatura.krakow.pl\/adwokaci-i-aplikanci\/wp-content\/uploads\/sites\/2\/2025\/05\/GdlB0h07xSy5ulbej76tRD9DdKR0wXgXN44ENj5I-1-1024x768.jpg 1024w, https:\/\/adwokatura.krakow.pl\/adwokaci-i-aplikanci\/wp-content\/uploads\/sites\/2\/2025\/05\/GdlB0h07xSy5ulbej76tRD9DdKR0wXgXN44ENj5I-1-300x225.jpg 300w, https:\/\/adwokatura.krakow.pl\/adwokaci-i-aplikanci\/wp-content\/uploads\/sites\/2\/2025\/05\/GdlB0h07xSy5ulbej76tRD9DdKR0wXgXN44ENj5I-1-768x576.jpg 768w, https:\/\/adwokatura.krakow.pl\/adwokaci-i-aplikanci\/wp-content\/uploads\/sites\/2\/2025\/05\/GdlB0h07xSy5ulbej76tRD9DdKR0wXgXN44ENj5I-1-1536x1152.jpg 1536w, https:\/\/adwokatura.krakow.pl\/adwokaci-i-aplikanci\/wp-content\/uploads\/sites\/2\/2025\/05\/GdlB0h07xSy5ulbej76tRD9DdKR0wXgXN44ENj5I-1.jpg 1600w\" sizes=\"auto, (max-width: 1024px) 100vw, 1024px\" \/><\/figure>\n\n\n\n<figure class=\"wp-block-image size-large is-resized\"><img loading=\"lazy\" decoding=\"async\" width=\"1024\" height=\"768\" src=\"https:\/\/adwokatura.krakow.pl\/adwokaci-i-aplikanci\/wp-content\/uploads\/sites\/2\/2025\/05\/lfVRS59FEHc8jn0c2Egl1ht5JjJXJpEakUVuOKog-1-1024x768.jpg\" alt=\"\" class=\"wp-image-5906\" style=\"width:540px;height:auto\" srcset=\"https:\/\/adwokatura.krakow.pl\/adwokaci-i-aplikanci\/wp-content\/uploads\/sites\/2\/2025\/05\/lfVRS59FEHc8jn0c2Egl1ht5JjJXJpEakUVuOKog-1-1024x768.jpg 1024w, https:\/\/adwokatura.krakow.pl\/adwokaci-i-aplikanci\/wp-content\/uploads\/sites\/2\/2025\/05\/lfVRS59FEHc8jn0c2Egl1ht5JjJXJpEakUVuOKog-1-300x225.jpg 300w, https:\/\/adwokatura.krakow.pl\/adwokaci-i-aplikanci\/wp-content\/uploads\/sites\/2\/2025\/05\/lfVRS59FEHc8jn0c2Egl1ht5JjJXJpEakUVuOKog-1-768x576.jpg 768w, https:\/\/adwokatura.krakow.pl\/adwokaci-i-aplikanci\/wp-content\/uploads\/sites\/2\/2025\/05\/lfVRS59FEHc8jn0c2Egl1ht5JjJXJpEakUVuOKog-1-1536x1152.jpg 1536w, https:\/\/adwokatura.krakow.pl\/adwokaci-i-aplikanci\/wp-content\/uploads\/sites\/2\/2025\/05\/lfVRS59FEHc8jn0c2Egl1ht5JjJXJpEakUVuOKog-1.jpg 2048w\" sizes=\"auto, (max-width: 1024px) 100vw, 1024px\" \/><\/figure>\n\n\n<div class=\"zalaczniki\">\n    \n    <div class=\"zalaczniki__wrap\">\n                        <div class=\"zalaczniki__single\">\n                <div class=\"zalaczniki__first\">\n                    <p class=\"zalaczniki__title\">\n                                                    WYNIKI                                            <\/p>\n                    <p class=\"zalaczniki__file-name\">\n                                                    wyniki.doc                                            <\/p>\n                <\/div>\n                <div class=\"zalaczniki__middle\">\n                                        <a href=\"https:\/\/adwokatura.krakow.pl\/adwokaci-i-aplikanci\/wp-content\/uploads\/sites\/2\/2025\/05\/wyniki.doc\">Zobacz plik<\/a>\n                                    <\/div>\n                <div class=\"zalaczniki__last\">\n                                        <a download href=\"https:\/\/adwokatura.krakow.pl\/adwokaci-i-aplikanci\/wp-content\/uploads\/sites\/2\/2025\/05\/wyniki.doc\">\n                            <img decoding=\"async\" src=\"https:\/\/adwokatura.krakow.pl\/adwokaci-i-aplikanci\/wp-content\/themes\/kia\/dist\/images\/download.svg\" alt=\"download\">\n                        <\/a>\n                                    <\/div>\n               \n            <\/div>\n                <\/div>\n<\/div>","protected":false},"excerpt":{"rendered":"<p>Turniej rozpocz\u0105\u0142 si\u0119 od przem\u00f3wienia Dziekana Okr\u0119gowej Rady Adwokackiej w Krakowie. Aleksander Gut powita\u0142 wszystkie zespo\u0142y, przedstawi\u0142 sponsor\u00f3w turnieju i oficjalnie otworzy\u0142 zawody. Nast\u0119pnie zabra\u0142 g\u0142os Wicedziekan Dariusz Gradzi, kt\u00f3ry witaj\u0105c zgromadzone dru\u017cyny, nawi\u0105za\u0142 do swojego uczestnictwa w adwokackich zawodach pi\u0142karskich, pocz\u0105wszy od 2008 roku. Wszyscy zawodnicy otrzymali pami\u0105tki od Okr\u0119gowej Rady Adwokackiej w Krakowie. [&hellip;]<\/p>\n","protected":false},"author":9,"featured_media":0,"comment_status":"closed","ping_status":"closed","sticky":false,"template":"","format":"standard","meta":{"_acf_changed":false,"inline_featured_image":false,"footnotes":""},"categories":[6],"tags":[],"class_list":["post-5900","post","type-post","status-publish","format-standard","hentry","category-artykuly"],"acf":[],"_links":{"self":[{"href":"https:\/\/adwokatura.krakow.pl\/adwokaci-i-aplikanci\/wp-json\/wp\/v2\/posts\/5900","targetHints":{"allow":["GET"]}}],"collection":[{"href":"https:\/\/adwokatura.krakow.pl\/adwokaci-i-aplikanci\/wp-json\/wp\/v2\/posts"}],"about":[{"href":"https:\/\/adwokatura.krakow.pl\/adwokaci-i-aplikanci\/wp-json\/wp\/v2\/types\/post"}],"author":[{"embeddable":true,"href":"https:\/\/adwokatura.krakow.pl\/adwokaci-i-aplikanci\/wp-json\/wp\/v2\/users\/9"}],"replies":[{"embeddable":true,"href":"https:\/\/adwokatura.krakow.pl\/adwokaci-i-aplikanci\/wp-json\/wp\/v2\/comments?post=5900"}],"version-history":[{"count":2,"href":"https:\/\/adwokatura.krakow.pl\/adwokaci-i-aplikanci\/wp-json\/wp\/v2\/posts\/5900\/revisions"}],"predecessor-version":[{"id":5909,"href":"https:\/\/adwokatura.krakow.pl\/adwokaci-i-aplikanci\/wp-json\/wp\/v2\/posts\/5900\/revisions\/5909"}],"wp:attachment":[{"href":"https:\/\/adwokatura.krakow.pl\/adwokaci-i-aplikanci\/wp-json\/wp\/v2\/media?parent=5900"}],"wp:term":[{"taxonomy":"category","embeddable":true,"href":"https:\/\/adwokatura.krakow.pl\/adwokaci-i-aplikanci\/wp-json\/wp\/v2\/categories?post=5900"},{"taxonomy":"post_tag","embeddable":true,"href":"https:\/\/adwokatura.krakow.pl\/adwokaci-i-aplikanci\/wp-json\/wp\/v2\/tags?post=5900"}],"curies":[{"name":"wp","href":"https:\/\/api.w.org\/{rel}","templated":true}]}}