{"id":5926,"date":"2025-05-21T11:02:02","date_gmt":"2025-05-21T09:02:02","guid":{"rendered":"https:\/\/adwokatura.krakow.pl\/adwokaci-i-aplikanci\/?p=5926"},"modified":"2025-05-21T11:02:02","modified_gmt":"2025-05-21T09:02:02","slug":"dzien-wymiaru-sprawiedliwosci","status":"publish","type":"post","link":"https:\/\/adwokatura.krakow.pl\/adwokaci-i-aplikanci\/dzien-wymiaru-sprawiedliwosci\/","title":{"rendered":"Dzie\u0144 Wymiaru Sprawiedliwo\u015bci"},"content":{"rendered":"\n<figure class=\"wp-block-image size-large is-resized\"><img loading=\"lazy\" decoding=\"async\" width=\"724\" height=\"1024\" src=\"https:\/\/adwokatura.krakow.pl\/adwokaci-i-aplikanci\/wp-content\/uploads\/sites\/2\/2025\/05\/plakat-dzien-wymaru-sprawiedliwosci-724x1024.jpg\" alt=\"\" class=\"wp-image-5927\" style=\"width:344px;height:auto\" srcset=\"https:\/\/adwokatura.krakow.pl\/adwokaci-i-aplikanci\/wp-content\/uploads\/sites\/2\/2025\/05\/plakat-dzien-wymaru-sprawiedliwosci-724x1024.jpg 724w, https:\/\/adwokatura.krakow.pl\/adwokaci-i-aplikanci\/wp-content\/uploads\/sites\/2\/2025\/05\/plakat-dzien-wymaru-sprawiedliwosci-212x300.jpg 212w, https:\/\/adwokatura.krakow.pl\/adwokaci-i-aplikanci\/wp-content\/uploads\/sites\/2\/2025\/05\/plakat-dzien-wymaru-sprawiedliwosci-768x1086.jpg 768w, https:\/\/adwokatura.krakow.pl\/adwokaci-i-aplikanci\/wp-content\/uploads\/sites\/2\/2025\/05\/plakat-dzien-wymaru-sprawiedliwosci-1086x1536.jpg 1086w, https:\/\/adwokatura.krakow.pl\/adwokaci-i-aplikanci\/wp-content\/uploads\/sites\/2\/2025\/05\/plakat-dzien-wymaru-sprawiedliwosci-1448x2048.jpg 1448w, https:\/\/adwokatura.krakow.pl\/adwokaci-i-aplikanci\/wp-content\/uploads\/sites\/2\/2025\/05\/plakat-dzien-wymaru-sprawiedliwosci-scaled.jpg 1811w\" sizes=\"auto, (max-width: 724px) 100vw, 724px\" \/><\/figure>\n\n\n\n<p>23 maja 2025 r. obchodzimy Mi\u0119dzynarodowy Dzie\u0144 Wymiaru Sprawiedliwo\u015bci. Inicjatorem ustanowienia obchod\u00f3w jest Stowarzyszenie \u201eEuropejscy S\u0119dziowie i Prokuratorzy dla Demokracji i Wolno\u015bci\u201d MEDEL, a w Polsce&nbsp;Stowarzyszenie S\u0119dzi\u00f3w Polskich \u201eIustitia\u201d.<\/p>\n\n\n\n<p>\u015awi\u0119to to upami\u0119tnia rocznic\u0119 \u015bmierci Giovanni Falcone, wybitnego w\u0142oskiego s\u0119dziego \u015bledczego, kt\u00f3ry po\u015bwi\u0119ci\u0142 swoje \u017cycie walce z mafi\u0105 i przest\u0119pczo\u015bci\u0105 zorganizowan\u0105. Jego odwaga, niez\u0142omno\u015b\u0107 i oddanie si\u0119 sprawiedliwo\u015bci s\u0105 inspiracj\u0105 dla nas wszystkich. W tym dniu pami\u0119tamy o jego dziedzictwie i o tym, jak jego dzia\u0142ania przyczyni\u0142y si\u0119 do walki o praworz\u0105dno\u015b\u0107 i bezpiecze\u0144stwo spo\u0142ecze\u0144stwa. Rocznica ta przypomina nam o potrzebie niezale\u017cno\u015bci s\u0105d\u00f3w i transparentno\u015bci w dzia\u0142aniu wymiaru sprawiedliwo\u015bci.<\/p>\n\n\n\n<p>S\u0105d Apelacyjny w Warszawie, w\u0142\u0105czaj\u0105c si\u0119 w obchody Dnia Wymiaru Sprawiedliwo\u015bci, &nbsp;zaprasza wszystkich zainteresowanych bezp\u0142atnymi poradami prawnymi, kt\u00f3re b\u0119d\u0105 udzielane 23 maja 2025 r. w godzinach 10.00 \u2013 14.00 w siedzibie S\u0105du przy pl. Krasi\u0144skich 2\/4\/6 przez radc\u00f3w prawnych z Okr\u0119gowej Izby Radc\u00f3w Prawnych w Warszawie.<\/p>\n","protected":false},"excerpt":{"rendered":"<p>23 maja 2025 r. obchodzimy Mi\u0119dzynarodowy Dzie\u0144 Wymiaru Sprawiedliwo\u015bci. Inicjatorem ustanowienia obchod\u00f3w jest Stowarzyszenie \u201eEuropejscy S\u0119dziowie i Prokuratorzy dla Demokracji i Wolno\u015bci\u201d MEDEL, a w Polsce&nbsp;Stowarzyszenie S\u0119dzi\u00f3w Polskich \u201eIustitia\u201d. \u015awi\u0119to to upami\u0119tnia rocznic\u0119 \u015bmierci Giovanni Falcone, wybitnego w\u0142oskiego s\u0119dziego \u015bledczego, kt\u00f3ry po\u015bwi\u0119ci\u0142 swoje \u017cycie walce z mafi\u0105 i przest\u0119pczo\u015bci\u0105 zorganizowan\u0105. Jego odwaga, niez\u0142omno\u015b\u0107 i oddanie [&hellip;]<\/p>\n","protected":false},"author":9,"featured_media":0,"comment_status":"closed","ping_status":"closed","sticky":false,"template":"","format":"standard","meta":{"_acf_changed":false,"inline_featured_image":false,"footnotes":""},"categories":[6],"tags":[],"class_list":["post-5926","post","type-post","status-publish","format-standard","hentry","category-artykuly"],"acf":[],"_links":{"self":[{"href":"https:\/\/adwokatura.krakow.pl\/adwokaci-i-aplikanci\/wp-json\/wp\/v2\/posts\/5926","targetHints":{"allow":["GET"]}}],"collection":[{"href":"https:\/\/adwokatura.krakow.pl\/adwokaci-i-aplikanci\/wp-json\/wp\/v2\/posts"}],"about":[{"href":"https:\/\/adwokatura.krakow.pl\/adwokaci-i-aplikanci\/wp-json\/wp\/v2\/types\/post"}],"author":[{"embeddable":true,"href":"https:\/\/adwokatura.krakow.pl\/adwokaci-i-aplikanci\/wp-json\/wp\/v2\/users\/9"}],"replies":[{"embeddable":true,"href":"https:\/\/adwokatura.krakow.pl\/adwokaci-i-aplikanci\/wp-json\/wp\/v2\/comments?post=5926"}],"version-history":[{"count":1,"href":"https:\/\/adwokatura.krakow.pl\/adwokaci-i-aplikanci\/wp-json\/wp\/v2\/posts\/5926\/revisions"}],"predecessor-version":[{"id":5928,"href":"https:\/\/adwokatura.krakow.pl\/adwokaci-i-aplikanci\/wp-json\/wp\/v2\/posts\/5926\/revisions\/5928"}],"wp:attachment":[{"href":"https:\/\/adwokatura.krakow.pl\/adwokaci-i-aplikanci\/wp-json\/wp\/v2\/media?parent=5926"}],"wp:term":[{"taxonomy":"category","embeddable":true,"href":"https:\/\/adwokatura.krakow.pl\/adwokaci-i-aplikanci\/wp-json\/wp\/v2\/categories?post=5926"},{"taxonomy":"post_tag","embeddable":true,"href":"https:\/\/adwokatura.krakow.pl\/adwokaci-i-aplikanci\/wp-json\/wp\/v2\/tags?post=5926"}],"curies":[{"name":"wp","href":"https:\/\/api.w.org\/{rel}","templated":true}]}}