{"id":5977,"date":"2025-06-12T12:57:00","date_gmt":"2025-06-12T10:57:00","guid":{"rendered":"https:\/\/adwokatura.krakow.pl\/adwokaci-i-aplikanci\/?p=5977"},"modified":"2025-06-12T12:57:02","modified_gmt":"2025-06-12T10:57:02","slug":"studia-podyplomowe-master-of-laws-ll-m","status":"publish","type":"post","link":"https:\/\/adwokatura.krakow.pl\/adwokaci-i-aplikanci\/studia-podyplomowe-master-of-laws-ll-m\/","title":{"rendered":"Studia podyplomowe &#8211; MASTER OF LAWS (LL.M.)"},"content":{"rendered":"\n<p>&#8222;<em>W zwi\u0105zku z przyznaniem naukom prawnym kategorii A w procedurze ewaluacji dyscyplin naukowych sytuuj\u0105cej Wydzia\u0142 Prawa i Ekonomii Uniwersytetu Jana D\u0142ugosza w Cz\u0119stochowie w kr\u0119gu elitarnych o\u015brodk\u00f3w akademickich w Polsce prowadz\u0105cych kszta\u0142cenie w tej dyscyplinie, WPiE UJD nieustannie podejmuje r\u00f3\u017cne inicjatywy dydaktyczne oraz permanentnie rozwija ofert\u0119 studi\u00f3w podyplomowych. Aktualnie Uczelnia rozpoczyna nab\u00f3r na niestacjonarne 2-semestralne studia podyplomowe Master of Laws (LL.M.), kt\u00f3re w znacznej mierze b\u0119d\u0105 realizowane w spos\u00f3b zdalny przy pomocy technik komunikowania si\u0119 na odleg\u0142o\u015b\u0107. Studia b\u0119d\u0105 prowadzone w j\u0119zyku polskim.<\/em>&#8222;<\/p>\n\n\n\n<p><a href=\"https:\/\/www.wpie.ujd.edu.pl\/pl\/artykul\/596\/2078\/master-of-laws-ll-m\">\u017ar\u00f3d\u0142o:<\/a><\/p>\n\n\n<a class=\"button button--zielony-ze-strzalka\" href=\"https:\/\/www.wpie.ujd.edu.pl\/pl\/artykul\/596\/2078\/master-of-laws-ll-m\">\n        Czytaj wi\u0119cej<\/a>\n\n\n\n<p><\/p>\n","protected":false},"excerpt":{"rendered":"<p>&#8222;W zwi\u0105zku z przyznaniem naukom prawnym kategorii A w procedurze ewaluacji dyscyplin naukowych sytuuj\u0105cej Wydzia\u0142 Prawa i Ekonomii Uniwersytetu Jana D\u0142ugosza w Cz\u0119stochowie w kr\u0119gu elitarnych o\u015brodk\u00f3w akademickich w Polsce prowadz\u0105cych kszta\u0142cenie w tej dyscyplinie, WPiE UJD nieustannie podejmuje r\u00f3\u017cne inicjatywy dydaktyczne oraz permanentnie rozwija ofert\u0119 studi\u00f3w podyplomowych. Aktualnie Uczelnia rozpoczyna nab\u00f3r na niestacjonarne 2-semestralne [&hellip;]<\/p>\n","protected":false},"author":9,"featured_media":0,"comment_status":"closed","ping_status":"closed","sticky":false,"template":"","format":"standard","meta":{"_acf_changed":false,"inline_featured_image":false,"footnotes":""},"categories":[6],"tags":[],"class_list":["post-5977","post","type-post","status-publish","format-standard","hentry","category-artykuly"],"acf":[],"_links":{"self":[{"href":"https:\/\/adwokatura.krakow.pl\/adwokaci-i-aplikanci\/wp-json\/wp\/v2\/posts\/5977","targetHints":{"allow":["GET"]}}],"collection":[{"href":"https:\/\/adwokatura.krakow.pl\/adwokaci-i-aplikanci\/wp-json\/wp\/v2\/posts"}],"about":[{"href":"https:\/\/adwokatura.krakow.pl\/adwokaci-i-aplikanci\/wp-json\/wp\/v2\/types\/post"}],"author":[{"embeddable":true,"href":"https:\/\/adwokatura.krakow.pl\/adwokaci-i-aplikanci\/wp-json\/wp\/v2\/users\/9"}],"replies":[{"embeddable":true,"href":"https:\/\/adwokatura.krakow.pl\/adwokaci-i-aplikanci\/wp-json\/wp\/v2\/comments?post=5977"}],"version-history":[{"count":1,"href":"https:\/\/adwokatura.krakow.pl\/adwokaci-i-aplikanci\/wp-json\/wp\/v2\/posts\/5977\/revisions"}],"predecessor-version":[{"id":5978,"href":"https:\/\/adwokatura.krakow.pl\/adwokaci-i-aplikanci\/wp-json\/wp\/v2\/posts\/5977\/revisions\/5978"}],"wp:attachment":[{"href":"https:\/\/adwokatura.krakow.pl\/adwokaci-i-aplikanci\/wp-json\/wp\/v2\/media?parent=5977"}],"wp:term":[{"taxonomy":"category","embeddable":true,"href":"https:\/\/adwokatura.krakow.pl\/adwokaci-i-aplikanci\/wp-json\/wp\/v2\/categories?post=5977"},{"taxonomy":"post_tag","embeddable":true,"href":"https:\/\/adwokatura.krakow.pl\/adwokaci-i-aplikanci\/wp-json\/wp\/v2\/tags?post=5977"}],"curies":[{"name":"wp","href":"https:\/\/api.w.org\/{rel}","templated":true}]}}