{"id":5999,"date":"2025-07-02T11:45:57","date_gmt":"2025-07-02T09:45:57","guid":{"rendered":"https:\/\/adwokatura.krakow.pl\/adwokaci-i-aplikanci\/?p=5999"},"modified":"2025-07-02T11:45:58","modified_gmt":"2025-07-02T09:45:58","slug":"realizacja-obowiazku-doskonalenia-zawodowego-szkolenia-wolters-kluwer","status":"publish","type":"post","link":"https:\/\/adwokatura.krakow.pl\/adwokaci-i-aplikanci\/realizacja-obowiazku-doskonalenia-zawodowego-szkolenia-wolters-kluwer\/","title":{"rendered":"Realizacja obowi\u0105zku doskonalenia zawodowego &#8211; szkolenia Wolters Kluwer"},"content":{"rendered":"\n<p><strong>Realizacja obowi\u0105zku doskonalenia zawodowego tak\u017ce przez szkolenia Wolters Kluwer.<\/strong><\/p>\n\n\n\n<p>Naczelna Rada Adwokacka i Wolters Kluwer Polska nawi\u0105za\u0142y wsp\u00f3\u0142prac\u0119, dzi\u0119ki kt\u00f3rej obowi\u0105zek doskonalenia zawodowego adwokaci b\u0119d\u0105 mogli realizowa\u0107 r\u00f3wnie\u017c dzi\u0119ki szkoleniom Wolters Kluwer.<\/p>\n\n\n\n<p>Informujemy o rozpocz\u0119ciu kolejnego etapu wsp\u00f3\u0142pracy pomi\u0119dzy Naczeln\u0105 Rad\u0105 Adwokack\u0105 a Wolters Kluwer Polska, dostawc\u0105 m.in. systemu LEX. Dzi\u0119ki temu b\u0119dziemy mogli wsp\u00f3lnie poszerza\u0107 wiedz\u0119 adwokatek i adwokat\u00f3w poprzez dostarczanie warto\u015bciowych materia\u0142\u00f3w edukacyjnych.<\/p>\n\n\n\n<p>Jednym z wa\u017cnych element\u00f3w tej wsp\u00f3\u0142pracy jest mo\u017cliwo\u015b\u0107 realizacji obowi\u0105zku doskonalenia zawodowego. B\u0119dzie to mo\u017cliwe na 2 sposoby &#8211; udzia\u0142 w szkoleniu lub obejrzenie wybranego nagrania z webinaru Wolters Kluwer. W obu przypadkach koniecznym warunkiem zdobycia certyfikatu b\u0119dzie osi\u0105gni\u0119cie pozytywnego wyniku testu wiedzy dost\u0119pnego w produkcie LEX.<\/p>\n\n\n\n<p>Dodatkowo jako Naczelna Rada Adwokacka b\u0119dziemy Pa\u0144stwu udost\u0119pnia\u0107 nagrania wybranych szkole\u0144 Wolters Kluwer na platformie e-Palestra.&nbsp; Wierzymy, \u017ce eksperckie webinary b\u0119d\u0105 nie tylko pomocne, ale r\u00f3wnie\u017c umo\u017cliwi\u0105 Pa\u0144stwu spe\u0142nienie obowi\u0105zku doskonalenia zawodowego.<\/p>\n\n\n\n<p>Do skorzystania z propozycji zach\u0119camy zar\u00f3wno u\u017cytkownik\u00f3w rozwi\u0105za\u0144 Wolters Kluwer, jak i osoby z nich niekorzystaj\u0105ce.<\/p>\n\n\n\n<p>Aby skorzysta\u0107 z oferty szkoleniowej, zapraszamy do odwiedzenia platformy e-Palestra, gdzie znajdziecie Pa\u0144stwo szczeg\u00f3\u0142owe informacje.<\/p>\n\n\n\n<p><strong>Szkolenia Wolters Kluwer na platformie e-palestra:<\/strong><\/p>\n\n\n\n<p>SSR Monika Bia\u0142a<\/p>\n\n\n\n<p><strong>Zaskar\u017canie orzecze\u0144 &#8211; zasady i praktyka post\u0119powania odwo\u0142awczego<\/strong><\/p>\n\n\n\n<p><a href=\"https:\/\/palestra.pl\/pl\/e-palestra\/70\/2025\/zaskarzanie-orzeczen-zasady-i-praktyka-postepowania-odwolawczego\">Zaskar\u017canie orzecze\u0144 &#8211; zasady i praktyka post\u0119powania odwo\u0142awczego &#8211; E-Palestra &#8211; Wyk\u0142ady wideo | Palestra<\/a><\/p>\n\n\n\n<p>dr Miros\u0142aw Gumularz&nbsp;<\/p>\n\n\n\n<p><strong>Data Act a RODO &#8211; czy akt o danych tworzy r\u00f3wnoleg\u0142y do RODO system ochrony danych?<\/strong><\/p>\n\n\n\n<p><a href=\"https:\/\/palestra.pl\/pl\/e-palestra\/71\/2025\/data-act-a-rodo-czy-akt-o-danych-tworzy-rownolegly-do-rodo-system-ochrony-danych\">Data Act a RODO &#8211; czy akt o danych tworzy r\u00f3wnoleg\u0142y do RODO system ochrony danych? &#8211; E-Palestra &#8211; Wyk\u0142ady wideo | Palestra<\/a><\/p>\n\n\n<div class=\"zalaczniki\">\n    \n    <div class=\"zalaczniki__wrap\">\n                        <div class=\"zalaczniki__single\">\n                <div class=\"zalaczniki__first\">\n                    <p class=\"zalaczniki__title\">\n                                                    ULOTKA                                            <\/p>\n                    <p class=\"zalaczniki__file-name\">\n                                                    Ulotka.pdf                                            <\/p>\n                <\/div>\n                <div class=\"zalaczniki__middle\">\n                                        <a href=\"https:\/\/adwokatura.krakow.pl\/adwokaci-i-aplikanci\/wp-content\/uploads\/sites\/2\/2025\/07\/Ulotka.pdf\">Zobacz plik<\/a>\n                                    <\/div>\n                <div class=\"zalaczniki__last\">\n                                        <a download href=\"https:\/\/adwokatura.krakow.pl\/adwokaci-i-aplikanci\/wp-content\/uploads\/sites\/2\/2025\/07\/Ulotka.pdf\">\n                            <img decoding=\"async\" src=\"https:\/\/adwokatura.krakow.pl\/adwokaci-i-aplikanci\/wp-content\/themes\/kia\/dist\/images\/download.svg\" alt=\"download\">\n                        <\/a>\n                                    <\/div>\n               \n            <\/div>\n                <\/div>\n<\/div>\n\n\n<p><em>Serdecznie zapraszamy<\/em><\/p>\n\n\n\n<p><em>Komisja Doskonalenia Zawodowego Naczelnej Rady Adwokackiej<\/em><\/p>\n\n\n\n<p>NACZELNA RADA ADWOKACKA<\/p>\n\n\n\n<p>ul. \u015awi\u0119tojerska 16, 00-202 Warszawa<\/p>\n\n\n\n<p>tel. +48 22&nbsp;505 25 03<\/p>\n\n\n\n<p><\/p>\n","protected":false},"excerpt":{"rendered":"<p>Realizacja obowi\u0105zku doskonalenia zawodowego tak\u017ce przez szkolenia Wolters Kluwer. Naczelna Rada Adwokacka i Wolters Kluwer Polska nawi\u0105za\u0142y wsp\u00f3\u0142prac\u0119, dzi\u0119ki kt\u00f3rej obowi\u0105zek doskonalenia zawodowego adwokaci b\u0119d\u0105 mogli realizowa\u0107 r\u00f3wnie\u017c dzi\u0119ki szkoleniom Wolters Kluwer. Informujemy o rozpocz\u0119ciu kolejnego etapu wsp\u00f3\u0142pracy pomi\u0119dzy Naczeln\u0105 Rad\u0105 Adwokack\u0105 a Wolters Kluwer Polska, dostawc\u0105 m.in. systemu LEX. Dzi\u0119ki temu b\u0119dziemy mogli wsp\u00f3lnie [&hellip;]<\/p>\n","protected":false},"author":9,"featured_media":0,"comment_status":"closed","ping_status":"closed","sticky":false,"template":"","format":"standard","meta":{"_acf_changed":false,"inline_featured_image":false,"footnotes":""},"categories":[6],"tags":[],"class_list":["post-5999","post","type-post","status-publish","format-standard","hentry","category-artykuly"],"acf":[],"_links":{"self":[{"href":"https:\/\/adwokatura.krakow.pl\/adwokaci-i-aplikanci\/wp-json\/wp\/v2\/posts\/5999","targetHints":{"allow":["GET"]}}],"collection":[{"href":"https:\/\/adwokatura.krakow.pl\/adwokaci-i-aplikanci\/wp-json\/wp\/v2\/posts"}],"about":[{"href":"https:\/\/adwokatura.krakow.pl\/adwokaci-i-aplikanci\/wp-json\/wp\/v2\/types\/post"}],"author":[{"embeddable":true,"href":"https:\/\/adwokatura.krakow.pl\/adwokaci-i-aplikanci\/wp-json\/wp\/v2\/users\/9"}],"replies":[{"embeddable":true,"href":"https:\/\/adwokatura.krakow.pl\/adwokaci-i-aplikanci\/wp-json\/wp\/v2\/comments?post=5999"}],"version-history":[{"count":1,"href":"https:\/\/adwokatura.krakow.pl\/adwokaci-i-aplikanci\/wp-json\/wp\/v2\/posts\/5999\/revisions"}],"predecessor-version":[{"id":6001,"href":"https:\/\/adwokatura.krakow.pl\/adwokaci-i-aplikanci\/wp-json\/wp\/v2\/posts\/5999\/revisions\/6001"}],"wp:attachment":[{"href":"https:\/\/adwokatura.krakow.pl\/adwokaci-i-aplikanci\/wp-json\/wp\/v2\/media?parent=5999"}],"wp:term":[{"taxonomy":"category","embeddable":true,"href":"https:\/\/adwokatura.krakow.pl\/adwokaci-i-aplikanci\/wp-json\/wp\/v2\/categories?post=5999"},{"taxonomy":"post_tag","embeddable":true,"href":"https:\/\/adwokatura.krakow.pl\/adwokaci-i-aplikanci\/wp-json\/wp\/v2\/tags?post=5999"}],"curies":[{"name":"wp","href":"https:\/\/api.w.org\/{rel}","templated":true}]}}