{"id":6002,"date":"2025-07-02T14:14:37","date_gmt":"2025-07-02T12:14:37","guid":{"rendered":"https:\/\/adwokatura.krakow.pl\/adwokaci-i-aplikanci\/?p=6002"},"modified":"2025-07-02T14:14:38","modified_gmt":"2025-07-02T12:14:38","slug":"komunikat-portal-informacyjny","status":"publish","type":"post","link":"https:\/\/adwokatura.krakow.pl\/adwokaci-i-aplikanci\/komunikat-portal-informacyjny\/","title":{"rendered":"Komunikat &#8211; Portal Informacyjny"},"content":{"rendered":"\n<p>Szanowne Kole\u017canki i Szanowni Koledzy,<br><br>Zostali\u015bmy ponownie do\u015bwiadczeni Portalem Informacyjnym. Bardzo prosz\u0119 o sprawdzenie nieodleg\u0142ych termin\u00f3w s\u0105dowych, tak rozpraw, jak i dor\u0119cze\u0144, kt\u00f3rych Pa\u0144stwo nie odebrali\u015bcie (o ile jeste\u015bcie Pa\u0144stwo w stanie ustali\u0107 te sprawy, w kt\u00f3rych oczekuje \u201eawizo\u201d).<br>Prosz\u0119 wzi\u0105\u0107 pod uwag\u0119, \u017ce sprawy prywatne zosta\u0142y niejednokrotnie wymieszane ze sprawami, kt\u00f3re winny by\u0107 przypisane do profilu pe\u0142nomocnika zawodowego. Nie ma pewno\u015bci na jakim profilu znajdzie si\u0119 dana sprawa. Znikn\u0119\u0142y te\u017c niekt\u00f3re dor\u0119czenia. Dzisiaj nie jest wiadome czy fakt, \u017ce znikn\u0119\u0142y b\u0119dzie mia\u0142 znaczenie dla ich automatycznego uznania za dor\u0119czone po up\u0142ywie 14 dni. Szczeg\u00f3lnie prosz\u0119 zwr\u00f3ci\u0107 uwag\u0119 na zbli\u017caj\u0105ce si\u0119 terminy w Wydziale Cywilnym S\u0105du Okr\u0119gowego w Krakowie. Wydzia\u0142 ten uleg\u0142 podzia\u0142owi na wydzia\u0142y I i VIII. Z tej przyczyny niekt\u00f3re sprawy s\u0105 wykazywane jako zako\u0144czone, niekt\u00f3re znikn\u0119\u0142y, sekretariaty staraj\u0105 si\u0119 wprowadzi\u0107 porz\u0105dek, co utrudniaj\u0105 im niedawne zmiany w Portalu Informacyjnym. Z rozmowy z zarz\u0105dzaj\u0105c\u0105 sprawami portalu informacyjnego jednostk\u0105 we Wroc\u0142awiu wynika, \u017ce zmiany portalu rzeczywi\u015bcie przynios\u0142y b\u0142\u0119dy. Natomiast najistotniejsze, \u017ce migracja mog\u0142a si\u0119 jeszcze fizycznie nie zako\u0144czy\u0107 tzn. nie zosta\u0142y przegrane wszystkie dane mi\u0119dzy serwerami. Powinno to nast\u0105pi\u0107 do ko\u0144ca tygodnia.<br>Pan Prezes S\u0105du Apelacyjnego w Krakowie wie o tych problemach, za kt\u00f3re (poza podzia\u0142em I Wydzia\u0142u Cywilnego SO) odpowiada apelacja wroc\u0142awska. Jakkolwiek poinformowano mnie, \u017ce do ko\u0144ca tygodnia wszystko winno wr\u00f3ci\u0107 do normy, to kieruj\u0105c si\u0119 zaufaniem adekwatnym do fachowo\u015bci wprowadzania zmian prosi\u0142bym o przegl\u0105d spraw.<br><br>Z powa\u017caniem,<br><em>Marcin Kosiorkiewicz<\/em><\/p>\n","protected":false},"excerpt":{"rendered":"<p>Szanowne Kole\u017canki i Szanowni Koledzy, Zostali\u015bmy ponownie do\u015bwiadczeni Portalem Informacyjnym. Bardzo prosz\u0119 o sprawdzenie nieodleg\u0142ych termin\u00f3w s\u0105dowych, tak rozpraw, jak i dor\u0119cze\u0144, kt\u00f3rych Pa\u0144stwo nie odebrali\u015bcie (o ile jeste\u015bcie Pa\u0144stwo w stanie ustali\u0107 te sprawy, w kt\u00f3rych oczekuje \u201eawizo\u201d).Prosz\u0119 wzi\u0105\u0107 pod uwag\u0119, \u017ce sprawy prywatne zosta\u0142y niejednokrotnie wymieszane ze sprawami, kt\u00f3re winny by\u0107 przypisane do [&hellip;]<\/p>\n","protected":false},"author":9,"featured_media":0,"comment_status":"closed","ping_status":"closed","sticky":false,"template":"","format":"standard","meta":{"_acf_changed":false,"inline_featured_image":false,"footnotes":""},"categories":[6],"tags":[],"class_list":["post-6002","post","type-post","status-publish","format-standard","hentry","category-artykuly"],"acf":[],"_links":{"self":[{"href":"https:\/\/adwokatura.krakow.pl\/adwokaci-i-aplikanci\/wp-json\/wp\/v2\/posts\/6002","targetHints":{"allow":["GET"]}}],"collection":[{"href":"https:\/\/adwokatura.krakow.pl\/adwokaci-i-aplikanci\/wp-json\/wp\/v2\/posts"}],"about":[{"href":"https:\/\/adwokatura.krakow.pl\/adwokaci-i-aplikanci\/wp-json\/wp\/v2\/types\/post"}],"author":[{"embeddable":true,"href":"https:\/\/adwokatura.krakow.pl\/adwokaci-i-aplikanci\/wp-json\/wp\/v2\/users\/9"}],"replies":[{"embeddable":true,"href":"https:\/\/adwokatura.krakow.pl\/adwokaci-i-aplikanci\/wp-json\/wp\/v2\/comments?post=6002"}],"version-history":[{"count":1,"href":"https:\/\/adwokatura.krakow.pl\/adwokaci-i-aplikanci\/wp-json\/wp\/v2\/posts\/6002\/revisions"}],"predecessor-version":[{"id":6003,"href":"https:\/\/adwokatura.krakow.pl\/adwokaci-i-aplikanci\/wp-json\/wp\/v2\/posts\/6002\/revisions\/6003"}],"wp:attachment":[{"href":"https:\/\/adwokatura.krakow.pl\/adwokaci-i-aplikanci\/wp-json\/wp\/v2\/media?parent=6002"}],"wp:term":[{"taxonomy":"category","embeddable":true,"href":"https:\/\/adwokatura.krakow.pl\/adwokaci-i-aplikanci\/wp-json\/wp\/v2\/categories?post=6002"},{"taxonomy":"post_tag","embeddable":true,"href":"https:\/\/adwokatura.krakow.pl\/adwokaci-i-aplikanci\/wp-json\/wp\/v2\/tags?post=6002"}],"curies":[{"name":"wp","href":"https:\/\/api.w.org\/{rel}","templated":true}]}}