{"id":6016,"date":"2025-07-07T13:34:38","date_gmt":"2025-07-07T11:34:38","guid":{"rendered":"https:\/\/adwokatura.krakow.pl\/adwokaci-i-aplikanci\/?p=6016"},"modified":"2025-07-07T13:34:39","modified_gmt":"2025-07-07T11:34:39","slug":"komunikat-dot-systemu-portalu-sadow-powszechnych","status":"publish","type":"post","link":"https:\/\/adwokatura.krakow.pl\/adwokaci-i-aplikanci\/komunikat-dot-systemu-portalu-sadow-powszechnych\/","title":{"rendered":"KOMUNIKAT dot. systemu Portalu S\u0105d\u00f3w Powszechnych"},"content":{"rendered":"\n<p>Szanowni Pa\u0144stwo<\/p>\n\n\n\n<p><br>Dziekan Aleksander Gut informuje, w \u015blad za dzisiejsz\u0105 rozmow\u0105 z Panem Prezesem S\u0105du Okr\u0119gowego w Krakowie S\u0119dzi\u0105 Januszem Kawa\u0142kiem, \u017ce S\u0105d Okr\u0119gowy w Krakowie na skutek zg\u0142osze\u0144 i uwag dotycz\u0105cych skutk\u00f3w wprowadzenia integracji systemu Portalu S\u0105d\u00f3w Powszechnych, w zakresie traktowania Kole\u017canek i Koleg\u00f3w za pe\u0142nomocnik\u00f3w lub za stron\u0119, uwzgl\u0119dni\u0142 wszystkie uprzednie reklamacje. Prosz\u0119 zatem o zweryfikowanie, czy istotnie jeste\u015bmy \u201etraktowani\u201d przez portal jako pe\u0142nomocnicy zawodowi b\u0105d\u017a te\u017c czy posiadamy dost\u0119p do wszystkich spraw prowadzonych dla klient\u00f3w. W przypadku jakichkolwiek trudno\u015bci czy b\u0142\u0119d\u00f3w, prosz\u0119 o informacj\u0119 do sekretariatu Izby, kt\u00f3re nast\u0119pnie prze\u015blemy do S\u0105du.<\/p>\n\n\n\n<p><br><em>Dziekan adw. Aleksander Gut<\/em><\/p>\n\n\n\n<figure class=\"wp-block-image size-large is-resized\"><img loading=\"lazy\" decoding=\"async\" width=\"1024\" height=\"1024\" src=\"https:\/\/adwokatura.krakow.pl\/adwokaci-i-aplikanci\/wp-content\/uploads\/sites\/2\/2025\/07\/Brown-We-Are-Closed-Notification-Instagram-Post-1024x1024.png\" alt=\"\" class=\"wp-image-6017\" style=\"width:621px;height:auto\" srcset=\"https:\/\/adwokatura.krakow.pl\/adwokaci-i-aplikanci\/wp-content\/uploads\/sites\/2\/2025\/07\/Brown-We-Are-Closed-Notification-Instagram-Post-1024x1024.png 1024w, https:\/\/adwokatura.krakow.pl\/adwokaci-i-aplikanci\/wp-content\/uploads\/sites\/2\/2025\/07\/Brown-We-Are-Closed-Notification-Instagram-Post-300x300.png 300w, https:\/\/adwokatura.krakow.pl\/adwokaci-i-aplikanci\/wp-content\/uploads\/sites\/2\/2025\/07\/Brown-We-Are-Closed-Notification-Instagram-Post-150x150.png 150w, https:\/\/adwokatura.krakow.pl\/adwokaci-i-aplikanci\/wp-content\/uploads\/sites\/2\/2025\/07\/Brown-We-Are-Closed-Notification-Instagram-Post-768x768.png 768w, https:\/\/adwokatura.krakow.pl\/adwokaci-i-aplikanci\/wp-content\/uploads\/sites\/2\/2025\/07\/Brown-We-Are-Closed-Notification-Instagram-Post.png 1080w\" sizes=\"auto, (max-width: 1024px) 100vw, 1024px\" \/><\/figure>\n","protected":false},"excerpt":{"rendered":"<p>Szanowni Pa\u0144stwo Dziekan Aleksander Gut informuje, w \u015blad za dzisiejsz\u0105 rozmow\u0105 z Panem Prezesem S\u0105du Okr\u0119gowego w Krakowie S\u0119dzi\u0105 Januszem Kawa\u0142kiem, \u017ce S\u0105d Okr\u0119gowy w Krakowie na skutek zg\u0142osze\u0144 i uwag dotycz\u0105cych skutk\u00f3w wprowadzenia integracji systemu Portalu S\u0105d\u00f3w Powszechnych, w zakresie traktowania Kole\u017canek i Koleg\u00f3w za pe\u0142nomocnik\u00f3w lub za stron\u0119, uwzgl\u0119dni\u0142 wszystkie uprzednie reklamacje. Prosz\u0119 [&hellip;]<\/p>\n","protected":false},"author":9,"featured_media":0,"comment_status":"closed","ping_status":"closed","sticky":false,"template":"","format":"standard","meta":{"_acf_changed":false,"inline_featured_image":false,"footnotes":""},"categories":[6],"tags":[],"class_list":["post-6016","post","type-post","status-publish","format-standard","hentry","category-artykuly"],"acf":[],"_links":{"self":[{"href":"https:\/\/adwokatura.krakow.pl\/adwokaci-i-aplikanci\/wp-json\/wp\/v2\/posts\/6016","targetHints":{"allow":["GET"]}}],"collection":[{"href":"https:\/\/adwokatura.krakow.pl\/adwokaci-i-aplikanci\/wp-json\/wp\/v2\/posts"}],"about":[{"href":"https:\/\/adwokatura.krakow.pl\/adwokaci-i-aplikanci\/wp-json\/wp\/v2\/types\/post"}],"author":[{"embeddable":true,"href":"https:\/\/adwokatura.krakow.pl\/adwokaci-i-aplikanci\/wp-json\/wp\/v2\/users\/9"}],"replies":[{"embeddable":true,"href":"https:\/\/adwokatura.krakow.pl\/adwokaci-i-aplikanci\/wp-json\/wp\/v2\/comments?post=6016"}],"version-history":[{"count":1,"href":"https:\/\/adwokatura.krakow.pl\/adwokaci-i-aplikanci\/wp-json\/wp\/v2\/posts\/6016\/revisions"}],"predecessor-version":[{"id":6018,"href":"https:\/\/adwokatura.krakow.pl\/adwokaci-i-aplikanci\/wp-json\/wp\/v2\/posts\/6016\/revisions\/6018"}],"wp:attachment":[{"href":"https:\/\/adwokatura.krakow.pl\/adwokaci-i-aplikanci\/wp-json\/wp\/v2\/media?parent=6016"}],"wp:term":[{"taxonomy":"category","embeddable":true,"href":"https:\/\/adwokatura.krakow.pl\/adwokaci-i-aplikanci\/wp-json\/wp\/v2\/categories?post=6016"},{"taxonomy":"post_tag","embeddable":true,"href":"https:\/\/adwokatura.krakow.pl\/adwokaci-i-aplikanci\/wp-json\/wp\/v2\/tags?post=6016"}],"curies":[{"name":"wp","href":"https:\/\/api.w.org\/{rel}","templated":true}]}}