{"id":6097,"date":"2025-07-17T15:17:24","date_gmt":"2025-07-17T13:17:24","guid":{"rendered":"https:\/\/adwokatura.krakow.pl\/adwokaci-i-aplikanci\/?p=6097"},"modified":"2025-07-17T15:17:24","modified_gmt":"2025-07-17T13:17:24","slug":"komunikat-dziekana-kia-ws-zgromadzenia-2025","status":"publish","type":"post","link":"https:\/\/adwokatura.krakow.pl\/adwokaci-i-aplikanci\/komunikat-dziekana-kia-ws-zgromadzenia-2025\/","title":{"rendered":"Komunikat Dziekana KIA ws. Zgromadzenia 2025"},"content":{"rendered":"\n<p>Szanowni Pa\u0144stwo<br>Cz\u0142onkowie Krakowskiej Izby Adwokackiej<\/p>\n\n\n\n<p>\u2705\u2705\u2705Z poczucia odpowiedzialno\u015bci za sprawy wsp\u00f3lne jako Dziekan KIA zwracam si\u0119 do Pa\u0144stwa z informacj\u0105 dotycz\u0105c\u0105 zmiany terminu Sprawozdawczego Zgromadzenia Krakowskiej Izby Adwokackiej, zaplanowanego pierwotnie na dzie\u0144 13 wrze\u015bnia 2025 roku, co zatwierdzono uchwa\u0142\u0105 Izby z dnia 10 czerwca br.<\/p>\n\n\n\n<p>\u2705\u2705\u2705Z przykro\u015bci\u0105 informuj\u0119, \u017ce w zwi\u0105zku z r\u00f3wnocze\u015bnie zaplanowanym pierwszym posiedzeniem nowo wybranej Naczelnej Rady Adwokackiej na dni 12-13 wrze\u015bnia 2025 roku w Radomiu jestem zmuszony rekomendowa\u0107 Radzie podj\u0119cie uchwa\u0142y o zmianie terminu Zgromadzenia KIA na dzie\u0144<br>20 wrze\u015bnia 2025 roku.<br><br>\u2705\u2705\u2705Decyzja ta wynika z konieczno\u015bci pogodzenia obowi\u0105zk\u00f3w samorz\u0105dowych, a jej podj\u0119cie umo\u017cliwi obecno\u015b\u0107 naszych reprezentacji w Posiedzeniu NRA i przeprowadzenie zgromadzenia izbowego. Obecno\u015b\u0107 przedstawicieli naszego samorz\u0105du na pierwszym Posiedzeniu NRA jest nie tylko zaszczytem, ale r\u00f3wnie\u017c naszym obowi\u0105zkiem.<\/p>\n\n\n\n<p>Dzi\u0119kuj\u0119 za zrozumienie i \u017cyczliwo\u015b\u0107<\/p>\n\n\n\n<p>adw. Aleksander Gut<br>Dziekan ORA w Krakowie<\/p>\n\n\n\n<p><\/p>\n","protected":false},"excerpt":{"rendered":"<p>Szanowni Pa\u0144stwoCz\u0142onkowie Krakowskiej Izby Adwokackiej \u2705\u2705\u2705Z poczucia odpowiedzialno\u015bci za sprawy wsp\u00f3lne jako Dziekan KIA zwracam si\u0119 do Pa\u0144stwa z informacj\u0105 dotycz\u0105c\u0105 zmiany terminu Sprawozdawczego Zgromadzenia Krakowskiej Izby Adwokackiej, zaplanowanego pierwotnie na dzie\u0144 13 wrze\u015bnia 2025 roku, co zatwierdzono uchwa\u0142\u0105 Izby z dnia 10 czerwca br. \u2705\u2705\u2705Z przykro\u015bci\u0105 informuj\u0119, \u017ce w zwi\u0105zku z r\u00f3wnocze\u015bnie zaplanowanym pierwszym [&hellip;]<\/p>\n","protected":false},"author":8,"featured_media":0,"comment_status":"closed","ping_status":"closed","sticky":false,"template":"","format":"standard","meta":{"_acf_changed":false,"inline_featured_image":false,"footnotes":""},"categories":[6],"tags":[],"class_list":["post-6097","post","type-post","status-publish","format-standard","hentry","category-artykuly"],"acf":[],"_links":{"self":[{"href":"https:\/\/adwokatura.krakow.pl\/adwokaci-i-aplikanci\/wp-json\/wp\/v2\/posts\/6097","targetHints":{"allow":["GET"]}}],"collection":[{"href":"https:\/\/adwokatura.krakow.pl\/adwokaci-i-aplikanci\/wp-json\/wp\/v2\/posts"}],"about":[{"href":"https:\/\/adwokatura.krakow.pl\/adwokaci-i-aplikanci\/wp-json\/wp\/v2\/types\/post"}],"author":[{"embeddable":true,"href":"https:\/\/adwokatura.krakow.pl\/adwokaci-i-aplikanci\/wp-json\/wp\/v2\/users\/8"}],"replies":[{"embeddable":true,"href":"https:\/\/adwokatura.krakow.pl\/adwokaci-i-aplikanci\/wp-json\/wp\/v2\/comments?post=6097"}],"version-history":[{"count":1,"href":"https:\/\/adwokatura.krakow.pl\/adwokaci-i-aplikanci\/wp-json\/wp\/v2\/posts\/6097\/revisions"}],"predecessor-version":[{"id":6098,"href":"https:\/\/adwokatura.krakow.pl\/adwokaci-i-aplikanci\/wp-json\/wp\/v2\/posts\/6097\/revisions\/6098"}],"wp:attachment":[{"href":"https:\/\/adwokatura.krakow.pl\/adwokaci-i-aplikanci\/wp-json\/wp\/v2\/media?parent=6097"}],"wp:term":[{"taxonomy":"category","embeddable":true,"href":"https:\/\/adwokatura.krakow.pl\/adwokaci-i-aplikanci\/wp-json\/wp\/v2\/categories?post=6097"},{"taxonomy":"post_tag","embeddable":true,"href":"https:\/\/adwokatura.krakow.pl\/adwokaci-i-aplikanci\/wp-json\/wp\/v2\/tags?post=6097"}],"curies":[{"name":"wp","href":"https:\/\/api.w.org\/{rel}","templated":true}]}}