{"id":6101,"date":"2025-07-28T11:05:06","date_gmt":"2025-07-28T09:05:06","guid":{"rendered":"https:\/\/adwokatura.krakow.pl\/adwokaci-i-aplikanci\/?p=6101"},"modified":"2025-07-28T11:05:06","modified_gmt":"2025-07-28T09:05:06","slug":"xxiii-splyw-adwokacki-brda-2025","status":"publish","type":"post","link":"https:\/\/adwokatura.krakow.pl\/adwokaci-i-aplikanci\/xxiii-splyw-adwokacki-brda-2025\/","title":{"rendered":"XXIII Sp\u0142yw Adwokacki Brd\u0105 2025"},"content":{"rendered":"\n<figure class=\"wp-block-image size-large is-resized\"><img loading=\"lazy\" decoding=\"async\" width=\"819\" height=\"1024\" src=\"https:\/\/adwokatura.krakow.pl\/adwokaci-i-aplikanci\/wp-content\/uploads\/sites\/2\/2025\/07\/92e9871e-3b2b-494e-9cfc-646a026b98a3-819x1024.jpg\" alt=\"\" class=\"wp-image-6102\" style=\"width:441px;height:auto\" srcset=\"https:\/\/adwokatura.krakow.pl\/adwokaci-i-aplikanci\/wp-content\/uploads\/sites\/2\/2025\/07\/92e9871e-3b2b-494e-9cfc-646a026b98a3-819x1024.jpg 819w, https:\/\/adwokatura.krakow.pl\/adwokaci-i-aplikanci\/wp-content\/uploads\/sites\/2\/2025\/07\/92e9871e-3b2b-494e-9cfc-646a026b98a3-240x300.jpg 240w, https:\/\/adwokatura.krakow.pl\/adwokaci-i-aplikanci\/wp-content\/uploads\/sites\/2\/2025\/07\/92e9871e-3b2b-494e-9cfc-646a026b98a3-768x960.jpg 768w, https:\/\/adwokatura.krakow.pl\/adwokaci-i-aplikanci\/wp-content\/uploads\/sites\/2\/2025\/07\/92e9871e-3b2b-494e-9cfc-646a026b98a3.jpg 1024w\" sizes=\"auto, (max-width: 819px) 100vw, 819px\" \/><\/figure>\n\n\n\n<p>Szanowni Pa\u0144stwo,<\/p>\n\n\n\n<p>serdecznie zapraszamy adwokat\u00f3w oraz aplikant\u00f3w adwokackich z Pa\u0144stwa Izby do udzia\u0142u w tegorocznej edycji Sp\u0142ywu Adwokackiego Brd\u0105, kt\u00f3ry odb\u0119dzie si\u0119 w dniach 31 lipca \u2013 3 sierpnia 2025 r.<\/p>\n\n\n\n<p>Wydarzenie to to nie tylko okazja do aktywnego wypoczynku i integracji w gronie \u015brodowiska adwokackiego, ale r\u00f3wnie\u017c mo\u017cliwo\u015b\u0107 oderwania si\u0119 od codziennych obowi\u0105zk\u00f3w i do\u015bwiadczenia przygody w pi\u0119knych okoliczno\u015bciach przyrody.<\/p>\n\n\n\n<p>\ud83d\udef6 NOWO\u015a\u0106! W tym roku oferujemy mo\u017cliwo\u015b\u0107 d\u0142u\u017cszego pobytu z rozszerzon\u0105 tras\u0105 sp\u0142ywu kajakowego!<\/p>\n\n\n\n<p>Dla ch\u0119tnych istnieje opcja rozpocz\u0119cia wydarzenia dzie\u0144 wcze\u015bniej \u2013 30 lipca.<\/p>\n\n\n\n<p>\u2e3b<\/p>\n\n\n\n<p>CENNIK:<\/p>\n\n\n\n<p>\u2022 od 31.07: 983 z\u0142<\/p>\n\n\n\n<p>\u2022 od 30.07 (z dodatkowym dniem i tras\u0105): 1268 z\u0142<\/p>\n\n\n\n<p>\u2e3b<\/p>\n\n\n\n<p>W ramach udzia\u0142u zapewniamy:<\/p>\n\n\n\n<p>\u2705 transport, kajaki, obs\u0142ug\u0119 ratownicz\u0105<\/p>\n\n\n\n<p>\u2705 pe\u0142ne wy\u017cywienie<\/p>\n\n\n\n<p>\u2705 nocleg na polu namiotowym \u201eMewa\u201d<\/p>\n\n\n\n<p>\u2e3b<\/p>\n\n\n\n<p>\ud83d\udce9 Zapisy i szczeg\u00f3\u0142y organizacyjne:<\/p>\n\n\n\n<p>\ud83d\udcde Beata Lorkowska-Kr\u00f3l<\/p>\n\n\n\n<p>tel. 501 098 759<\/p>\n\n\n\n<p>\u2709\ufe0f e-mail: <a href=\"mailto:integracja@ora.bydgoszcz.pl\">integracja@ora.bydgoszcz.pl<\/a><\/p>\n\n\n\n<p>\ud83d\udcde Marcin Kiedrowski<\/p>\n\n\n\n<p>tel. 605 954 863<\/p>\n\n\n\n<p>\u2709\ufe0f e-mail: <a href=\"mailto:marcin_kiedrowski@o2.pl\">marcin_kiedrowski@o2.pl<\/a><\/p>\n\n\n\n<p><em>Do zobaczenia na wodzie!\u00a0<\/em><\/p>\n\n\n\n<p><em>Z powa\u017caniem,<\/em><\/p>\n\n\n\n<p><em>Marcin Kiedrowski<\/em><\/p>\n\n\n\n<p><\/p>\n","protected":false},"excerpt":{"rendered":"<p>Szanowni Pa\u0144stwo, serdecznie zapraszamy adwokat\u00f3w oraz aplikant\u00f3w adwokackich z Pa\u0144stwa Izby do udzia\u0142u w tegorocznej edycji Sp\u0142ywu Adwokackiego Brd\u0105, kt\u00f3ry odb\u0119dzie si\u0119 w dniach 31 lipca \u2013 3 sierpnia 2025 r. Wydarzenie to to nie tylko okazja do aktywnego wypoczynku i integracji w gronie \u015brodowiska adwokackiego, ale r\u00f3wnie\u017c mo\u017cliwo\u015b\u0107 oderwania si\u0119 od codziennych obowi\u0105zk\u00f3w i [&hellip;]<\/p>\n","protected":false},"author":9,"featured_media":0,"comment_status":"closed","ping_status":"closed","sticky":false,"template":"","format":"standard","meta":{"_acf_changed":false,"inline_featured_image":false,"footnotes":""},"categories":[6],"tags":[],"class_list":["post-6101","post","type-post","status-publish","format-standard","hentry","category-artykuly"],"acf":[],"_links":{"self":[{"href":"https:\/\/adwokatura.krakow.pl\/adwokaci-i-aplikanci\/wp-json\/wp\/v2\/posts\/6101","targetHints":{"allow":["GET"]}}],"collection":[{"href":"https:\/\/adwokatura.krakow.pl\/adwokaci-i-aplikanci\/wp-json\/wp\/v2\/posts"}],"about":[{"href":"https:\/\/adwokatura.krakow.pl\/adwokaci-i-aplikanci\/wp-json\/wp\/v2\/types\/post"}],"author":[{"embeddable":true,"href":"https:\/\/adwokatura.krakow.pl\/adwokaci-i-aplikanci\/wp-json\/wp\/v2\/users\/9"}],"replies":[{"embeddable":true,"href":"https:\/\/adwokatura.krakow.pl\/adwokaci-i-aplikanci\/wp-json\/wp\/v2\/comments?post=6101"}],"version-history":[{"count":1,"href":"https:\/\/adwokatura.krakow.pl\/adwokaci-i-aplikanci\/wp-json\/wp\/v2\/posts\/6101\/revisions"}],"predecessor-version":[{"id":6103,"href":"https:\/\/adwokatura.krakow.pl\/adwokaci-i-aplikanci\/wp-json\/wp\/v2\/posts\/6101\/revisions\/6103"}],"wp:attachment":[{"href":"https:\/\/adwokatura.krakow.pl\/adwokaci-i-aplikanci\/wp-json\/wp\/v2\/media?parent=6101"}],"wp:term":[{"taxonomy":"category","embeddable":true,"href":"https:\/\/adwokatura.krakow.pl\/adwokaci-i-aplikanci\/wp-json\/wp\/v2\/categories?post=6101"},{"taxonomy":"post_tag","embeddable":true,"href":"https:\/\/adwokatura.krakow.pl\/adwokaci-i-aplikanci\/wp-json\/wp\/v2\/tags?post=6101"}],"curies":[{"name":"wp","href":"https:\/\/api.w.org\/{rel}","templated":true}]}}