{"id":6104,"date":"2025-07-28T11:06:33","date_gmt":"2025-07-28T09:06:33","guid":{"rendered":"https:\/\/adwokatura.krakow.pl\/adwokaci-i-aplikanci\/?p=6104"},"modified":"2025-07-28T11:13:34","modified_gmt":"2025-07-28T09:13:34","slug":"studia-podyplomowe-wspolczesne-prawo-spadkowe","status":"publish","type":"post","link":"https:\/\/adwokatura.krakow.pl\/adwokaci-i-aplikanci\/studia-podyplomowe-wspolczesne-prawo-spadkowe\/","title":{"rendered":"Studia podyplomowe &#8222;Wsp\u00f3\u0142czesne prawo spadkowe&#8221;"},"content":{"rendered":"\n<p>Szanowni Pa\u0144stwo,<\/p>\n\n\n\n<p>chcia\u0142bym serdecznie zaprosi\u0107 adwokat\u00f3w i aplikant\u00f3w adwokackim do uczestnictwa w kolejnej edycji studi\u00f3w podyplomowych \u201eWsp\u00f3\u0142czesne prawo spadkowe\u201d w roku akademickim 2025\/26. Organizatorem studi\u00f3w jest Katedra Prawa Cywilnego przy Wydziale Prawa i Administracji UJ w Krakowie.<\/p>\n\n\n\n<p>Zapisy na studia trwaj\u0105 od 1 lipca 2025 r. do wyczerpania miejsc, nie p\u00f3\u017aniej jednak ni\u017c do 18 wrze\u015bnia 2025 r. Wszystkie niezb\u0119dne informacje zawar\u0142em poni\u017cej w kr\u00f3tkim opisie studi\u00f3w, jak i mog\u0105 je r\u00f3wnie\u017c Pa\u0144stwo znale\u017a\u0107 na stronie internetowej studi\u00f3w (<a href=\"https:\/\/prawospadkowe.wpia.uj.edu.pl\/pl\">https:\/\/prawospadkowe.wpia.uj.edu.pl\/pl<\/a>) oraz w mediach spo\u0142eczno\u015bciowych (<a href=\"https:\/\/www.facebook.com\/PrawoSpadkoweUJ\">https:\/\/www.facebook.com\/PrawoSpadkoweUJ<\/a>).<\/p>\n\n\n\n<p>W sprawie wszelkich szczeg\u00f3\u0142\u00f3w mo\u017cna kontaktowa\u0107 si\u0119 z sekretarzem tych studi\u00f3w, dr. Kamilem Wielgusem (<a href=\"mailto:kamil.wielgus@uj.edu.pl\">kamil.wielgus@uj.edu.pl<\/a>).<\/p>\n\n\n\n<p>Opis studi\u00f3w:<\/p>\n\n\n\n<p>&nbsp;<em>Katedra Prawa Cywilnego UJ serdecznie zaprasza do uczestnictwa w rocznych studiach podyplomowych \u201eWsp\u00f3\u0142czesne prawo spadkowe\u201d w roku akademickim 2025\/26.<\/em><\/p>\n\n\n\n<p><em>Studia stanowi\u0105 kompleksowe nauczanie prawa spadkowego \u2013 w tym tego tradycyjnego polskiego i mi\u0119dzynarodowego, jak i z zakresu planowania sukcesyjnego. Obejmuje to zagadnienia cywilnoprawne, administracyjne, prawnopodatkowe, z uwzgl\u0119dnieniem praktyki notarialnej oraz s\u0119dziowskiej. Tematyka zjazd\u00f3w dotyczy tak\u017ce takich zagadnie\u0144 jak m.in. dziedziczenie praw i obowi\u0105zk\u00f3w w sp\u00f3\u0142kach prawa handlowego, zarz\u0105du sukcesyjnego oraz fundacji rodzinnej. Wyk\u0142adowcami s\u0105 pracownicy czo\u0142owych polskich uniwersytet\u00f3w (UJ, U\u015a, UG, UWM, UMCS), a ponadto notariusze, radcowie prawni, adwokaci i s\u0119dziowie.<\/em><\/p>\n\n\n\n<p><em>&nbsp;Zaj\u0119cia s\u0105 wi\u0119c nastawione na nauczanie praktyczne.<\/em><\/p>\n\n\n\n<p><em>&nbsp;Zaj\u0119cia odbywaj\u0105 si\u0119 od pa\u017adziernika 2025 r. do czerwca 2026 r. (dwa semestry). Terminy zaj\u0119\u0107 wypadaj\u0105 na co drug\u0105 lub co trzeci\u0105 sobot\u0119 od 9.30 do 19.00. B\u0119d\u0105 si\u0119 one odbywa\u0142y stacjonarnie w budynkach Wydzia\u0142u Prawa i Administracji Uniwersytetu Jagiello\u0144skiego w Krakowie. Uwzgl\u0119dniamy tak\u017ce mo\u017cliwo\u015b\u0107 uczestnictwa zdalnego<\/em><\/p>\n\n\n\n<p><em>Oferta studi\u00f3w jest kierowana do prawnik\u00f3w, jak i os\u00f3b wykonuj\u0105cych inne zawody wymagaj\u0105ce znajomo\u015bci prawa spadkowego. Jedynym wymogiem formalnym uczestnictwa w studiach jest posiadanie wykszta\u0142cenia wy\u017cszego.<\/em><\/p>\n\n\n\n<p><em>Op\u0142ata za studia podyplomowe wynosi 4600 z\u0142, p\u0142atna w dw\u00f3ch r\u00f3wnych ratach (pierwsza do 15 listopada 2025 r., a druga do 15 marca 2026 r.).<\/em><\/p>\n\n\n\n<p><strong><em>Zapisy na studia trwaj\u0105 od 1 lipca 2025 r. do wyczerpania miejsc, nie p\u00f3\u017aniej ni\u017c 18 wrze\u015bnia 2025 r.<\/em><\/strong><\/p>\n\n\n<a class=\"button button--brazowy-ze-strzalka\" href=\"https:\/\/prawospadkowe.wpia.uj.edu.pl\/strona-glowna\">\n        Pe\u0142ne informacje na temat studi\u00f3w:<\/a>\n\n\n<a class=\"button button--brazowy-ze-strzalka\" href=\"https:\/\/prawospadkowe.wpia.uj.edu.pl\/zapisy\">\n        \u00a0Zapisy:<\/a>\n\n\n<a class=\"button button--brazowy-ze-strzalka\" href=\"https:\/\/www.facebook.com\/PrawoSpadkoweUJ\">\n        \u00a0Media spo\u0142eczno\u015bciowe:<\/a>\n\n\n\n<p>Kontakt:<\/p>\n\n\n\n<p>prawospadkowe@uj.edu.pl<\/p>\n\n\n\n<p><\/p>\n\n\n\n<p><\/p>\n\n\n\n<p><em>Zach\u0119camy serdecznie do udzia\u0142u.<\/em><\/p>\n\n\n\n<p>prof. dr hab. Jerzy Pisuli\u0144ski<\/p>\n\n\n\n<p>Kierownik Katedry Prawa Cywilnego WPiA UJ<\/p>\n\n\n\n<p>Kierownik Studi\u00f3w Podyplomowych \u201eWsp\u00f3\u0142czesne prawo spadkowe&#8221;<\/p>\n","protected":false},"excerpt":{"rendered":"<p>Szanowni Pa\u0144stwo, chcia\u0142bym serdecznie zaprosi\u0107 adwokat\u00f3w i aplikant\u00f3w adwokackim do uczestnictwa w kolejnej edycji studi\u00f3w podyplomowych \u201eWsp\u00f3\u0142czesne prawo spadkowe\u201d w roku akademickim 2025\/26. Organizatorem studi\u00f3w jest Katedra Prawa Cywilnego przy Wydziale Prawa i Administracji UJ w Krakowie. Zapisy na studia trwaj\u0105 od 1 lipca 2025 r. do wyczerpania miejsc, nie p\u00f3\u017aniej jednak ni\u017c do 18 [&hellip;]<\/p>\n","protected":false},"author":9,"featured_media":0,"comment_status":"closed","ping_status":"closed","sticky":false,"template":"","format":"standard","meta":{"_acf_changed":false,"inline_featured_image":false,"footnotes":""},"categories":[6],"tags":[],"class_list":["post-6104","post","type-post","status-publish","format-standard","hentry","category-artykuly"],"acf":[],"_links":{"self":[{"href":"https:\/\/adwokatura.krakow.pl\/adwokaci-i-aplikanci\/wp-json\/wp\/v2\/posts\/6104","targetHints":{"allow":["GET"]}}],"collection":[{"href":"https:\/\/adwokatura.krakow.pl\/adwokaci-i-aplikanci\/wp-json\/wp\/v2\/posts"}],"about":[{"href":"https:\/\/adwokatura.krakow.pl\/adwokaci-i-aplikanci\/wp-json\/wp\/v2\/types\/post"}],"author":[{"embeddable":true,"href":"https:\/\/adwokatura.krakow.pl\/adwokaci-i-aplikanci\/wp-json\/wp\/v2\/users\/9"}],"replies":[{"embeddable":true,"href":"https:\/\/adwokatura.krakow.pl\/adwokaci-i-aplikanci\/wp-json\/wp\/v2\/comments?post=6104"}],"version-history":[{"count":5,"href":"https:\/\/adwokatura.krakow.pl\/adwokaci-i-aplikanci\/wp-json\/wp\/v2\/posts\/6104\/revisions"}],"predecessor-version":[{"id":6112,"href":"https:\/\/adwokatura.krakow.pl\/adwokaci-i-aplikanci\/wp-json\/wp\/v2\/posts\/6104\/revisions\/6112"}],"wp:attachment":[{"href":"https:\/\/adwokatura.krakow.pl\/adwokaci-i-aplikanci\/wp-json\/wp\/v2\/media?parent=6104"}],"wp:term":[{"taxonomy":"category","embeddable":true,"href":"https:\/\/adwokatura.krakow.pl\/adwokaci-i-aplikanci\/wp-json\/wp\/v2\/categories?post=6104"},{"taxonomy":"post_tag","embeddable":true,"href":"https:\/\/adwokatura.krakow.pl\/adwokaci-i-aplikanci\/wp-json\/wp\/v2\/tags?post=6104"}],"curies":[{"name":"wp","href":"https:\/\/api.w.org\/{rel}","templated":true}]}}