{"id":6119,"date":"2025-07-29T13:58:12","date_gmt":"2025-07-29T11:58:12","guid":{"rendered":"https:\/\/adwokatura.krakow.pl\/adwokaci-i-aplikanci\/?p=6119"},"modified":"2025-07-29T13:58:12","modified_gmt":"2025-07-29T11:58:12","slug":"vi-otwarte-mistrzostwa-polski-radcow-prawnych-w-koszykowce","status":"publish","type":"post","link":"https:\/\/adwokatura.krakow.pl\/adwokaci-i-aplikanci\/vi-otwarte-mistrzostwa-polski-radcow-prawnych-w-koszykowce\/","title":{"rendered":"VI Otwarte Mistrzostwa Polski Radc\u00f3w Prawnych w Koszyk\u00f3wce"},"content":{"rendered":"\n<p>Zapraszamy na kolejn\u0105 edycj\u0119 turnieju !<\/p>\n\n\n\n<p>Podajemy agend\u0119 turnieju.<\/p>\n\n\n\n<p><strong>AGENDA TURNIEJU<\/strong><\/p>\n\n\n\n<p>29-30.11.2025 GLIWICE<\/p>\n\n\n\n<p>\u015awiadczenia:<\/p>\n\n\n\n<p>-bezp\u0142atny dost\u0119p do si\u0142owni zawodnik plus 1 os. Towarzysz\u0105ca .\/sobota, niedziela\/<\/p>\n\n\n\n<p>-lunch sobota 14-17 strefa VIP ,<\/p>\n\n\n\n<p>-sobota godz. 21.15 kolacja na basenie, siatk\u00f3wka basenowa i 3 pokazy sunerskie 21.30, 22.30, 23.30 \/impreza od 21.00 do godz.1.00\/ przy saunach owoce i woda mineralna<\/p>\n\n\n\n<p>-mineralna dla zawodnik\u00f3w<\/p>\n\n\n\n<p>&#8211; osoby towarzysz\u0105ce op\u0142ata za imprez\u0119 basenow\u0105 100 z\u0142,<\/p>\n\n\n\n<p>-wpisowe 220 z\u0142 , a aplikanci 120 z\u0142<\/p>\n\n\n\n<p>P\u0142atno\u015bci mo\u017cliwe na miejscu w kasie recepcji \u2013 got\u00f3wk\u0105 lub kart\u0105<\/p>\n\n\n\n<p><strong>SOBOTA<\/strong><\/p>\n\n\n\n<p>10.00 -spotkanie kapitan\u00f3w dru\u017cyn -strefa VIP \/ustalenie zasad gry oraz losowanie\/ I pi\u0119tro,<\/p>\n\n\n\n<p>i rejestracja zawodnik\u00f3w w recepcji parter \/obiekt JASNA 31\/<\/p>\n\n\n\n<p>10.30 -otwarcie zawod\u00f3w &#8211; hala JASNA 31<\/p>\n\n\n\n<p>11.00 \u2013 19.00 GRY<\/p>\n\n\n\n<p>-hala ul. JASNA 31 lub hala KASZUBSKA 28 \/odleg\u0142o\u015b\u0107 mi\u0119dzy obiektami ok.1000m\/<\/p>\n\n\n\n<p>-bezp\u0142atny dost\u0119p do si\u0142owni zawodnik plus 1 os. towarzysz\u0105ca<\/p>\n\n\n\n<p>-bar kawowy STREFA VIP I pi\u0119tro- 9.00 -17.00<\/p>\n\n\n\n<p>-godz.14.00 do 17.00 \u2013 LUNCH STREFA VIP -HALA JASNA 31 I PI\u0118TRO<\/p>\n\n\n\n<p>-21.00 \u2013 dost\u0119p do basenu i strefy spa<\/p>\n\n\n\n<p>-21.00 player\u2019s party na basenie \/str\u00f3j wizytowy tzn. k\u0105piel\u00f3wki i klapki\/, w tym:<\/p>\n\n\n\n<p>&#8211; 3 pokazy saunerskie<\/p>\n\n\n\n<p>&#8211; kolacja z napojami energetyzuj\u0105cymi od 21.15<\/p>\n\n\n\n<p><strong>NIEDZIELA<\/strong><\/p>\n\n\n\n<p>10.00- 15.00 GRY<\/p>\n\n\n\n<p>&#8211; hala JASNA 31 -P\u00d3\u0141FINA\u0141Y, FINA\u0141Y i o gra o TRZECIE MIEJSCE\/<\/p>\n\n\n\n<p>-hala KASZUBSKA 28 \u2013 turniej STREETBALLA 10.00-14.00<\/p>\n\n\n\n<p>-bezp\u0142atny dost\u0119p do si\u0142owni zawodnik plus 1 os. towarzysz\u0105ca<\/p>\n\n\n\n<p>-bar kawowy STREFA VIP I pi\u0119tro- 9.00 -13.00<\/p>\n\n\n\n<p>14.00 -15.00- Wr\u0119czenie medali i puchar\u00f3w -hala JASNA 31<\/p>\n\n\n\n<p>Zapisy ruszy\u0142y !<\/p>\n\n\n\n<p>Mo\u017cna r\u00f3wnie\u017c rezerwowa\u0107 ju\u017c pokoje na Jasnej 31.<\/p>\n\n\n\n<p>Informacje przes\u0142ano do kapitan\u00f3w dru\u017cyn, kt\u00f3re bra\u0142y ju\u017c udzia\u0142.<\/p>\n\n\n\n<p>Limit dru\u017cyn ograniczony &#8211; decyduje kolejno\u015b\u0107 zg\u0142oszenia!<\/p>\n\n\n\n<p>Zapraszamy.<\/p>\n\n\n\n<p>Szczeg\u00f3\u0142owe informacje uka\u017c\u0105 si\u0119 na stronie www. OIRP w Katowicach.<\/p>\n\n\n\n<p><em>Piotr Zarzecki\u00a0<a href=\"http:\/\/r.pr\/?fbclid=IwZXh0bgNhZW0CMTAAYnJpZBEwYm1POFA3OEh4djJPeTFrRwEeHOzptxBDdT40-DLg7ART3-AAEVSaNrd_Ug1aT5vON6daRni1Mh1h7RgNBEo_aem_9ZSArTkP4QnlLDyabTGQaA\" target=\"_blank\" rel=\"noreferrer noopener\">r.pr.<\/a><\/em><\/p>\n\n\n\n<p><em>Przewodnicz\u0105cy Komisji Integracji<\/em><\/p>\n\n\n\n<p><em>OIRP w Katowicach<\/em><\/p>\n\n\n\n<figure class=\"wp-block-image size-large is-resized\"><img loading=\"lazy\" decoding=\"async\" width=\"729\" height=\"1024\" src=\"https:\/\/adwokatura.krakow.pl\/adwokaci-i-aplikanci\/wp-content\/uploads\/sites\/2\/2025\/07\/518719282_1062102082773291_402886979979410210_n-729x1024.jpg\" alt=\"\" class=\"wp-image-6120\" style=\"width:532px;height:auto\" srcset=\"https:\/\/adwokatura.krakow.pl\/adwokaci-i-aplikanci\/wp-content\/uploads\/sites\/2\/2025\/07\/518719282_1062102082773291_402886979979410210_n-729x1024.jpg 729w, https:\/\/adwokatura.krakow.pl\/adwokaci-i-aplikanci\/wp-content\/uploads\/sites\/2\/2025\/07\/518719282_1062102082773291_402886979979410210_n-213x300.jpg 213w, https:\/\/adwokatura.krakow.pl\/adwokaci-i-aplikanci\/wp-content\/uploads\/sites\/2\/2025\/07\/518719282_1062102082773291_402886979979410210_n-768x1080.jpg 768w, https:\/\/adwokatura.krakow.pl\/adwokaci-i-aplikanci\/wp-content\/uploads\/sites\/2\/2025\/07\/518719282_1062102082773291_402886979979410210_n-1093x1536.jpg 1093w, https:\/\/adwokatura.krakow.pl\/adwokaci-i-aplikanci\/wp-content\/uploads\/sites\/2\/2025\/07\/518719282_1062102082773291_402886979979410210_n.jpg 1457w\" sizes=\"auto, (max-width: 729px) 100vw, 729px\" \/><\/figure>\n","protected":false},"excerpt":{"rendered":"<p>Zapraszamy na kolejn\u0105 edycj\u0119 turnieju ! Podajemy agend\u0119 turnieju. AGENDA TURNIEJU 29-30.11.2025 GLIWICE \u015awiadczenia: -bezp\u0142atny dost\u0119p do si\u0142owni zawodnik plus 1 os. Towarzysz\u0105ca .\/sobota, niedziela\/ -lunch sobota 14-17 strefa VIP , -sobota godz. 21.15 kolacja na basenie, siatk\u00f3wka basenowa i 3 pokazy sunerskie 21.30, 22.30, 23.30 \/impreza od 21.00 do godz.1.00\/ przy saunach owoce i [&hellip;]<\/p>\n","protected":false},"author":9,"featured_media":0,"comment_status":"closed","ping_status":"closed","sticky":false,"template":"","format":"standard","meta":{"_acf_changed":false,"inline_featured_image":false,"footnotes":""},"categories":[6],"tags":[],"class_list":["post-6119","post","type-post","status-publish","format-standard","hentry","category-artykuly"],"acf":[],"_links":{"self":[{"href":"https:\/\/adwokatura.krakow.pl\/adwokaci-i-aplikanci\/wp-json\/wp\/v2\/posts\/6119","targetHints":{"allow":["GET"]}}],"collection":[{"href":"https:\/\/adwokatura.krakow.pl\/adwokaci-i-aplikanci\/wp-json\/wp\/v2\/posts"}],"about":[{"href":"https:\/\/adwokatura.krakow.pl\/adwokaci-i-aplikanci\/wp-json\/wp\/v2\/types\/post"}],"author":[{"embeddable":true,"href":"https:\/\/adwokatura.krakow.pl\/adwokaci-i-aplikanci\/wp-json\/wp\/v2\/users\/9"}],"replies":[{"embeddable":true,"href":"https:\/\/adwokatura.krakow.pl\/adwokaci-i-aplikanci\/wp-json\/wp\/v2\/comments?post=6119"}],"version-history":[{"count":1,"href":"https:\/\/adwokatura.krakow.pl\/adwokaci-i-aplikanci\/wp-json\/wp\/v2\/posts\/6119\/revisions"}],"predecessor-version":[{"id":6121,"href":"https:\/\/adwokatura.krakow.pl\/adwokaci-i-aplikanci\/wp-json\/wp\/v2\/posts\/6119\/revisions\/6121"}],"wp:attachment":[{"href":"https:\/\/adwokatura.krakow.pl\/adwokaci-i-aplikanci\/wp-json\/wp\/v2\/media?parent=6119"}],"wp:term":[{"taxonomy":"category","embeddable":true,"href":"https:\/\/adwokatura.krakow.pl\/adwokaci-i-aplikanci\/wp-json\/wp\/v2\/categories?post=6119"},{"taxonomy":"post_tag","embeddable":true,"href":"https:\/\/adwokatura.krakow.pl\/adwokaci-i-aplikanci\/wp-json\/wp\/v2\/tags?post=6119"}],"curies":[{"name":"wp","href":"https:\/\/api.w.org\/{rel}","templated":true}]}}