{"id":6123,"date":"2025-07-30T10:27:19","date_gmt":"2025-07-30T08:27:19","guid":{"rendered":"https:\/\/adwokatura.krakow.pl\/adwokaci-i-aplikanci\/?p=6123"},"modified":"2025-07-30T10:27:20","modified_gmt":"2025-07-30T08:27:20","slug":"konferencji-pt-dowodzenie-w-zamowieniach-publicznych","status":"publish","type":"post","link":"https:\/\/adwokatura.krakow.pl\/adwokaci-i-aplikanci\/konferencji-pt-dowodzenie-w-zamowieniach-publicznych\/","title":{"rendered":"Konferencji pt. \u201eDowodzenie w zam\u00f3wieniach publicznych\u201d"},"content":{"rendered":"\n<p>W imieniu organizator\u00f3w, Katedry Publicznego Prawa Gospodarczego i Polityki Gospodarczej UJ oraz Katedry Post\u0119powania Administracyjnego UJ, uprzejmie informujemy o organizacji dwudniowej konferencji pt. \u201eDowodzenie w zam\u00f3wieniach publicznych\u201d. Wydarzenie to odb\u0119dzie si\u0119 w dniach 4-5 wrze\u015bnia 2025 roku na Wydziale Prawa i Administracji Uniwersytetu Jagiello\u0144skiego w Krakowie. Wierzymy, \u017ce tematyka konferencji, skupiaj\u0105ca si\u0119 na kluczowych aspektach dowodzenia w zam\u00f3wieniach publicznych, b\u0119dzie szczeg\u00f3lnie interesuj\u0105ca i warto\u015bciowa dla cz\u0142onk\u00f3w Izby, jako \u017ce pog\u0142\u0119biona wiedza w tym obszarze jest kluczowa dla skutecznej praktyki.<\/p>\n\n\n\n<p>Szczeg\u00f3\u0142owe informacje oraz formularz zg\u0142oszeniowy dost\u0119pne s\u0105 na stronie: <a href=\"https:\/\/ppg.wpia.uj.edu.pl\/pl_PL\/dowodzenie-w-zamowieniach-publicznych\">https:\/\/ppg.wpia.uj.edu.pl\/dowodzenie-w-zamowieniach-publicznych<\/a>. <\/p>\n\n\n\n<p><strong>Zg\u0142oszenia przyjmowane s\u0105 do 25 sierpnia 2025 roku.<\/strong><\/p>\n\n\n\n<p><\/p>\n\n\n\n<p>Z wyrazami szacunku,<\/p>\n\n\n\n<p>W imieniu organizator\u00f3w<\/p>\n\n\n\n<p><em>dr hab. Marta Roma\u0144ska, prof. UJ<\/em><\/p>\n\n\n\n<p><em>Przewodnicz\u0105ca Komitetu Organizacyjnego<\/em><\/p>\n\n\n<div class=\"zalaczniki\">\n    \n    <div class=\"zalaczniki__wrap\">\n                        <div class=\"zalaczniki__single\">\n                <div class=\"zalaczniki__first\">\n                    <p class=\"zalaczniki__title\">\n                                                    ZAPROSZENIE                                            <\/p>\n                    <p class=\"zalaczniki__file-name\">\n                                                    zaproszenie-adwokaci.pdf                                            <\/p>\n                <\/div>\n                <div class=\"zalaczniki__middle\">\n                                        <a href=\"https:\/\/adwokatura.krakow.pl\/adwokaci-i-aplikanci\/wp-content\/uploads\/sites\/2\/2025\/07\/zaproszenie-adwokaci.pdf\">Zobacz plik<\/a>\n                                    <\/div>\n                <div class=\"zalaczniki__last\">\n                                        <a download href=\"https:\/\/adwokatura.krakow.pl\/adwokaci-i-aplikanci\/wp-content\/uploads\/sites\/2\/2025\/07\/zaproszenie-adwokaci.pdf\">\n                            <img decoding=\"async\" src=\"https:\/\/adwokatura.krakow.pl\/adwokaci-i-aplikanci\/wp-content\/themes\/kia\/dist\/images\/download.svg\" alt=\"download\">\n                        <\/a>\n                                    <\/div>\n               \n            <\/div>\n                    <div class=\"zalaczniki__single\">\n                <div class=\"zalaczniki__first\">\n                    <p class=\"zalaczniki__title\">\n                                                    ZASADY                                            <\/p>\n                    <p class=\"zalaczniki__file-name\">\n                                                    zasady-zapisu-i-program.pdf                                            <\/p>\n                <\/div>\n                <div class=\"zalaczniki__middle\">\n                                        <a href=\"https:\/\/adwokatura.krakow.pl\/adwokaci-i-aplikanci\/wp-content\/uploads\/sites\/2\/2025\/07\/zasady-zapisu-i-program.pdf\">Zobacz plik<\/a>\n                                    <\/div>\n                <div class=\"zalaczniki__last\">\n                                        <a download href=\"https:\/\/adwokatura.krakow.pl\/adwokaci-i-aplikanci\/wp-content\/uploads\/sites\/2\/2025\/07\/zasady-zapisu-i-program.pdf\">\n                            <img decoding=\"async\" src=\"https:\/\/adwokatura.krakow.pl\/adwokaci-i-aplikanci\/wp-content\/themes\/kia\/dist\/images\/download.svg\" alt=\"download\">\n                        <\/a>\n                                    <\/div>\n               \n            <\/div>\n                <\/div>\n<\/div>","protected":false},"excerpt":{"rendered":"<p>W imieniu organizator\u00f3w, Katedry Publicznego Prawa Gospodarczego i Polityki Gospodarczej UJ oraz Katedry Post\u0119powania Administracyjnego UJ, uprzejmie informujemy o organizacji dwudniowej konferencji pt. \u201eDowodzenie w zam\u00f3wieniach publicznych\u201d. Wydarzenie to odb\u0119dzie si\u0119 w dniach 4-5 wrze\u015bnia 2025 roku na Wydziale Prawa i Administracji Uniwersytetu Jagiello\u0144skiego w Krakowie. Wierzymy, \u017ce tematyka konferencji, skupiaj\u0105ca si\u0119 na kluczowych aspektach [&hellip;]<\/p>\n","protected":false},"author":9,"featured_media":0,"comment_status":"closed","ping_status":"closed","sticky":false,"template":"","format":"standard","meta":{"_acf_changed":false,"inline_featured_image":false,"footnotes":""},"categories":[6],"tags":[],"class_list":["post-6123","post","type-post","status-publish","format-standard","hentry","category-artykuly"],"acf":[],"_links":{"self":[{"href":"https:\/\/adwokatura.krakow.pl\/adwokaci-i-aplikanci\/wp-json\/wp\/v2\/posts\/6123","targetHints":{"allow":["GET"]}}],"collection":[{"href":"https:\/\/adwokatura.krakow.pl\/adwokaci-i-aplikanci\/wp-json\/wp\/v2\/posts"}],"about":[{"href":"https:\/\/adwokatura.krakow.pl\/adwokaci-i-aplikanci\/wp-json\/wp\/v2\/types\/post"}],"author":[{"embeddable":true,"href":"https:\/\/adwokatura.krakow.pl\/adwokaci-i-aplikanci\/wp-json\/wp\/v2\/users\/9"}],"replies":[{"embeddable":true,"href":"https:\/\/adwokatura.krakow.pl\/adwokaci-i-aplikanci\/wp-json\/wp\/v2\/comments?post=6123"}],"version-history":[{"count":1,"href":"https:\/\/adwokatura.krakow.pl\/adwokaci-i-aplikanci\/wp-json\/wp\/v2\/posts\/6123\/revisions"}],"predecessor-version":[{"id":6126,"href":"https:\/\/adwokatura.krakow.pl\/adwokaci-i-aplikanci\/wp-json\/wp\/v2\/posts\/6123\/revisions\/6126"}],"wp:attachment":[{"href":"https:\/\/adwokatura.krakow.pl\/adwokaci-i-aplikanci\/wp-json\/wp\/v2\/media?parent=6123"}],"wp:term":[{"taxonomy":"category","embeddable":true,"href":"https:\/\/adwokatura.krakow.pl\/adwokaci-i-aplikanci\/wp-json\/wp\/v2\/categories?post=6123"},{"taxonomy":"post_tag","embeddable":true,"href":"https:\/\/adwokatura.krakow.pl\/adwokaci-i-aplikanci\/wp-json\/wp\/v2\/tags?post=6123"}],"curies":[{"name":"wp","href":"https:\/\/api.w.org\/{rel}","templated":true}]}}