{"id":6127,"date":"2025-09-05T10:54:00","date_gmt":"2025-09-05T08:54:00","guid":{"rendered":"https:\/\/adwokatura.krakow.pl\/adwokaci-i-aplikanci\/?p=6127"},"modified":"2025-09-05T11:44:41","modified_gmt":"2025-09-05T09:44:41","slug":"zaproszenie-na-xiv-rajd-nordic-walking-2025","status":"publish","type":"post","link":"https:\/\/adwokatura.krakow.pl\/adwokaci-i-aplikanci\/zaproszenie-na-xiv-rajd-nordic-walking-2025\/","title":{"rendered":"Zaproszenie na XIV Rajd Nordic Walking 2025"},"content":{"rendered":"\n<p><strong>Kole\u017canki i Koledzy,<\/strong><\/p>\n\n\n\n<p>Serdecznie zapraszamy wraz z dziekanem\u00a0Okr\u0119gowej Rady Adwokackiej w Szczecinie adw. Piotrem Dobro\u0142owiczem <strong><em>na XIV Og\u00f3lnopolski Adwokacki Rajd Nordic Walking 2025<\/em><\/strong><em>.<\/em><\/p>\n\n\n\n<p>Impreza odb\u0119dzie si\u0119 w dniach <strong>18-20.09.2025 r.<\/strong> tradycyjnie w Ko\u0142obrzegu, gdzie go\u015bci\u0107 nas b\u0119dzie hotel 5* Aquarius. W tym roku&nbsp;nie omieszkamy r\u00f3wnie\u017c skorzysta\u0107 z fotobudki 360 &#8211; jak w ubieg\u0142ym roku!!!&nbsp;<\/p>\n\n\n\n<p>Jak zawsze postaram si\u0119 o szereg atrakcji oraz ciekawe szkolenie\/spotkanie zawodowe (szczeg\u00f3\u0142owy zakres zostanie podany w p\u00f3\u017aniejszym terminie)<\/p>\n\n\n\n<p>Liczba miejsc jest ograniczona. <strong><em>ZAPISY czas start!!!<\/em><\/strong><\/p>\n\n\n\n<p>Szczeg\u00f3\u0142y w za\u0142\u0105czniku.<\/p>\n\n\n\n<p><em>Serdecznie zapraszamy.<\/em><\/p>\n\n\n\n<p><em>Komisja Integracji \u015arodowiskowej Szczeci\u0144skiej Izby Adwokackiej<\/em><br><em>adw. Agnieszka Aleksandruk-Dutkiewicz<\/em><\/p>\n\n\n\n<p>&nbsp;&#8230;&#8230;&#8230;&#8230;&#8230;&#8230;&#8230;&#8230;&#8230;&#8230;&#8230;&#8230;&#8230;&#8230;&#8230;&#8230;&#8230;<\/p>\n\n\n<div class=\"zalaczniki\">\n    \n    <div class=\"zalaczniki__wrap\">\n                        <div class=\"zalaczniki__single\">\n                <div class=\"zalaczniki__first\">\n                    <p class=\"zalaczniki__title\">\n                                                    ZAPROSZENIE                                            <\/p>\n                    <p class=\"zalaczniki__file-name\">\n                                                    Adwokacki-Rajd-Nordic-Walking-Zaproszenie.pdf                                            <\/p>\n                <\/div>\n                <div class=\"zalaczniki__middle\">\n                                        <a href=\"https:\/\/adwokatura.krakow.pl\/adwokaci-i-aplikanci\/wp-content\/uploads\/sites\/2\/2025\/07\/Adwokacki-Rajd-Nordic-Walking-Zaproszenie.pdf\">Zobacz plik<\/a>\n                                    <\/div>\n                <div class=\"zalaczniki__last\">\n                                        <a download href=\"https:\/\/adwokatura.krakow.pl\/adwokaci-i-aplikanci\/wp-content\/uploads\/sites\/2\/2025\/07\/Adwokacki-Rajd-Nordic-Walking-Zaproszenie.pdf\">\n                            <img decoding=\"async\" src=\"https:\/\/adwokatura.krakow.pl\/adwokaci-i-aplikanci\/wp-content\/themes\/kia\/dist\/images\/download.svg\" alt=\"download\">\n                        <\/a>\n                                    <\/div>\n               \n            <\/div>\n                    <div class=\"zalaczniki__single\">\n                <div class=\"zalaczniki__first\">\n                    <p class=\"zalaczniki__title\">\n                                                    FORMULARZ                                            <\/p>\n                    <p class=\"zalaczniki__file-name\">\n                                                    formularz-Kolobrzeg-2025.doc                                            <\/p>\n                <\/div>\n                <div class=\"zalaczniki__middle\">\n                                        <a href=\"https:\/\/adwokatura.krakow.pl\/adwokaci-i-aplikanci\/wp-content\/uploads\/sites\/2\/2025\/07\/formularz-Kolobrzeg-2025.doc\">Zobacz plik<\/a>\n                                    <\/div>\n                <div class=\"zalaczniki__last\">\n                                        <a download href=\"https:\/\/adwokatura.krakow.pl\/adwokaci-i-aplikanci\/wp-content\/uploads\/sites\/2\/2025\/07\/formularz-Kolobrzeg-2025.doc\">\n                            <img decoding=\"async\" src=\"https:\/\/adwokatura.krakow.pl\/adwokaci-i-aplikanci\/wp-content\/themes\/kia\/dist\/images\/download.svg\" alt=\"download\">\n                        <\/a>\n                                    <\/div>\n               \n            <\/div>\n                <\/div>\n<\/div>","protected":false},"excerpt":{"rendered":"<p>Kole\u017canki i Koledzy, Serdecznie zapraszamy wraz z dziekanem\u00a0Okr\u0119gowej Rady Adwokackiej w Szczecinie adw. Piotrem Dobro\u0142owiczem na XIV Og\u00f3lnopolski Adwokacki Rajd Nordic Walking 2025. Impreza odb\u0119dzie si\u0119 w dniach 18-20.09.2025 r. tradycyjnie w Ko\u0142obrzegu, gdzie go\u015bci\u0107 nas b\u0119dzie hotel 5* Aquarius. W tym roku&nbsp;nie omieszkamy r\u00f3wnie\u017c skorzysta\u0107 z fotobudki 360 &#8211; jak w ubieg\u0142ym roku!!!&nbsp; Jak [&hellip;]<\/p>\n","protected":false},"author":9,"featured_media":0,"comment_status":"closed","ping_status":"closed","sticky":false,"template":"","format":"standard","meta":{"_acf_changed":false,"inline_featured_image":false,"footnotes":""},"categories":[6],"tags":[],"class_list":["post-6127","post","type-post","status-publish","format-standard","hentry","category-artykuly"],"acf":[],"_links":{"self":[{"href":"https:\/\/adwokatura.krakow.pl\/adwokaci-i-aplikanci\/wp-json\/wp\/v2\/posts\/6127","targetHints":{"allow":["GET"]}}],"collection":[{"href":"https:\/\/adwokatura.krakow.pl\/adwokaci-i-aplikanci\/wp-json\/wp\/v2\/posts"}],"about":[{"href":"https:\/\/adwokatura.krakow.pl\/adwokaci-i-aplikanci\/wp-json\/wp\/v2\/types\/post"}],"author":[{"embeddable":true,"href":"https:\/\/adwokatura.krakow.pl\/adwokaci-i-aplikanci\/wp-json\/wp\/v2\/users\/9"}],"replies":[{"embeddable":true,"href":"https:\/\/adwokatura.krakow.pl\/adwokaci-i-aplikanci\/wp-json\/wp\/v2\/comments?post=6127"}],"version-history":[{"count":1,"href":"https:\/\/adwokatura.krakow.pl\/adwokaci-i-aplikanci\/wp-json\/wp\/v2\/posts\/6127\/revisions"}],"predecessor-version":[{"id":6130,"href":"https:\/\/adwokatura.krakow.pl\/adwokaci-i-aplikanci\/wp-json\/wp\/v2\/posts\/6127\/revisions\/6130"}],"wp:attachment":[{"href":"https:\/\/adwokatura.krakow.pl\/adwokaci-i-aplikanci\/wp-json\/wp\/v2\/media?parent=6127"}],"wp:term":[{"taxonomy":"category","embeddable":true,"href":"https:\/\/adwokatura.krakow.pl\/adwokaci-i-aplikanci\/wp-json\/wp\/v2\/categories?post=6127"},{"taxonomy":"post_tag","embeddable":true,"href":"https:\/\/adwokatura.krakow.pl\/adwokaci-i-aplikanci\/wp-json\/wp\/v2\/tags?post=6127"}],"curies":[{"name":"wp","href":"https:\/\/api.w.org\/{rel}","templated":true}]}}